{"id":885,"date":"2018-06-29T13:37:24","date_gmt":"2018-06-29T13:37:24","guid":{"rendered":"https:\/\/labcom.ubi.pt\/?p=885"},"modified":"2022-10-07T14:15:28","modified_gmt":"2022-10-07T14:15:28","slug":"culturas-definicoes-desafios-percursos","status":"publish","type":"post","link":"https:\/\/labcom.ubi.pt\/en\/culturas-definicoes-desafios-percursos\/","title":{"rendered":"CULTURA(S): DEFINI\u00c7\u00d5ES, DESAFIOS, PERCURSOS"},"content":{"rendered":"<div class=\"itemCorpoLivro\"><\/div>\n<p>A aposta nos estudos da cultura foi cedo entendida pela Universidade da Beira Interior e pela sua Faculdade de Artes e Letras como uma diretriz estrat\u00e9gica, que vinha dar resposta a demandas de ordem e natureza diversas que h\u00e1 muito se faziam sentir. Essas necessidades n\u00e3o vinham apenas do exterior, traduzindo o reconhecimento crescente que \u00e0 cultura era devido nas mais diversas esferas da vida em comunidade \u2013 pol\u00edtica, social, econ\u00f3mica. Foram tamb\u00e9m necessidades de outra \u00edndole, de natureza end\u00f3gena, traduzindo desta feita uma ideia de comunidade que, enquanto academia, desej\u00e1vamos e desejamos ser, indicando de permeio um novo e decisivo impulso que pretend\u00edamos dar \u00e0 investiga\u00e7\u00e3o em cultura, aos seus fen\u00f3menos respetivos e aos seus m\u00faltiplos e riqu\u00edssimos desdobramentos.<\/p>\n<p>(&#8230;)<\/p>\n<p>O presente livro funciona como mais um passo dado em todo este trajeto. De facto, s\u00e3o j\u00e1 v\u00e1rias as publica\u00e7\u00f5es que lev\u00e1mos a cabo, mas, nestas p\u00e1ginas, fica particularmente patente a \u201cvida \u00edntima\u201d, por assim dizer, do trabalho que se tem realizado na Universidade da Beira Interior com base quer na Licenciatura em Ci\u00eancias da Cultura, quer no Mestrado em Estudos de Cultura, um trabalho m\u00faltiplo e diversificado, que abrange a reflex\u00e3o te\u00f3rica e as preocupa\u00e7\u00f5es pedag\u00f3gicas, assim como o interc\u00e2mbio de experi\u00eancias com muitas institui\u00e7\u00f5es e personalidades que se dedicam a estas mat\u00e9rias. Como j\u00e1 se referiu, esta colabora\u00e7\u00e3o com os agentes culturais n\u00e3o se esgota nas desejadas cumplicidades regionais, alargando-se a todo o pa\u00eds, bem como ao estrangeiro, seja na sua vertente europeia, seja na brasileira. Contudo, tal e como neste livro se poder\u00e1 ver, a regi\u00e3o da Beira Interior e o desafio que ela representa, tamb\u00e9m no \u00e2mbito cultural, s\u00e3o algo que assumimos claramente.<\/p>\n<p>&nbsp;<\/p>\n<p><span class=\"style2\">Pre\u00e7o da edi\u00e7\u00e3o impressa: <\/span>\u20ac 8<\/p>","protected":false},"excerpt":{"rendered":"<p>A aposta nos estudos da cultura foi cedo entendida pela Universidade da Beira Interior e pela sua Faculdade de Artes e Letras como uma diretriz&hellip;<\/p>","protected":false},"author":2,"featured_media":886,"comment_status":"open","ping_status":"open","sticky":false,"template":"","format":"standard","meta":{"_acf_changed":false,"footnotes":""},"categories":[13,10],"tags":[],"class_list":["post-885","post","type-post","status-publish","format-standard","has-post-thumbnail","hentry","category-livro-artes","category-publicacao"],"acf":[],"yoast_head":"<!-- This site is optimized with the Yoast SEO plugin v23.1 - https:\/\/yoast.com\/wordpress\/plugins\/seo\/ -->\n<title>CULTURA(S): DEFINI\u00c7\u00d5ES, DESAFIOS, PERCURSOS - LabCom - Laborat\u00f3rio de Comunica\u00e7\u00e3o<\/title>\n<meta name=\"robots\" content=\"index, follow, max-snippet:-1, max-image-preview:large, max-video-preview:-1\" \/>\n<link rel=\"canonical\" href=\"https:\/\/labcom.ubi.pt\/en\/culturas-definicoes-desafios-percursos\/\" \/>\n<meta property=\"og:locale\" content=\"en_US\" \/>\n<meta property=\"og:type\" content=\"article\" \/>\n<meta property=\"og:title\" content=\"CULTURA(S): DEFINI\u00c7\u00d5ES, DESAFIOS, PERCURSOS - LabCom - Laborat\u00f3rio de Comunica\u00e7\u00e3o\" \/>\n<meta property=\"og:description\" content=\"A aposta nos estudos da cultura foi cedo entendida pela Universidade da Beira Interior e pela sua Faculdade de Artes e Letras como uma diretriz&hellip;\" \/>\n<meta property=\"og:url\" content=\"https:\/\/labcom.ubi.pt\/en\/culturas-definicoes-desafios-percursos\/\" \/>\n<meta property=\"og:site_name\" content=\"LabCom - Laborat\u00f3rio de Comunica\u00e7\u00e3o\" \/>\n<meta property=\"article:publisher\" content=\"https:\/\/www.facebook.com\/labcom.ubi.pt\/\" \/>\n<meta property=\"article:published_time\" content=\"2018-06-29T13:37:24+00:00\" \/>\n<meta property=\"article:modified_time\" content=\"2022-10-07T14:15:28+00:00\" \/>\n<meta property=\"og:image\" content=\"https:\/\/labcom.ubi.pt\/wp-content\/uploads\/2021\/06\/201811191134-capa_mckp.png\" \/>\n\t<meta property=\"og:image:width\" content=\"1508\" \/>\n\t<meta property=\"og:image:height\" content=\"2173\" \/>\n\t<meta property=\"og:image:type\" content=\"image\/png\" \/>\n<meta name=\"author\" content=\"Beatriz Botelho\" \/>\n<meta name=\"twitter:card\" content=\"summary_large_image\" \/>\n<meta name=\"twitter:label1\" content=\"Written by\" \/>\n\t<meta name=\"twitter:data1\" content=\"Beatriz Botelho\" \/>\n\t<meta name=\"twitter:label2\" content=\"Est. reading time\" \/>\n\t<meta name=\"twitter:data2\" content=\"2 minutes\" \/>\n<script type=\"application\/ld+json\" class=\"yoast-schema-graph\">{\"@context\":\"https:\/\/schema.org\",\"@graph\":[{\"@type\":\"Article\",\"@id\":\"https:\/\/labcom.ubi.pt\/culturas-definicoes-desafios-percursos\/#article\",\"isPartOf\":{\"@id\":\"https:\/\/labcom.ubi.pt\/culturas-definicoes-desafios-percursos\/\"},\"author\":{\"name\":\"Beatriz Botelho\",\"@id\":\"https:\/\/labcom.ubi.pt\/#\/schema\/person\/617550ce7f64e8a2ca3fdeb37ae2d25a\"},\"headline\":\"CULTURA(S): DEFINI\u00c7\u00d5ES, DESAFIOS, PERCURSOS\",\"datePublished\":\"2018-06-29T13:37:24+00:00\",\"dateModified\":\"2022-10-07T14:15:28+00:00\",\"mainEntityOfPage\":{\"@id\":\"https:\/\/labcom.ubi.pt\/culturas-definicoes-desafios-percursos\/\"},\"wordCount\":320,\"commentCount\":0,\"publisher\":{\"@id\":\"https:\/\/labcom.ubi.pt\/#organization\"},\"image\":{\"@id\":\"https:\/\/labcom.ubi.pt\/culturas-definicoes-desafios-percursos\/#primaryimage\"},\"thumbnailUrl\":\"https:\/\/labcom.ubi.pt\/wp-content\/uploads\/2021\/06\/201811191134-capa_mckp.png\",\"articleSection\":[\"Livro Artes\",\"Publica\u00e7\u00e3o\"],\"inLanguage\":\"en-US\",\"potentialAction\":[{\"@type\":\"CommentAction\",\"name\":\"Comment\",\"target\":[\"https:\/\/labcom.ubi.pt\/culturas-definicoes-desafios-percursos\/#respond\"]}]},{\"@type\":\"WebPage\",\"@id\":\"https:\/\/labcom.ubi.pt\/culturas-definicoes-desafios-percursos\/\",\"url\":\"https:\/\/labcom.ubi.pt\/culturas-definicoes-desafios-percursos\/\",\"name\":\"CULTURA(S): DEFINI\u00c7\u00d5ES, DESAFIOS, PERCURSOS - LabCom - Laborat\u00f3rio de Comunica\u00e7\u00e3o\",\"isPartOf\":{\"@id\":\"https:\/\/labcom.ubi.pt\/#website\"},\"primaryImageOfPage\":{\"@id\":\"https:\/\/labcom.ubi.pt\/culturas-definicoes-desafios-percursos\/#primaryimage\"},\"image\":{\"@id\":\"https:\/\/labcom.ubi.pt\/culturas-definicoes-desafios-percursos\/#primaryimage\"},\"thumbnailUrl\":\"https:\/\/labcom.ubi.pt\/wp-content\/uploads\/2021\/06\/201811191134-capa_mckp.png\",\"datePublished\":\"2018-06-29T13:37:24+00:00\",\"dateModified\":\"2022-10-07T14:15:28+00:00\",\"breadcrumb\":{\"@id\":\"https:\/\/labcom.ubi.pt\/culturas-definicoes-desafios-percursos\/#breadcrumb\"},\"inLanguage\":\"en-US\",\"potentialAction\":[{\"@type\":\"ReadAction\",\"target\":[\"https:\/\/labcom.ubi.pt\/culturas-definicoes-desafios-percursos\/\"]}]},{\"@type\":\"ImageObject\",\"inLanguage\":\"en-US\",\"@id\":\"https:\/\/labcom.ubi.pt\/culturas-definicoes-desafios-percursos\/#primaryimage\",\"url\":\"https:\/\/labcom.ubi.pt\/wp-content\/uploads\/2021\/06\/201811191134-capa_mckp.png\",\"contentUrl\":\"https:\/\/labcom.ubi.pt\/wp-content\/uploads\/2021\/06\/201811191134-capa_mckp.png\",\"width\":1508,\"height\":2173},{\"@type\":\"BreadcrumbList\",\"@id\":\"https:\/\/labcom.ubi.pt\/culturas-definicoes-desafios-percursos\/#breadcrumb\",\"itemListElement\":[{\"@type\":\"ListItem\",\"position\":1,\"name\":\"In\u00edcio\",\"item\":\"https:\/\/labcom.ubi.pt\/\"},{\"@type\":\"ListItem\",\"position\":2,\"name\":\"CULTURA(S): DEFINI\u00c7\u00d5ES, DESAFIOS, PERCURSOS\"}]},{\"@type\":\"WebSite\",\"@id\":\"https:\/\/labcom.ubi.pt\/#website\",\"url\":\"https:\/\/labcom.ubi.pt\/\",\"name\":\"LabCom - Laborat\u00f3rio de Comunica\u00e7\u00e3o\",\"description\":\"Unidade de Investiga\u00e7\u00e3o Cient\u00edfica da Faculdade de Artes e Letras da Universidade da Beira Interior\",\"publisher\":{\"@id\":\"https:\/\/labcom.ubi.pt\/#organization\"},\"potentialAction\":[{\"@type\":\"SearchAction\",\"target\":{\"@type\":\"EntryPoint\",\"urlTemplate\":\"https:\/\/labcom.ubi.pt\/?s={search_term_string}\"},\"query-input\":\"required name=search_term_string\"}],\"inLanguage\":\"en-US\"},{\"@type\":\"Organization\",\"@id\":\"https:\/\/labcom.ubi.pt\/#organization\",\"name\":\"LabCom - Comunica\u00e7\u00e3o e Artes\",\"url\":\"https:\/\/labcom.ubi.pt\/\",\"logo\":{\"@type\":\"ImageObject\",\"inLanguage\":\"en-US\",\"@id\":\"https:\/\/labcom.ubi.pt\/#\/schema\/logo\/image\/\",\"url\":\"https:\/\/labcom.ubi.pt\/wp-content\/uploads\/2021\/05\/LabCom_logo-1.png\",\"contentUrl\":\"https:\/\/labcom.ubi.pt\/wp-content\/uploads\/2021\/05\/LabCom_logo-1.png\",\"width\":1920,\"height\":573,\"caption\":\"LabCom - Comunica\u00e7\u00e3o e Artes\"},\"image\":{\"@id\":\"https:\/\/labcom.ubi.pt\/#\/schema\/logo\/image\/\"},\"sameAs\":[\"https:\/\/www.facebook.com\/labcom.ubi.pt\/\",\"https:\/\/www.instagram.com\/labcom_ubi\/\"]},{\"@type\":\"Person\",\"@id\":\"https:\/\/labcom.ubi.pt\/#\/schema\/person\/617550ce7f64e8a2ca3fdeb37ae2d25a\",\"name\":\"Beatriz Botelho\",\"image\":{\"@type\":\"ImageObject\",\"inLanguage\":\"en-US\",\"@id\":\"https:\/\/labcom.ubi.pt\/#\/schema\/person\/image\/\",\"url\":\"https:\/\/secure.gravatar.com\/avatar\/605b66aaba7800f944c8f15a1c6fa7dd?s=96&d=mm&r=g\",\"contentUrl\":\"https:\/\/secure.gravatar.com\/avatar\/605b66aaba7800f944c8f15a1c6fa7dd?s=96&d=mm&r=g\",\"caption\":\"Beatriz Botelho\"},\"url\":\"https:\/\/labcom.ubi.pt\/en\/author\/beatriz\/\"}]}<\/script>\n<!-- \/ Yoast SEO plugin. -->","yoast_head_json":{"title":"CULTURA(S): DEFINI\u00c7\u00d5ES, DESAFIOS, PERCURSOS - LabCom - Laborat\u00f3rio de Comunica\u00e7\u00e3o","robots":{"index":"index","follow":"follow","max-snippet":"max-snippet:-1","max-image-preview":"max-image-preview:large","max-video-preview":"max-video-preview:-1"},"canonical":"https:\/\/labcom.ubi.pt\/en\/culturas-definicoes-desafios-percursos\/","og_locale":"en_US","og_type":"article","og_title":"CULTURA(S): DEFINI\u00c7\u00d5ES, DESAFIOS, PERCURSOS - LabCom - Laborat\u00f3rio de Comunica\u00e7\u00e3o","og_description":"A aposta nos estudos da cultura foi cedo entendida pela Universidade da Beira Interior e pela sua Faculdade de Artes e Letras como uma diretriz&hellip;","og_url":"https:\/\/labcom.ubi.pt\/en\/culturas-definicoes-desafios-percursos\/","og_site_name":"LabCom - Laborat\u00f3rio de Comunica\u00e7\u00e3o","article_publisher":"https:\/\/www.facebook.com\/labcom.ubi.pt\/","article_published_time":"2018-06-29T13:37:24+00:00","article_modified_time":"2022-10-07T14:15:28+00:00","og_image":[{"width":1508,"height":2173,"url":"https:\/\/labcom.ubi.pt\/wp-content\/uploads\/2021\/06\/201811191134-capa_mckp.png","type":"image\/png"}],"author":"Beatriz Botelho","twitter_card":"summary_large_image","twitter_misc":{"Written by":"Beatriz Botelho","Est. reading time":"2 minutes"},"schema":{"@context":"https:\/\/schema.org","@graph":[{"@type":"Article","@id":"https:\/\/labcom.ubi.pt\/culturas-definicoes-desafios-percursos\/#article","isPartOf":{"@id":"https:\/\/labcom.ubi.pt\/culturas-definicoes-desafios-percursos\/"},"author":{"name":"Beatriz Botelho","@id":"https:\/\/labcom.ubi.pt\/#\/schema\/person\/617550ce7f64e8a2ca3fdeb37ae2d25a"},"headline":"CULTURA(S): DEFINI\u00c7\u00d5ES, DESAFIOS, PERCURSOS","datePublished":"2018-06-29T13:37:24+00:00","dateModified":"2022-10-07T14:15:28+00:00","mainEntityOfPage":{"@id":"https:\/\/labcom.ubi.pt\/culturas-definicoes-desafios-percursos\/"},"wordCount":320,"commentCount":0,"publisher":{"@id":"https:\/\/labcom.ubi.pt\/#organization"},"image":{"@id":"https:\/\/labcom.ubi.pt\/culturas-definicoes-desafios-percursos\/#primaryimage"},"thumbnailUrl":"https:\/\/labcom.ubi.pt\/wp-content\/uploads\/2021\/06\/201811191134-capa_mckp.png","articleSection":["Livro Artes","Publica\u00e7\u00e3o"],"inLanguage":"en-US","potentialAction":[{"@type":"CommentAction","name":"Comment","target":["https:\/\/labcom.ubi.pt\/culturas-definicoes-desafios-percursos\/#respond"]}]},{"@type":"WebPage","@id":"https:\/\/labcom.ubi.pt\/culturas-definicoes-desafios-percursos\/","url":"https:\/\/labcom.ubi.pt\/culturas-definicoes-desafios-percursos\/","name":"CULTURA(S): DEFINI\u00c7\u00d5ES, DESAFIOS, PERCURSOS - LabCom - Laborat\u00f3rio de Comunica\u00e7\u00e3o","isPartOf":{"@id":"https:\/\/labcom.ubi.pt\/#website"},"primaryImageOfPage":{"@id":"https:\/\/labcom.ubi.pt\/culturas-definicoes-desafios-percursos\/#primaryimage"},"image":{"@id":"https:\/\/labcom.ubi.pt\/culturas-definicoes-desafios-percursos\/#primaryimage"},"thumbnailUrl":"https:\/\/labcom.ubi.pt\/wp-content\/uploads\/2021\/06\/201811191134-capa_mckp.png","datePublished":"2018-06-29T13:37:24+00:00","dateModified":"2022-10-07T14:15:28+00:00","breadcrumb":{"@id":"https:\/\/labcom.ubi.pt\/culturas-definicoes-desafios-percursos\/#breadcrumb"},"inLanguage":"en-US","potentialAction":[{"@type":"ReadAction","target":["https:\/\/labcom.ubi.pt\/culturas-definicoes-desafios-percursos\/"]}]},{"@type":"ImageObject","inLanguage":"en-US","@id":"https:\/\/labcom.ubi.pt\/culturas-definicoes-desafios-percursos\/#primaryimage","url":"https:\/\/labcom.ubi.pt\/wp-content\/uploads\/2021\/06\/201811191134-capa_mckp.png","contentUrl":"https:\/\/labcom.ubi.pt\/wp-content\/uploads\/2021\/06\/201811191134-capa_mckp.png","width":1508,"height":2173},{"@type":"BreadcrumbList","@id":"https:\/\/labcom.ubi.pt\/culturas-definicoes-desafios-percursos\/#breadcrumb","itemListElement":[{"@type":"ListItem","position":1,"name":"In\u00edcio","item":"https:\/\/labcom.ubi.pt\/"},{"@type":"ListItem","position":2,"name":"CULTURA(S): DEFINI\u00c7\u00d5ES, DESAFIOS, PERCURSOS"}]},{"@type":"WebSite","@id":"https:\/\/labcom.ubi.pt\/#website","url":"https:\/\/labcom.ubi.pt\/","name":"LabCom - Laborat\u00f3rio de Comunica\u00e7\u00e3o","description":"Unidade de Investiga\u00e7\u00e3o Cient\u00edfica da Faculdade de Artes e Letras da Universidade da Beira Interior","publisher":{"@id":"https:\/\/labcom.ubi.pt\/#organization"},"potentialAction":[{"@type":"SearchAction","target":{"@type":"EntryPoint","urlTemplate":"https:\/\/labcom.ubi.pt\/?s={search_term_string}"},"query-input":"required name=search_term_string"}],"inLanguage":"en-US"},{"@type":"Organization","@id":"https:\/\/labcom.ubi.pt\/#organization","name":"LabCom - Comunica\u00e7\u00e3o e Artes","url":"https:\/\/labcom.ubi.pt\/","logo":{"@type":"ImageObject","inLanguage":"en-US","@id":"https:\/\/labcom.ubi.pt\/#\/schema\/logo\/image\/","url":"https:\/\/labcom.ubi.pt\/wp-content\/uploads\/2021\/05\/LabCom_logo-1.png","contentUrl":"https:\/\/labcom.ubi.pt\/wp-content\/uploads\/2021\/05\/LabCom_logo-1.png","width":1920,"height":573,"caption":"LabCom - Comunica\u00e7\u00e3o e Artes"},"image":{"@id":"https:\/\/labcom.ubi.pt\/#\/schema\/logo\/image\/"},"sameAs":["https:\/\/www.facebook.com\/labcom.ubi.pt\/","https:\/\/www.instagram.com\/labcom_ubi\/"]},{"@type":"Person","@id":"https:\/\/labcom.ubi.pt\/#\/schema\/person\/617550ce7f64e8a2ca3fdeb37ae2d25a","name":"Beatriz Botelho","image":{"@type":"ImageObject","inLanguage":"en-US","@id":"https:\/\/labcom.ubi.pt\/#\/schema\/person\/image\/","url":"https:\/\/secure.gravatar.com\/avatar\/605b66aaba7800f944c8f15a1c6fa7dd?s=96&d=mm&r=g","contentUrl":"https:\/\/secure.gravatar.com\/avatar\/605b66aaba7800f944c8f15a1c6fa7dd?s=96&d=mm&r=g","caption":"Beatriz Botelho"},"url":"https:\/\/labcom.ubi.pt\/en\/author\/beatriz\/"}]}},"_links":{"self":[{"href":"https:\/\/labcom.ubi.pt\/en\/wp-json\/wp\/v2\/posts\/885","targetHints":{"allow":["GET"]}}],"collection":[{"href":"https:\/\/labcom.ubi.pt\/en\/wp-json\/wp\/v2\/posts"}],"about":[{"href":"https:\/\/labcom.ubi.pt\/en\/wp-json\/wp\/v2\/types\/post"}],"author":[{"embeddable":true,"href":"https:\/\/labcom.ubi.pt\/en\/wp-json\/wp\/v2\/users\/2"}],"replies":[{"embeddable":true,"href":"https:\/\/labcom.ubi.pt\/en\/wp-json\/wp\/v2\/comments?post=885"}],"version-history":[{"count":0,"href":"https:\/\/labcom.ubi.pt\/en\/wp-json\/wp\/v2\/posts\/885\/revisions"}],"wp:featuredmedia":[{"embeddable":true,"href":"https:\/\/labcom.ubi.pt\/en\/wp-json\/wp\/v2\/media\/886"}],"wp:attachment":[{"href":"https:\/\/labcom.ubi.pt\/en\/wp-json\/wp\/v2\/media?parent=885"}],"wp:term":[{"taxonomy":"category","embeddable":true,"href":"https:\/\/labcom.ubi.pt\/en\/wp-json\/wp\/v2\/categories?post=885"},{"taxonomy":"post_tag","embeddable":true,"href":"https:\/\/labcom.ubi.pt\/en\/wp-json\/wp\/v2\/tags?post=885"}],"curies":[{"name":"wp","href":"https:\/\/api.w.org\/{rel}","templated":true}]}}