{"id":5982,"date":"2004-06-21T15:21:55","date_gmt":"2004-06-21T15:21:55","guid":{"rendered":"https:\/\/labcom.ubi.pt\/?p=5982"},"modified":"2022-10-07T15:58:03","modified_gmt":"2022-10-07T15:58:03","slug":"o-cartaz-partidario-em-portugal-1974-1975","status":"publish","type":"post","link":"https:\/\/labcom.ubi.pt\/en\/o-cartaz-partidario-em-portugal-1974-1975\/","title":{"rendered":"O CARTAZ PARTID\u00c1RIO EM PORTUGAL (1974 &#8211; 1975)"},"content":{"rendered":"<article>\n<section id=\"ConteudosArea\">\n<div id=\"Conteudos\" class=\"container\">\n<div class=\"row\">\n<div class=\"col-md-8 col-sm-8 col-xs-12\">\n<div class=\"itemCorpoLivro\"><\/div>\n<p><span class=\"itemCorpoLivro\">O rastro do s\u00e9culo XX acha-se em grande parte nos cartazes que, com variadas finalidades e das mais diversas maneiras, se foram realizando ao longo do curso desse s\u00e9culo, em quadrantes bem diferentes.<br \/>\nConquanto de tr\u00e1s viessem eles j\u00e1, n\u00e3o deixam os cartazes de constituir um dos mais caracter\u00edsticos e emblem\u00e1ticos produtos da cent\u00faria passada. Natural n\u00e3o pode deixar de parecer que, consistindo eles em objectos v\u00e1lidos pelo seu poder hist\u00f3rico bem como pelo testemunhal e, bastas vezes, pela pr\u00f3pria for\u00e7a art\u00edstica, a sua carga de valor significante e significativo haja de igual modo de ser tida em conta por si mesma e enquanto tal apreciada.<\/span><\/p>\n<p class=\"style2\"><span class=\"style2\">Pre\u00e7o da edi\u00e7\u00e3o impressa:\u00a0<\/span>\u20ac 25<\/p>\n<\/div>\n<\/div>\n<\/div>\n<\/section>\n<\/article>\n<div class=\"clear clearfix\"><\/div>\n<footer id=\"RodapeArea\">\n<div id=\"Rodape\" class=\"container\">\n<div class=\"row\"><\/div>\n<\/div>\n<\/footer>","protected":false},"excerpt":{"rendered":"<p>O rastro do s\u00e9culo XX acha-se em grande parte nos cartazes que, com variadas finalidades e das mais diversas maneiras, se foram realizando ao longo&hellip;<\/p>","protected":false},"author":2,"featured_media":5983,"comment_status":"open","ping_status":"open","sticky":false,"template":"","format":"standard","meta":{"_acf_changed":false,"footnotes":""},"categories":[14,10],"tags":[],"class_list":["post-5982","post","type-post","status-publish","format-standard","has-post-thumbnail","hentry","category-livro-comunicacao","category-publicacao"],"acf":[],"yoast_head":"<!-- This site is optimized with the Yoast SEO plugin v23.1 - https:\/\/yoast.com\/wordpress\/plugins\/seo\/ -->\n<title>O CARTAZ PARTID\u00c1RIO EM PORTUGAL (1974 - 1975) - LabCom - Laborat\u00f3rio de Comunica\u00e7\u00e3o<\/title>\n<meta name=\"robots\" content=\"index, follow, max-snippet:-1, max-image-preview:large, max-video-preview:-1\" \/>\n<link rel=\"canonical\" href=\"https:\/\/labcom.ubi.pt\/en\/o-cartaz-partidario-em-portugal-1974-1975\/\" \/>\n<meta property=\"og:locale\" content=\"en_US\" \/>\n<meta property=\"og:type\" content=\"article\" \/>\n<meta property=\"og:title\" content=\"O CARTAZ PARTID\u00c1RIO EM PORTUGAL (1974 - 1975) - LabCom - Laborat\u00f3rio de Comunica\u00e7\u00e3o\" \/>\n<meta property=\"og:description\" content=\"O rastro do s\u00e9culo XX acha-se em grande parte nos cartazes que, com variadas finalidades e das mais diversas maneiras, se foram realizando ao longo&hellip;\" \/>\n<meta property=\"og:url\" content=\"https:\/\/labcom.ubi.pt\/en\/o-cartaz-partidario-em-portugal-1974-1975\/\" \/>\n<meta property=\"og:site_name\" content=\"LabCom - Laborat\u00f3rio de Comunica\u00e7\u00e3o\" \/>\n<meta property=\"article:publisher\" content=\"https:\/\/www.facebook.com\/labcom.ubi.pt\/\" \/>\n<meta property=\"article:published_time\" content=\"2004-06-21T15:21:55+00:00\" \/>\n<meta property=\"article:modified_time\" content=\"2022-10-07T15:58:03+00:00\" \/>\n<meta property=\"og:image\" content=\"https:\/\/labcom.ubi.pt\/wp-content\/uploads\/2021\/06\/20110829-capa_camilo_cartaz_cor.jpeg\" \/>\n\t<meta property=\"og:image:width\" content=\"179\" \/>\n\t<meta property=\"og:image:height\" content=\"248\" \/>\n\t<meta property=\"og:image:type\" content=\"image\/jpeg\" \/>\n<meta name=\"author\" content=\"Beatriz Botelho\" \/>\n<meta name=\"twitter:card\" content=\"summary_large_image\" \/>\n<meta name=\"twitter:label1\" content=\"Written by\" \/>\n\t<meta name=\"twitter:data1\" content=\"Beatriz Botelho\" \/>\n\t<meta name=\"twitter:label2\" content=\"Est. reading time\" \/>\n\t<meta name=\"twitter:data2\" content=\"1 minute\" \/>\n<script type=\"application\/ld+json\" class=\"yoast-schema-graph\">{\"@context\":\"https:\/\/schema.org\",\"@graph\":[{\"@type\":\"Article\",\"@id\":\"https:\/\/labcom.ubi.pt\/o-cartaz-partidario-em-portugal-1974-1975\/#article\",\"isPartOf\":{\"@id\":\"https:\/\/labcom.ubi.pt\/o-cartaz-partidario-em-portugal-1974-1975\/\"},\"author\":{\"name\":\"Beatriz Botelho\",\"@id\":\"https:\/\/labcom.ubi.pt\/#\/schema\/person\/617550ce7f64e8a2ca3fdeb37ae2d25a\"},\"headline\":\"O CARTAZ PARTID\u00c1RIO EM PORTUGAL (1974 &#8211; 1975)\",\"datePublished\":\"2004-06-21T15:21:55+00:00\",\"dateModified\":\"2022-10-07T15:58:03+00:00\",\"mainEntityOfPage\":{\"@id\":\"https:\/\/labcom.ubi.pt\/o-cartaz-partidario-em-portugal-1974-1975\/\"},\"wordCount\":132,\"commentCount\":0,\"publisher\":{\"@id\":\"https:\/\/labcom.ubi.pt\/#organization\"},\"image\":{\"@id\":\"https:\/\/labcom.ubi.pt\/o-cartaz-partidario-em-portugal-1974-1975\/#primaryimage\"},\"thumbnailUrl\":\"https:\/\/labcom.ubi.pt\/wp-content\/uploads\/2021\/06\/20110829-capa_camilo_cartaz_cor.jpeg\",\"articleSection\":[\"Livro Comunica\u00e7\u00e3o\",\"Publica\u00e7\u00e3o\"],\"inLanguage\":\"en-US\",\"potentialAction\":[{\"@type\":\"CommentAction\",\"name\":\"Comment\",\"target\":[\"https:\/\/labcom.ubi.pt\/o-cartaz-partidario-em-portugal-1974-1975\/#respond\"]}]},{\"@type\":\"WebPage\",\"@id\":\"https:\/\/labcom.ubi.pt\/o-cartaz-partidario-em-portugal-1974-1975\/\",\"url\":\"https:\/\/labcom.ubi.pt\/o-cartaz-partidario-em-portugal-1974-1975\/\",\"name\":\"O CARTAZ PARTID\u00c1RIO EM PORTUGAL (1974 - 1975) - LabCom - Laborat\u00f3rio de Comunica\u00e7\u00e3o\",\"isPartOf\":{\"@id\":\"https:\/\/labcom.ubi.pt\/#website\"},\"primaryImageOfPage\":{\"@id\":\"https:\/\/labcom.ubi.pt\/o-cartaz-partidario-em-portugal-1974-1975\/#primaryimage\"},\"image\":{\"@id\":\"https:\/\/labcom.ubi.pt\/o-cartaz-partidario-em-portugal-1974-1975\/#primaryimage\"},\"thumbnailUrl\":\"https:\/\/labcom.ubi.pt\/wp-content\/uploads\/2021\/06\/20110829-capa_camilo_cartaz_cor.jpeg\",\"datePublished\":\"2004-06-21T15:21:55+00:00\",\"dateModified\":\"2022-10-07T15:58:03+00:00\",\"breadcrumb\":{\"@id\":\"https:\/\/labcom.ubi.pt\/o-cartaz-partidario-em-portugal-1974-1975\/#breadcrumb\"},\"inLanguage\":\"en-US\",\"potentialAction\":[{\"@type\":\"ReadAction\",\"target\":[\"https:\/\/labcom.ubi.pt\/o-cartaz-partidario-em-portugal-1974-1975\/\"]}]},{\"@type\":\"ImageObject\",\"inLanguage\":\"en-US\",\"@id\":\"https:\/\/labcom.ubi.pt\/o-cartaz-partidario-em-portugal-1974-1975\/#primaryimage\",\"url\":\"https:\/\/labcom.ubi.pt\/wp-content\/uploads\/2021\/06\/20110829-capa_camilo_cartaz_cor.jpeg\",\"contentUrl\":\"https:\/\/labcom.ubi.pt\/wp-content\/uploads\/2021\/06\/20110829-capa_camilo_cartaz_cor.jpeg\",\"width\":179,\"height\":248},{\"@type\":\"BreadcrumbList\",\"@id\":\"https:\/\/labcom.ubi.pt\/o-cartaz-partidario-em-portugal-1974-1975\/#breadcrumb\",\"itemListElement\":[{\"@type\":\"ListItem\",\"position\":1,\"name\":\"In\u00edcio\",\"item\":\"https:\/\/labcom.ubi.pt\/\"},{\"@type\":\"ListItem\",\"position\":2,\"name\":\"O CARTAZ PARTID\u00c1RIO EM PORTUGAL (1974 &#8211; 1975)\"}]},{\"@type\":\"WebSite\",\"@id\":\"https:\/\/labcom.ubi.pt\/#website\",\"url\":\"https:\/\/labcom.ubi.pt\/\",\"name\":\"LabCom - Laborat\u00f3rio de Comunica\u00e7\u00e3o\",\"description\":\"Unidade de Investiga\u00e7\u00e3o Cient\u00edfica da Faculdade de Artes e Letras da Universidade da Beira Interior\",\"publisher\":{\"@id\":\"https:\/\/labcom.ubi.pt\/#organization\"},\"potentialAction\":[{\"@type\":\"SearchAction\",\"target\":{\"@type\":\"EntryPoint\",\"urlTemplate\":\"https:\/\/labcom.ubi.pt\/?s={search_term_string}\"},\"query-input\":\"required name=search_term_string\"}],\"inLanguage\":\"en-US\"},{\"@type\":\"Organization\",\"@id\":\"https:\/\/labcom.ubi.pt\/#organization\",\"name\":\"LabCom - Comunica\u00e7\u00e3o e Artes\",\"url\":\"https:\/\/labcom.ubi.pt\/\",\"logo\":{\"@type\":\"ImageObject\",\"inLanguage\":\"en-US\",\"@id\":\"https:\/\/labcom.ubi.pt\/#\/schema\/logo\/image\/\",\"url\":\"https:\/\/labcom.ubi.pt\/wp-content\/uploads\/2021\/05\/LabCom_logo-1.png\",\"contentUrl\":\"https:\/\/labcom.ubi.pt\/wp-content\/uploads\/2021\/05\/LabCom_logo-1.png\",\"width\":1920,\"height\":573,\"caption\":\"LabCom - Comunica\u00e7\u00e3o e Artes\"},\"image\":{\"@id\":\"https:\/\/labcom.ubi.pt\/#\/schema\/logo\/image\/\"},\"sameAs\":[\"https:\/\/www.facebook.com\/labcom.ubi.pt\/\",\"https:\/\/www.instagram.com\/labcom_ubi\/\"]},{\"@type\":\"Person\",\"@id\":\"https:\/\/labcom.ubi.pt\/#\/schema\/person\/617550ce7f64e8a2ca3fdeb37ae2d25a\",\"name\":\"Beatriz Botelho\",\"image\":{\"@type\":\"ImageObject\",\"inLanguage\":\"en-US\",\"@id\":\"https:\/\/labcom.ubi.pt\/#\/schema\/person\/image\/\",\"url\":\"https:\/\/secure.gravatar.com\/avatar\/605b66aaba7800f944c8f15a1c6fa7dd?s=96&d=mm&r=g\",\"contentUrl\":\"https:\/\/secure.gravatar.com\/avatar\/605b66aaba7800f944c8f15a1c6fa7dd?s=96&d=mm&r=g\",\"caption\":\"Beatriz Botelho\"},\"url\":\"https:\/\/labcom.ubi.pt\/en\/author\/beatriz\/\"}]}<\/script>\n<!-- \/ Yoast SEO plugin. -->","yoast_head_json":{"title":"O CARTAZ PARTID\u00c1RIO EM PORTUGAL (1974 - 1975) - LabCom - Laborat\u00f3rio de Comunica\u00e7\u00e3o","robots":{"index":"index","follow":"follow","max-snippet":"max-snippet:-1","max-image-preview":"max-image-preview:large","max-video-preview":"max-video-preview:-1"},"canonical":"https:\/\/labcom.ubi.pt\/en\/o-cartaz-partidario-em-portugal-1974-1975\/","og_locale":"en_US","og_type":"article","og_title":"O CARTAZ PARTID\u00c1RIO EM PORTUGAL (1974 - 1975) - LabCom - Laborat\u00f3rio de Comunica\u00e7\u00e3o","og_description":"O rastro do s\u00e9culo XX acha-se em grande parte nos cartazes que, com variadas finalidades e das mais diversas maneiras, se foram realizando ao longo&hellip;","og_url":"https:\/\/labcom.ubi.pt\/en\/o-cartaz-partidario-em-portugal-1974-1975\/","og_site_name":"LabCom - Laborat\u00f3rio de Comunica\u00e7\u00e3o","article_publisher":"https:\/\/www.facebook.com\/labcom.ubi.pt\/","article_published_time":"2004-06-21T15:21:55+00:00","article_modified_time":"2022-10-07T15:58:03+00:00","og_image":[{"width":179,"height":248,"url":"https:\/\/labcom.ubi.pt\/wp-content\/uploads\/2021\/06\/20110829-capa_camilo_cartaz_cor.jpeg","type":"image\/jpeg"}],"author":"Beatriz Botelho","twitter_card":"summary_large_image","twitter_misc":{"Written by":"Beatriz Botelho","Est. reading time":"1 minute"},"schema":{"@context":"https:\/\/schema.org","@graph":[{"@type":"Article","@id":"https:\/\/labcom.ubi.pt\/o-cartaz-partidario-em-portugal-1974-1975\/#article","isPartOf":{"@id":"https:\/\/labcom.ubi.pt\/o-cartaz-partidario-em-portugal-1974-1975\/"},"author":{"name":"Beatriz Botelho","@id":"https:\/\/labcom.ubi.pt\/#\/schema\/person\/617550ce7f64e8a2ca3fdeb37ae2d25a"},"headline":"O CARTAZ PARTID\u00c1RIO EM PORTUGAL (1974 &#8211; 1975)","datePublished":"2004-06-21T15:21:55+00:00","dateModified":"2022-10-07T15:58:03+00:00","mainEntityOfPage":{"@id":"https:\/\/labcom.ubi.pt\/o-cartaz-partidario-em-portugal-1974-1975\/"},"wordCount":132,"commentCount":0,"publisher":{"@id":"https:\/\/labcom.ubi.pt\/#organization"},"image":{"@id":"https:\/\/labcom.ubi.pt\/o-cartaz-partidario-em-portugal-1974-1975\/#primaryimage"},"thumbnailUrl":"https:\/\/labcom.ubi.pt\/wp-content\/uploads\/2021\/06\/20110829-capa_camilo_cartaz_cor.jpeg","articleSection":["Livro Comunica\u00e7\u00e3o","Publica\u00e7\u00e3o"],"inLanguage":"en-US","potentialAction":[{"@type":"CommentAction","name":"Comment","target":["https:\/\/labcom.ubi.pt\/o-cartaz-partidario-em-portugal-1974-1975\/#respond"]}]},{"@type":"WebPage","@id":"https:\/\/labcom.ubi.pt\/o-cartaz-partidario-em-portugal-1974-1975\/","url":"https:\/\/labcom.ubi.pt\/o-cartaz-partidario-em-portugal-1974-1975\/","name":"O CARTAZ PARTID\u00c1RIO EM PORTUGAL (1974 - 1975) - LabCom - Laborat\u00f3rio de Comunica\u00e7\u00e3o","isPartOf":{"@id":"https:\/\/labcom.ubi.pt\/#website"},"primaryImageOfPage":{"@id":"https:\/\/labcom.ubi.pt\/o-cartaz-partidario-em-portugal-1974-1975\/#primaryimage"},"image":{"@id":"https:\/\/labcom.ubi.pt\/o-cartaz-partidario-em-portugal-1974-1975\/#primaryimage"},"thumbnailUrl":"https:\/\/labcom.ubi.pt\/wp-content\/uploads\/2021\/06\/20110829-capa_camilo_cartaz_cor.jpeg","datePublished":"2004-06-21T15:21:55+00:00","dateModified":"2022-10-07T15:58:03+00:00","breadcrumb":{"@id":"https:\/\/labcom.ubi.pt\/o-cartaz-partidario-em-portugal-1974-1975\/#breadcrumb"},"inLanguage":"en-US","potentialAction":[{"@type":"ReadAction","target":["https:\/\/labcom.ubi.pt\/o-cartaz-partidario-em-portugal-1974-1975\/"]}]},{"@type":"ImageObject","inLanguage":"en-US","@id":"https:\/\/labcom.ubi.pt\/o-cartaz-partidario-em-portugal-1974-1975\/#primaryimage","url":"https:\/\/labcom.ubi.pt\/wp-content\/uploads\/2021\/06\/20110829-capa_camilo_cartaz_cor.jpeg","contentUrl":"https:\/\/labcom.ubi.pt\/wp-content\/uploads\/2021\/06\/20110829-capa_camilo_cartaz_cor.jpeg","width":179,"height":248},{"@type":"BreadcrumbList","@id":"https:\/\/labcom.ubi.pt\/o-cartaz-partidario-em-portugal-1974-1975\/#breadcrumb","itemListElement":[{"@type":"ListItem","position":1,"name":"In\u00edcio","item":"https:\/\/labcom.ubi.pt\/"},{"@type":"ListItem","position":2,"name":"O CARTAZ PARTID\u00c1RIO EM PORTUGAL (1974 &#8211; 1975)"}]},{"@type":"WebSite","@id":"https:\/\/labcom.ubi.pt\/#website","url":"https:\/\/labcom.ubi.pt\/","name":"LabCom - Laborat\u00f3rio de Comunica\u00e7\u00e3o","description":"Unidade de Investiga\u00e7\u00e3o Cient\u00edfica da Faculdade de Artes e Letras da Universidade da Beira Interior","publisher":{"@id":"https:\/\/labcom.ubi.pt\/#organization"},"potentialAction":[{"@type":"SearchAction","target":{"@type":"EntryPoint","urlTemplate":"https:\/\/labcom.ubi.pt\/?s={search_term_string}"},"query-input":"required name=search_term_string"}],"inLanguage":"en-US"},{"@type":"Organization","@id":"https:\/\/labcom.ubi.pt\/#organization","name":"LabCom - Comunica\u00e7\u00e3o e Artes","url":"https:\/\/labcom.ubi.pt\/","logo":{"@type":"ImageObject","inLanguage":"en-US","@id":"https:\/\/labcom.ubi.pt\/#\/schema\/logo\/image\/","url":"https:\/\/labcom.ubi.pt\/wp-content\/uploads\/2021\/05\/LabCom_logo-1.png","contentUrl":"https:\/\/labcom.ubi.pt\/wp-content\/uploads\/2021\/05\/LabCom_logo-1.png","width":1920,"height":573,"caption":"LabCom - Comunica\u00e7\u00e3o e Artes"},"image":{"@id":"https:\/\/labcom.ubi.pt\/#\/schema\/logo\/image\/"},"sameAs":["https:\/\/www.facebook.com\/labcom.ubi.pt\/","https:\/\/www.instagram.com\/labcom_ubi\/"]},{"@type":"Person","@id":"https:\/\/labcom.ubi.pt\/#\/schema\/person\/617550ce7f64e8a2ca3fdeb37ae2d25a","name":"Beatriz Botelho","image":{"@type":"ImageObject","inLanguage":"en-US","@id":"https:\/\/labcom.ubi.pt\/#\/schema\/person\/image\/","url":"https:\/\/secure.gravatar.com\/avatar\/605b66aaba7800f944c8f15a1c6fa7dd?s=96&d=mm&r=g","contentUrl":"https:\/\/secure.gravatar.com\/avatar\/605b66aaba7800f944c8f15a1c6fa7dd?s=96&d=mm&r=g","caption":"Beatriz Botelho"},"url":"https:\/\/labcom.ubi.pt\/en\/author\/beatriz\/"}]}},"_links":{"self":[{"href":"https:\/\/labcom.ubi.pt\/en\/wp-json\/wp\/v2\/posts\/5982","targetHints":{"allow":["GET"]}}],"collection":[{"href":"https:\/\/labcom.ubi.pt\/en\/wp-json\/wp\/v2\/posts"}],"about":[{"href":"https:\/\/labcom.ubi.pt\/en\/wp-json\/wp\/v2\/types\/post"}],"author":[{"embeddable":true,"href":"https:\/\/labcom.ubi.pt\/en\/wp-json\/wp\/v2\/users\/2"}],"replies":[{"embeddable":true,"href":"https:\/\/labcom.ubi.pt\/en\/wp-json\/wp\/v2\/comments?post=5982"}],"version-history":[{"count":0,"href":"https:\/\/labcom.ubi.pt\/en\/wp-json\/wp\/v2\/posts\/5982\/revisions"}],"wp:featuredmedia":[{"embeddable":true,"href":"https:\/\/labcom.ubi.pt\/en\/wp-json\/wp\/v2\/media\/5983"}],"wp:attachment":[{"href":"https:\/\/labcom.ubi.pt\/en\/wp-json\/wp\/v2\/media?parent=5982"}],"wp:term":[{"taxonomy":"category","embeddable":true,"href":"https:\/\/labcom.ubi.pt\/en\/wp-json\/wp\/v2\/categories?post=5982"},{"taxonomy":"post_tag","embeddable":true,"href":"https:\/\/labcom.ubi.pt\/en\/wp-json\/wp\/v2\/tags?post=5982"}],"curies":[{"name":"wp","href":"https:\/\/api.w.org\/{rel}","templated":true}]}}