{"id":5916,"date":"2009-06-23T15:04:36","date_gmt":"2009-06-23T15:04:36","guid":{"rendered":"https:\/\/labcom.ubi.pt\/?p=5916"},"modified":"2022-10-07T15:34:01","modified_gmt":"2022-10-07T15:34:01","slug":"teoria-e-critica-do-discurso-noticioso-notas-sobre-jornalismo-e-representacoes-sociais","status":"publish","type":"post","link":"https:\/\/labcom.ubi.pt\/en\/teoria-e-critica-do-discurso-noticioso-notas-sobre-jornalismo-e-representacoes-sociais\/","title":{"rendered":"TEORIA E CR\u00cdTICA DO DISCURSO NOTICIOSO: NOTAS SOBRE JORNALISMO E REPRESENTA\u00c7\u00d5ES SOCIAIS"},"content":{"rendered":"<p><span class=\"itemCorpoLivro\">Este livro ensaia a possibilidade de um di\u00e1logo entre conceitos sociofenomen\u00f3l\u00f3gicos e a An\u00e1lise Cr\u00edtica do Discurso, ambas aplicadas ao campo do texto jornal\u00edstico. Assim, inscreve-se na \u00e1rea dos estudos jornal\u00edsticos, mais particularmente da Teoria da Not\u00edcia.<br \/>\nDestaque-se que &#8220;Teoria e Cr\u00edtica do Discurso Jornal\u00edstico&#8221; \u00e9 o resultado de um trabalho p\u00f3s-doutoral efectuado na sua maioria na Universidad Pompeu Fabra em Barcelona, com a inspira\u00e7\u00e3o de Teun van Dijk e de Miquel Rodrigo Alsina.<\/span><\/p>\n<p class=\"style2\"><span class=\"style2\">Pre\u00e7o da edi\u00e7\u00e3o impressa:\u00a0<\/span>\u20ac 10<\/p>","protected":false},"excerpt":{"rendered":"<p>Este livro ensaia a possibilidade de um di\u00e1logo entre conceitos sociofenomen\u00f3l\u00f3gicos e a An\u00e1lise Cr\u00edtica do Discurso, ambas aplicadas ao campo do texto jornal\u00edstico. Assim,&hellip;<\/p>","protected":false},"author":2,"featured_media":5917,"comment_status":"open","ping_status":"open","sticky":false,"template":"","format":"standard","meta":{"_acf_changed":false,"footnotes":""},"categories":[14,10],"tags":[],"class_list":["post-5916","post","type-post","status-publish","format-standard","has-post-thumbnail","hentry","category-livro-comunicacao","category-publicacao"],"acf":[],"yoast_head":"<!-- This site is optimized with the Yoast SEO plugin v23.1 - https:\/\/yoast.com\/wordpress\/plugins\/seo\/ -->\n<title>TEORIA E CR\u00cdTICA DO DISCURSO NOTICIOSO: NOTAS SOBRE JORNALISMO E REPRESENTA\u00c7\u00d5ES SOCIAIS - LabCom - Laborat\u00f3rio de Comunica\u00e7\u00e3o<\/title>\n<meta name=\"robots\" content=\"index, follow, max-snippet:-1, max-image-preview:large, max-video-preview:-1\" \/>\n<link rel=\"canonical\" href=\"https:\/\/labcom.ubi.pt\/en\/teoria-e-critica-do-discurso-noticioso-notas-sobre-jornalismo-e-representacoes-sociais\/\" \/>\n<meta property=\"og:locale\" content=\"en_US\" \/>\n<meta property=\"og:type\" content=\"article\" \/>\n<meta property=\"og:title\" content=\"TEORIA E CR\u00cdTICA DO DISCURSO NOTICIOSO: NOTAS SOBRE JORNALISMO E REPRESENTA\u00c7\u00d5ES SOCIAIS - LabCom - Laborat\u00f3rio de Comunica\u00e7\u00e3o\" \/>\n<meta property=\"og:description\" content=\"Este livro ensaia a possibilidade de um di\u00e1logo entre conceitos sociofenomen\u00f3l\u00f3gicos e a An\u00e1lise Cr\u00edtica do Discurso, ambas aplicadas ao campo do texto jornal\u00edstico. Assim,&hellip;\" \/>\n<meta property=\"og:url\" content=\"https:\/\/labcom.ubi.pt\/en\/teoria-e-critica-do-discurso-noticioso-notas-sobre-jornalismo-e-representacoes-sociais\/\" \/>\n<meta property=\"og:site_name\" content=\"LabCom - Laborat\u00f3rio de Comunica\u00e7\u00e3o\" \/>\n<meta property=\"article:publisher\" content=\"https:\/\/www.facebook.com\/labcom.ubi.pt\/\" \/>\n<meta property=\"article:published_time\" content=\"2009-06-23T15:04:36+00:00\" \/>\n<meta property=\"article:modified_time\" content=\"2022-10-07T15:34:01+00:00\" \/>\n<meta property=\"og:image\" content=\"https:\/\/labcom.ubi.pt\/wp-content\/uploads\/2021\/06\/20110819-correia_teoria_critica_discurso_noticioso.jpeg\" \/>\n\t<meta property=\"og:image:width\" content=\"174\" \/>\n\t<meta property=\"og:image:height\" content=\"251\" \/>\n\t<meta property=\"og:image:type\" content=\"image\/jpeg\" \/>\n<meta name=\"author\" content=\"Beatriz Botelho\" \/>\n<meta name=\"twitter:card\" content=\"summary_large_image\" \/>\n<meta name=\"twitter:label1\" content=\"Written by\" \/>\n\t<meta name=\"twitter:data1\" content=\"Beatriz Botelho\" \/>\n<script type=\"application\/ld+json\" class=\"yoast-schema-graph\">{\"@context\":\"https:\/\/schema.org\",\"@graph\":[{\"@type\":\"Article\",\"@id\":\"https:\/\/labcom.ubi.pt\/teoria-e-critica-do-discurso-noticioso-notas-sobre-jornalismo-e-representacoes-sociais\/#article\",\"isPartOf\":{\"@id\":\"https:\/\/labcom.ubi.pt\/teoria-e-critica-do-discurso-noticioso-notas-sobre-jornalismo-e-representacoes-sociais\/\"},\"author\":{\"name\":\"Beatriz Botelho\",\"@id\":\"https:\/\/labcom.ubi.pt\/#\/schema\/person\/617550ce7f64e8a2ca3fdeb37ae2d25a\"},\"headline\":\"TEORIA E CR\u00cdTICA DO DISCURSO NOTICIOSO: NOTAS SOBRE JORNALISMO E REPRESENTA\u00c7\u00d5ES SOCIAIS\",\"datePublished\":\"2009-06-23T15:04:36+00:00\",\"dateModified\":\"2022-10-07T15:34:01+00:00\",\"mainEntityOfPage\":{\"@id\":\"https:\/\/labcom.ubi.pt\/teoria-e-critica-do-discurso-noticioso-notas-sobre-jornalismo-e-representacoes-sociais\/\"},\"wordCount\":105,\"commentCount\":0,\"publisher\":{\"@id\":\"https:\/\/labcom.ubi.pt\/#organization\"},\"image\":{\"@id\":\"https:\/\/labcom.ubi.pt\/teoria-e-critica-do-discurso-noticioso-notas-sobre-jornalismo-e-representacoes-sociais\/#primaryimage\"},\"thumbnailUrl\":\"https:\/\/labcom.ubi.pt\/wp-content\/uploads\/2021\/06\/20110819-correia_teoria_critica_discurso_noticioso.jpeg\",\"articleSection\":[\"Livro Comunica\u00e7\u00e3o\",\"Publica\u00e7\u00e3o\"],\"inLanguage\":\"en-US\",\"potentialAction\":[{\"@type\":\"CommentAction\",\"name\":\"Comment\",\"target\":[\"https:\/\/labcom.ubi.pt\/teoria-e-critica-do-discurso-noticioso-notas-sobre-jornalismo-e-representacoes-sociais\/#respond\"]}]},{\"@type\":\"WebPage\",\"@id\":\"https:\/\/labcom.ubi.pt\/teoria-e-critica-do-discurso-noticioso-notas-sobre-jornalismo-e-representacoes-sociais\/\",\"url\":\"https:\/\/labcom.ubi.pt\/teoria-e-critica-do-discurso-noticioso-notas-sobre-jornalismo-e-representacoes-sociais\/\",\"name\":\"TEORIA E CR\u00cdTICA DO DISCURSO NOTICIOSO: NOTAS SOBRE JORNALISMO E REPRESENTA\u00c7\u00d5ES SOCIAIS - LabCom - Laborat\u00f3rio de Comunica\u00e7\u00e3o\",\"isPartOf\":{\"@id\":\"https:\/\/labcom.ubi.pt\/#website\"},\"primaryImageOfPage\":{\"@id\":\"https:\/\/labcom.ubi.pt\/teoria-e-critica-do-discurso-noticioso-notas-sobre-jornalismo-e-representacoes-sociais\/#primaryimage\"},\"image\":{\"@id\":\"https:\/\/labcom.ubi.pt\/teoria-e-critica-do-discurso-noticioso-notas-sobre-jornalismo-e-representacoes-sociais\/#primaryimage\"},\"thumbnailUrl\":\"https:\/\/labcom.ubi.pt\/wp-content\/uploads\/2021\/06\/20110819-correia_teoria_critica_discurso_noticioso.jpeg\",\"datePublished\":\"2009-06-23T15:04:36+00:00\",\"dateModified\":\"2022-10-07T15:34:01+00:00\",\"breadcrumb\":{\"@id\":\"https:\/\/labcom.ubi.pt\/teoria-e-critica-do-discurso-noticioso-notas-sobre-jornalismo-e-representacoes-sociais\/#breadcrumb\"},\"inLanguage\":\"en-US\",\"potentialAction\":[{\"@type\":\"ReadAction\",\"target\":[\"https:\/\/labcom.ubi.pt\/teoria-e-critica-do-discurso-noticioso-notas-sobre-jornalismo-e-representacoes-sociais\/\"]}]},{\"@type\":\"ImageObject\",\"inLanguage\":\"en-US\",\"@id\":\"https:\/\/labcom.ubi.pt\/teoria-e-critica-do-discurso-noticioso-notas-sobre-jornalismo-e-representacoes-sociais\/#primaryimage\",\"url\":\"https:\/\/labcom.ubi.pt\/wp-content\/uploads\/2021\/06\/20110819-correia_teoria_critica_discurso_noticioso.jpeg\",\"contentUrl\":\"https:\/\/labcom.ubi.pt\/wp-content\/uploads\/2021\/06\/20110819-correia_teoria_critica_discurso_noticioso.jpeg\",\"width\":174,\"height\":251},{\"@type\":\"BreadcrumbList\",\"@id\":\"https:\/\/labcom.ubi.pt\/teoria-e-critica-do-discurso-noticioso-notas-sobre-jornalismo-e-representacoes-sociais\/#breadcrumb\",\"itemListElement\":[{\"@type\":\"ListItem\",\"position\":1,\"name\":\"In\u00edcio\",\"item\":\"https:\/\/labcom.ubi.pt\/\"},{\"@type\":\"ListItem\",\"position\":2,\"name\":\"TEORIA E CR\u00cdTICA DO DISCURSO NOTICIOSO: NOTAS SOBRE JORNALISMO E REPRESENTA\u00c7\u00d5ES SOCIAIS\"}]},{\"@type\":\"WebSite\",\"@id\":\"https:\/\/labcom.ubi.pt\/#website\",\"url\":\"https:\/\/labcom.ubi.pt\/\",\"name\":\"LabCom - Laborat\u00f3rio de Comunica\u00e7\u00e3o\",\"description\":\"Unidade de Investiga\u00e7\u00e3o Cient\u00edfica da Faculdade de Artes e Letras da Universidade da Beira Interior\",\"publisher\":{\"@id\":\"https:\/\/labcom.ubi.pt\/#organization\"},\"potentialAction\":[{\"@type\":\"SearchAction\",\"target\":{\"@type\":\"EntryPoint\",\"urlTemplate\":\"https:\/\/labcom.ubi.pt\/?s={search_term_string}\"},\"query-input\":\"required name=search_term_string\"}],\"inLanguage\":\"en-US\"},{\"@type\":\"Organization\",\"@id\":\"https:\/\/labcom.ubi.pt\/#organization\",\"name\":\"LabCom - Comunica\u00e7\u00e3o e Artes\",\"url\":\"https:\/\/labcom.ubi.pt\/\",\"logo\":{\"@type\":\"ImageObject\",\"inLanguage\":\"en-US\",\"@id\":\"https:\/\/labcom.ubi.pt\/#\/schema\/logo\/image\/\",\"url\":\"https:\/\/labcom.ubi.pt\/wp-content\/uploads\/2021\/05\/LabCom_logo-1.png\",\"contentUrl\":\"https:\/\/labcom.ubi.pt\/wp-content\/uploads\/2021\/05\/LabCom_logo-1.png\",\"width\":1920,\"height\":573,\"caption\":\"LabCom - Comunica\u00e7\u00e3o e Artes\"},\"image\":{\"@id\":\"https:\/\/labcom.ubi.pt\/#\/schema\/logo\/image\/\"},\"sameAs\":[\"https:\/\/www.facebook.com\/labcom.ubi.pt\/\",\"https:\/\/www.instagram.com\/labcom_ubi\/\"]},{\"@type\":\"Person\",\"@id\":\"https:\/\/labcom.ubi.pt\/#\/schema\/person\/617550ce7f64e8a2ca3fdeb37ae2d25a\",\"name\":\"Beatriz Botelho\",\"image\":{\"@type\":\"ImageObject\",\"inLanguage\":\"en-US\",\"@id\":\"https:\/\/labcom.ubi.pt\/#\/schema\/person\/image\/\",\"url\":\"https:\/\/secure.gravatar.com\/avatar\/605b66aaba7800f944c8f15a1c6fa7dd?s=96&d=mm&r=g\",\"contentUrl\":\"https:\/\/secure.gravatar.com\/avatar\/605b66aaba7800f944c8f15a1c6fa7dd?s=96&d=mm&r=g\",\"caption\":\"Beatriz Botelho\"},\"url\":\"https:\/\/labcom.ubi.pt\/en\/author\/beatriz\/\"}]}<\/script>\n<!-- \/ Yoast SEO plugin. -->","yoast_head_json":{"title":"TEORIA E CR\u00cdTICA DO DISCURSO NOTICIOSO: NOTAS SOBRE JORNALISMO E REPRESENTA\u00c7\u00d5ES SOCIAIS - LabCom - Laborat\u00f3rio de Comunica\u00e7\u00e3o","robots":{"index":"index","follow":"follow","max-snippet":"max-snippet:-1","max-image-preview":"max-image-preview:large","max-video-preview":"max-video-preview:-1"},"canonical":"https:\/\/labcom.ubi.pt\/en\/teoria-e-critica-do-discurso-noticioso-notas-sobre-jornalismo-e-representacoes-sociais\/","og_locale":"en_US","og_type":"article","og_title":"TEORIA E CR\u00cdTICA DO DISCURSO NOTICIOSO: NOTAS SOBRE JORNALISMO E REPRESENTA\u00c7\u00d5ES SOCIAIS - LabCom - Laborat\u00f3rio de Comunica\u00e7\u00e3o","og_description":"Este livro ensaia a possibilidade de um di\u00e1logo entre conceitos sociofenomen\u00f3l\u00f3gicos e a An\u00e1lise Cr\u00edtica do Discurso, ambas aplicadas ao campo do texto jornal\u00edstico. Assim,&hellip;","og_url":"https:\/\/labcom.ubi.pt\/en\/teoria-e-critica-do-discurso-noticioso-notas-sobre-jornalismo-e-representacoes-sociais\/","og_site_name":"LabCom - Laborat\u00f3rio de Comunica\u00e7\u00e3o","article_publisher":"https:\/\/www.facebook.com\/labcom.ubi.pt\/","article_published_time":"2009-06-23T15:04:36+00:00","article_modified_time":"2022-10-07T15:34:01+00:00","og_image":[{"width":174,"height":251,"url":"https:\/\/labcom.ubi.pt\/wp-content\/uploads\/2021\/06\/20110819-correia_teoria_critica_discurso_noticioso.jpeg","type":"image\/jpeg"}],"author":"Beatriz Botelho","twitter_card":"summary_large_image","twitter_misc":{"Written by":"Beatriz Botelho"},"schema":{"@context":"https:\/\/schema.org","@graph":[{"@type":"Article","@id":"https:\/\/labcom.ubi.pt\/teoria-e-critica-do-discurso-noticioso-notas-sobre-jornalismo-e-representacoes-sociais\/#article","isPartOf":{"@id":"https:\/\/labcom.ubi.pt\/teoria-e-critica-do-discurso-noticioso-notas-sobre-jornalismo-e-representacoes-sociais\/"},"author":{"name":"Beatriz Botelho","@id":"https:\/\/labcom.ubi.pt\/#\/schema\/person\/617550ce7f64e8a2ca3fdeb37ae2d25a"},"headline":"TEORIA E CR\u00cdTICA DO DISCURSO NOTICIOSO: NOTAS SOBRE JORNALISMO E REPRESENTA\u00c7\u00d5ES SOCIAIS","datePublished":"2009-06-23T15:04:36+00:00","dateModified":"2022-10-07T15:34:01+00:00","mainEntityOfPage":{"@id":"https:\/\/labcom.ubi.pt\/teoria-e-critica-do-discurso-noticioso-notas-sobre-jornalismo-e-representacoes-sociais\/"},"wordCount":105,"commentCount":0,"publisher":{"@id":"https:\/\/labcom.ubi.pt\/#organization"},"image":{"@id":"https:\/\/labcom.ubi.pt\/teoria-e-critica-do-discurso-noticioso-notas-sobre-jornalismo-e-representacoes-sociais\/#primaryimage"},"thumbnailUrl":"https:\/\/labcom.ubi.pt\/wp-content\/uploads\/2021\/06\/20110819-correia_teoria_critica_discurso_noticioso.jpeg","articleSection":["Livro Comunica\u00e7\u00e3o","Publica\u00e7\u00e3o"],"inLanguage":"en-US","potentialAction":[{"@type":"CommentAction","name":"Comment","target":["https:\/\/labcom.ubi.pt\/teoria-e-critica-do-discurso-noticioso-notas-sobre-jornalismo-e-representacoes-sociais\/#respond"]}]},{"@type":"WebPage","@id":"https:\/\/labcom.ubi.pt\/teoria-e-critica-do-discurso-noticioso-notas-sobre-jornalismo-e-representacoes-sociais\/","url":"https:\/\/labcom.ubi.pt\/teoria-e-critica-do-discurso-noticioso-notas-sobre-jornalismo-e-representacoes-sociais\/","name":"TEORIA E CR\u00cdTICA DO DISCURSO NOTICIOSO: NOTAS SOBRE JORNALISMO E REPRESENTA\u00c7\u00d5ES SOCIAIS - LabCom - Laborat\u00f3rio de Comunica\u00e7\u00e3o","isPartOf":{"@id":"https:\/\/labcom.ubi.pt\/#website"},"primaryImageOfPage":{"@id":"https:\/\/labcom.ubi.pt\/teoria-e-critica-do-discurso-noticioso-notas-sobre-jornalismo-e-representacoes-sociais\/#primaryimage"},"image":{"@id":"https:\/\/labcom.ubi.pt\/teoria-e-critica-do-discurso-noticioso-notas-sobre-jornalismo-e-representacoes-sociais\/#primaryimage"},"thumbnailUrl":"https:\/\/labcom.ubi.pt\/wp-content\/uploads\/2021\/06\/20110819-correia_teoria_critica_discurso_noticioso.jpeg","datePublished":"2009-06-23T15:04:36+00:00","dateModified":"2022-10-07T15:34:01+00:00","breadcrumb":{"@id":"https:\/\/labcom.ubi.pt\/teoria-e-critica-do-discurso-noticioso-notas-sobre-jornalismo-e-representacoes-sociais\/#breadcrumb"},"inLanguage":"en-US","potentialAction":[{"@type":"ReadAction","target":["https:\/\/labcom.ubi.pt\/teoria-e-critica-do-discurso-noticioso-notas-sobre-jornalismo-e-representacoes-sociais\/"]}]},{"@type":"ImageObject","inLanguage":"en-US","@id":"https:\/\/labcom.ubi.pt\/teoria-e-critica-do-discurso-noticioso-notas-sobre-jornalismo-e-representacoes-sociais\/#primaryimage","url":"https:\/\/labcom.ubi.pt\/wp-content\/uploads\/2021\/06\/20110819-correia_teoria_critica_discurso_noticioso.jpeg","contentUrl":"https:\/\/labcom.ubi.pt\/wp-content\/uploads\/2021\/06\/20110819-correia_teoria_critica_discurso_noticioso.jpeg","width":174,"height":251},{"@type":"BreadcrumbList","@id":"https:\/\/labcom.ubi.pt\/teoria-e-critica-do-discurso-noticioso-notas-sobre-jornalismo-e-representacoes-sociais\/#breadcrumb","itemListElement":[{"@type":"ListItem","position":1,"name":"In\u00edcio","item":"https:\/\/labcom.ubi.pt\/"},{"@type":"ListItem","position":2,"name":"TEORIA E CR\u00cdTICA DO DISCURSO NOTICIOSO: NOTAS SOBRE JORNALISMO E REPRESENTA\u00c7\u00d5ES SOCIAIS"}]},{"@type":"WebSite","@id":"https:\/\/labcom.ubi.pt\/#website","url":"https:\/\/labcom.ubi.pt\/","name":"LabCom - Laborat\u00f3rio de Comunica\u00e7\u00e3o","description":"Unidade de Investiga\u00e7\u00e3o Cient\u00edfica da Faculdade de Artes e Letras da Universidade da Beira Interior","publisher":{"@id":"https:\/\/labcom.ubi.pt\/#organization"},"potentialAction":[{"@type":"SearchAction","target":{"@type":"EntryPoint","urlTemplate":"https:\/\/labcom.ubi.pt\/?s={search_term_string}"},"query-input":"required name=search_term_string"}],"inLanguage":"en-US"},{"@type":"Organization","@id":"https:\/\/labcom.ubi.pt\/#organization","name":"LabCom - Comunica\u00e7\u00e3o e Artes","url":"https:\/\/labcom.ubi.pt\/","logo":{"@type":"ImageObject","inLanguage":"en-US","@id":"https:\/\/labcom.ubi.pt\/#\/schema\/logo\/image\/","url":"https:\/\/labcom.ubi.pt\/wp-content\/uploads\/2021\/05\/LabCom_logo-1.png","contentUrl":"https:\/\/labcom.ubi.pt\/wp-content\/uploads\/2021\/05\/LabCom_logo-1.png","width":1920,"height":573,"caption":"LabCom - Comunica\u00e7\u00e3o e Artes"},"image":{"@id":"https:\/\/labcom.ubi.pt\/#\/schema\/logo\/image\/"},"sameAs":["https:\/\/www.facebook.com\/labcom.ubi.pt\/","https:\/\/www.instagram.com\/labcom_ubi\/"]},{"@type":"Person","@id":"https:\/\/labcom.ubi.pt\/#\/schema\/person\/617550ce7f64e8a2ca3fdeb37ae2d25a","name":"Beatriz Botelho","image":{"@type":"ImageObject","inLanguage":"en-US","@id":"https:\/\/labcom.ubi.pt\/#\/schema\/person\/image\/","url":"https:\/\/secure.gravatar.com\/avatar\/605b66aaba7800f944c8f15a1c6fa7dd?s=96&d=mm&r=g","contentUrl":"https:\/\/secure.gravatar.com\/avatar\/605b66aaba7800f944c8f15a1c6fa7dd?s=96&d=mm&r=g","caption":"Beatriz Botelho"},"url":"https:\/\/labcom.ubi.pt\/en\/author\/beatriz\/"}]}},"_links":{"self":[{"href":"https:\/\/labcom.ubi.pt\/en\/wp-json\/wp\/v2\/posts\/5916","targetHints":{"allow":["GET"]}}],"collection":[{"href":"https:\/\/labcom.ubi.pt\/en\/wp-json\/wp\/v2\/posts"}],"about":[{"href":"https:\/\/labcom.ubi.pt\/en\/wp-json\/wp\/v2\/types\/post"}],"author":[{"embeddable":true,"href":"https:\/\/labcom.ubi.pt\/en\/wp-json\/wp\/v2\/users\/2"}],"replies":[{"embeddable":true,"href":"https:\/\/labcom.ubi.pt\/en\/wp-json\/wp\/v2\/comments?post=5916"}],"version-history":[{"count":0,"href":"https:\/\/labcom.ubi.pt\/en\/wp-json\/wp\/v2\/posts\/5916\/revisions"}],"wp:featuredmedia":[{"embeddable":true,"href":"https:\/\/labcom.ubi.pt\/en\/wp-json\/wp\/v2\/media\/5917"}],"wp:attachment":[{"href":"https:\/\/labcom.ubi.pt\/en\/wp-json\/wp\/v2\/media?parent=5916"}],"wp:term":[{"taxonomy":"category","embeddable":true,"href":"https:\/\/labcom.ubi.pt\/en\/wp-json\/wp\/v2\/categories?post=5916"},{"taxonomy":"post_tag","embeddable":true,"href":"https:\/\/labcom.ubi.pt\/en\/wp-json\/wp\/v2\/tags?post=5916"}],"curies":[{"name":"wp","href":"https:\/\/api.w.org\/{rel}","templated":true}]}}