{"id":5870,"date":"2010-07-10T14:57:49","date_gmt":"2010-07-10T14:57:49","guid":{"rendered":"https:\/\/labcom.ubi.pt\/?p=5870"},"modified":"2022-10-07T15:21:37","modified_gmt":"2022-10-07T15:21:37","slug":"o-pensamento-jornalistico-portugues-das-origens-a-abril-de-1974-vol-ii-2","status":"publish","type":"post","link":"https:\/\/labcom.ubi.pt\/en\/o-pensamento-jornalistico-portugues-das-origens-a-abril-de-1974-vol-ii-2\/","title":{"rendered":"O PENSAMENTO JORNAL\u00cdSTICO PORTUGU\u00caS: DAS ORIGENS A ABRIL DE 1974 VOL. II"},"content":{"rendered":"<div class=\"itemCorpoLivro\"><\/div>\n<p><span class=\"itemCorpoLivro\">Como foi pensado o jornalismo em Portugal at\u00e9 \u00e0 Revolu\u00e7\u00e3o de 1974? Foiesta a grande quest\u00e3o que balizou a produ\u00e7\u00e3o deste livro colectivo,produzido no \u00e2mbito de um projecto de investiga\u00e7\u00e3o financiado pelaFunda\u00e7\u00e3o para a Ci\u00eancia e a Tecnologia. Foi inten\u00e7\u00e3o dos autoresreal\u00e7ar os contributos aut\u00f3ctones para a edifica\u00e7\u00e3o das teorias dojornalismo. Deve salientar-se o elevado n\u00famero de autores portugueses,alguns dos quais injustamente esquecidos, que pensaram o jornalismo aolongo do tempo. Em Portugal, escreve-se sobre jornalismo pelo menosdesde 1644, e muito mais se escreveu a partir do s\u00e9culo XIX. Oresultado mais impressivo do projecto foi precisamente a redescobertade centenas de autores nacionais e do seu pensamento jornal\u00edstico,pois parecia ter-se desvanecido da mem\u00f3ria acad\u00e9mica nacional, numtempo de injusta omnipresen\u00e7a e aparente omnipot\u00eancia do ingl\u00eas comol\u00edngua de conhecimento, a produ\u00e7\u00e3o intelectual portuguesa sobrejornalismo, rica em variedade e interesse.<\/span><\/p>\n<p class=\"style2\"><span class=\"style2\">Pre\u00e7o da edi\u00e7\u00e3o impressa:\u00a0<\/span>\u20ac 32<\/p>","protected":false},"excerpt":{"rendered":"<p>Como foi pensado o jornalismo em Portugal at\u00e9 \u00e0 Revolu\u00e7\u00e3o de 1974? Foiesta a grande quest\u00e3o que balizou a produ\u00e7\u00e3o deste livro colectivo,produzido no \u00e2mbito&hellip;<\/p>","protected":false},"author":2,"featured_media":5871,"comment_status":"open","ping_status":"open","sticky":false,"template":"","format":"standard","meta":{"_acf_changed":false,"footnotes":""},"categories":[14,10],"tags":[],"class_list":["post-5870","post","type-post","status-publish","format-standard","has-post-thumbnail","hentry","category-livro-comunicacao","category-publicacao"],"acf":[],"yoast_head":"<!-- This site is optimized with the Yoast SEO plugin v23.1 - https:\/\/yoast.com\/wordpress\/plugins\/seo\/ -->\n<title>O PENSAMENTO JORNAL\u00cdSTICO PORTUGU\u00caS: DAS ORIGENS A ABRIL DE 1974 VOL. II - LabCom - Laborat\u00f3rio de Comunica\u00e7\u00e3o<\/title>\n<meta name=\"robots\" content=\"index, follow, max-snippet:-1, max-image-preview:large, max-video-preview:-1\" \/>\n<link rel=\"canonical\" href=\"https:\/\/labcom.ubi.pt\/en\/o-pensamento-jornalistico-portugues-das-origens-a-abril-de-1974-vol-ii-2\/\" \/>\n<meta property=\"og:locale\" content=\"en_US\" \/>\n<meta property=\"og:type\" content=\"article\" \/>\n<meta property=\"og:title\" content=\"O PENSAMENTO JORNAL\u00cdSTICO PORTUGU\u00caS: DAS ORIGENS A ABRIL DE 1974 VOL. II - LabCom - Laborat\u00f3rio de Comunica\u00e7\u00e3o\" \/>\n<meta property=\"og:description\" content=\"Como foi pensado o jornalismo em Portugal at\u00e9 \u00e0 Revolu\u00e7\u00e3o de 1974? Foiesta a grande quest\u00e3o que balizou a produ\u00e7\u00e3o deste livro colectivo,produzido no \u00e2mbito&hellip;\" \/>\n<meta property=\"og:url\" content=\"https:\/\/labcom.ubi.pt\/en\/o-pensamento-jornalistico-portugues-das-origens-a-abril-de-1974-vol-ii-2\/\" \/>\n<meta property=\"og:site_name\" content=\"LabCom - Laborat\u00f3rio de Comunica\u00e7\u00e3o\" \/>\n<meta property=\"article:publisher\" content=\"https:\/\/www.facebook.com\/labcom.ubi.pt\/\" \/>\n<meta property=\"article:published_time\" content=\"2010-07-10T14:57:49+00:00\" \/>\n<meta property=\"article:modified_time\" content=\"2022-10-07T15:21:37+00:00\" \/>\n<meta property=\"og:image\" content=\"https:\/\/labcom.ubi.pt\/wp-content\/uploads\/2021\/06\/20101112-sousa_pedro_o_pensamento_vol_ii.jpeg\" \/>\n\t<meta property=\"og:image:width\" content=\"400\" \/>\n\t<meta property=\"og:image:height\" content=\"565\" \/>\n\t<meta property=\"og:image:type\" content=\"image\/jpeg\" \/>\n<meta name=\"author\" content=\"Beatriz Botelho\" \/>\n<meta name=\"twitter:card\" content=\"summary_large_image\" \/>\n<meta name=\"twitter:label1\" content=\"Written by\" \/>\n\t<meta name=\"twitter:data1\" content=\"Beatriz Botelho\" \/>\n\t<meta name=\"twitter:label2\" content=\"Est. reading time\" \/>\n\t<meta name=\"twitter:data2\" content=\"1 minute\" \/>\n<script type=\"application\/ld+json\" class=\"yoast-schema-graph\">{\"@context\":\"https:\/\/schema.org\",\"@graph\":[{\"@type\":\"Article\",\"@id\":\"https:\/\/labcom.ubi.pt\/o-pensamento-jornalistico-portugues-das-origens-a-abril-de-1974-vol-ii-2\/#article\",\"isPartOf\":{\"@id\":\"https:\/\/labcom.ubi.pt\/o-pensamento-jornalistico-portugues-das-origens-a-abril-de-1974-vol-ii-2\/\"},\"author\":{\"name\":\"Beatriz Botelho\",\"@id\":\"https:\/\/labcom.ubi.pt\/#\/schema\/person\/617550ce7f64e8a2ca3fdeb37ae2d25a\"},\"headline\":\"O PENSAMENTO JORNAL\u00cdSTICO PORTUGU\u00caS: DAS ORIGENS A ABRIL DE 1974 VOL. II\",\"datePublished\":\"2010-07-10T14:57:49+00:00\",\"dateModified\":\"2022-10-07T15:21:37+00:00\",\"mainEntityOfPage\":{\"@id\":\"https:\/\/labcom.ubi.pt\/o-pensamento-jornalistico-portugues-das-origens-a-abril-de-1974-vol-ii-2\/\"},\"wordCount\":174,\"commentCount\":0,\"publisher\":{\"@id\":\"https:\/\/labcom.ubi.pt\/#organization\"},\"image\":{\"@id\":\"https:\/\/labcom.ubi.pt\/o-pensamento-jornalistico-portugues-das-origens-a-abril-de-1974-vol-ii-2\/#primaryimage\"},\"thumbnailUrl\":\"https:\/\/labcom.ubi.pt\/wp-content\/uploads\/2021\/06\/20101112-sousa_pedro_o_pensamento_vol_ii.jpeg\",\"articleSection\":[\"Livro Comunica\u00e7\u00e3o\",\"Publica\u00e7\u00e3o\"],\"inLanguage\":\"en-US\",\"potentialAction\":[{\"@type\":\"CommentAction\",\"name\":\"Comment\",\"target\":[\"https:\/\/labcom.ubi.pt\/o-pensamento-jornalistico-portugues-das-origens-a-abril-de-1974-vol-ii-2\/#respond\"]}]},{\"@type\":\"WebPage\",\"@id\":\"https:\/\/labcom.ubi.pt\/o-pensamento-jornalistico-portugues-das-origens-a-abril-de-1974-vol-ii-2\/\",\"url\":\"https:\/\/labcom.ubi.pt\/o-pensamento-jornalistico-portugues-das-origens-a-abril-de-1974-vol-ii-2\/\",\"name\":\"O PENSAMENTO JORNAL\u00cdSTICO PORTUGU\u00caS: DAS ORIGENS A ABRIL DE 1974 VOL. II - LabCom - Laborat\u00f3rio de Comunica\u00e7\u00e3o\",\"isPartOf\":{\"@id\":\"https:\/\/labcom.ubi.pt\/#website\"},\"primaryImageOfPage\":{\"@id\":\"https:\/\/labcom.ubi.pt\/o-pensamento-jornalistico-portugues-das-origens-a-abril-de-1974-vol-ii-2\/#primaryimage\"},\"image\":{\"@id\":\"https:\/\/labcom.ubi.pt\/o-pensamento-jornalistico-portugues-das-origens-a-abril-de-1974-vol-ii-2\/#primaryimage\"},\"thumbnailUrl\":\"https:\/\/labcom.ubi.pt\/wp-content\/uploads\/2021\/06\/20101112-sousa_pedro_o_pensamento_vol_ii.jpeg\",\"datePublished\":\"2010-07-10T14:57:49+00:00\",\"dateModified\":\"2022-10-07T15:21:37+00:00\",\"breadcrumb\":{\"@id\":\"https:\/\/labcom.ubi.pt\/o-pensamento-jornalistico-portugues-das-origens-a-abril-de-1974-vol-ii-2\/#breadcrumb\"},\"inLanguage\":\"en-US\",\"potentialAction\":[{\"@type\":\"ReadAction\",\"target\":[\"https:\/\/labcom.ubi.pt\/o-pensamento-jornalistico-portugues-das-origens-a-abril-de-1974-vol-ii-2\/\"]}]},{\"@type\":\"ImageObject\",\"inLanguage\":\"en-US\",\"@id\":\"https:\/\/labcom.ubi.pt\/o-pensamento-jornalistico-portugues-das-origens-a-abril-de-1974-vol-ii-2\/#primaryimage\",\"url\":\"https:\/\/labcom.ubi.pt\/wp-content\/uploads\/2021\/06\/20101112-sousa_pedro_o_pensamento_vol_ii.jpeg\",\"contentUrl\":\"https:\/\/labcom.ubi.pt\/wp-content\/uploads\/2021\/06\/20101112-sousa_pedro_o_pensamento_vol_ii.jpeg\",\"width\":400,\"height\":565},{\"@type\":\"BreadcrumbList\",\"@id\":\"https:\/\/labcom.ubi.pt\/o-pensamento-jornalistico-portugues-das-origens-a-abril-de-1974-vol-ii-2\/#breadcrumb\",\"itemListElement\":[{\"@type\":\"ListItem\",\"position\":1,\"name\":\"In\u00edcio\",\"item\":\"https:\/\/labcom.ubi.pt\/\"},{\"@type\":\"ListItem\",\"position\":2,\"name\":\"O PENSAMENTO JORNAL\u00cdSTICO PORTUGU\u00caS: DAS ORIGENS A ABRIL DE 1974 VOL. II\"}]},{\"@type\":\"WebSite\",\"@id\":\"https:\/\/labcom.ubi.pt\/#website\",\"url\":\"https:\/\/labcom.ubi.pt\/\",\"name\":\"LabCom - Laborat\u00f3rio de Comunica\u00e7\u00e3o\",\"description\":\"Unidade de Investiga\u00e7\u00e3o Cient\u00edfica da Faculdade de Artes e Letras da Universidade da Beira Interior\",\"publisher\":{\"@id\":\"https:\/\/labcom.ubi.pt\/#organization\"},\"potentialAction\":[{\"@type\":\"SearchAction\",\"target\":{\"@type\":\"EntryPoint\",\"urlTemplate\":\"https:\/\/labcom.ubi.pt\/?s={search_term_string}\"},\"query-input\":\"required name=search_term_string\"}],\"inLanguage\":\"en-US\"},{\"@type\":\"Organization\",\"@id\":\"https:\/\/labcom.ubi.pt\/#organization\",\"name\":\"LabCom - Comunica\u00e7\u00e3o e Artes\",\"url\":\"https:\/\/labcom.ubi.pt\/\",\"logo\":{\"@type\":\"ImageObject\",\"inLanguage\":\"en-US\",\"@id\":\"https:\/\/labcom.ubi.pt\/#\/schema\/logo\/image\/\",\"url\":\"https:\/\/labcom.ubi.pt\/wp-content\/uploads\/2021\/05\/LabCom_logo-1.png\",\"contentUrl\":\"https:\/\/labcom.ubi.pt\/wp-content\/uploads\/2021\/05\/LabCom_logo-1.png\",\"width\":1920,\"height\":573,\"caption\":\"LabCom - Comunica\u00e7\u00e3o e Artes\"},\"image\":{\"@id\":\"https:\/\/labcom.ubi.pt\/#\/schema\/logo\/image\/\"},\"sameAs\":[\"https:\/\/www.facebook.com\/labcom.ubi.pt\/\",\"https:\/\/www.instagram.com\/labcom_ubi\/\"]},{\"@type\":\"Person\",\"@id\":\"https:\/\/labcom.ubi.pt\/#\/schema\/person\/617550ce7f64e8a2ca3fdeb37ae2d25a\",\"name\":\"Beatriz Botelho\",\"image\":{\"@type\":\"ImageObject\",\"inLanguage\":\"en-US\",\"@id\":\"https:\/\/labcom.ubi.pt\/#\/schema\/person\/image\/\",\"url\":\"https:\/\/secure.gravatar.com\/avatar\/605b66aaba7800f944c8f15a1c6fa7dd?s=96&d=mm&r=g\",\"contentUrl\":\"https:\/\/secure.gravatar.com\/avatar\/605b66aaba7800f944c8f15a1c6fa7dd?s=96&d=mm&r=g\",\"caption\":\"Beatriz Botelho\"},\"url\":\"https:\/\/labcom.ubi.pt\/en\/author\/beatriz\/\"}]}<\/script>\n<!-- \/ Yoast SEO plugin. -->","yoast_head_json":{"title":"O PENSAMENTO JORNAL\u00cdSTICO PORTUGU\u00caS: DAS ORIGENS A ABRIL DE 1974 VOL. II - LabCom - Laborat\u00f3rio de Comunica\u00e7\u00e3o","robots":{"index":"index","follow":"follow","max-snippet":"max-snippet:-1","max-image-preview":"max-image-preview:large","max-video-preview":"max-video-preview:-1"},"canonical":"https:\/\/labcom.ubi.pt\/en\/o-pensamento-jornalistico-portugues-das-origens-a-abril-de-1974-vol-ii-2\/","og_locale":"en_US","og_type":"article","og_title":"O PENSAMENTO JORNAL\u00cdSTICO PORTUGU\u00caS: DAS ORIGENS A ABRIL DE 1974 VOL. II - LabCom - Laborat\u00f3rio de Comunica\u00e7\u00e3o","og_description":"Como foi pensado o jornalismo em Portugal at\u00e9 \u00e0 Revolu\u00e7\u00e3o de 1974? Foiesta a grande quest\u00e3o que balizou a produ\u00e7\u00e3o deste livro colectivo,produzido no \u00e2mbito&hellip;","og_url":"https:\/\/labcom.ubi.pt\/en\/o-pensamento-jornalistico-portugues-das-origens-a-abril-de-1974-vol-ii-2\/","og_site_name":"LabCom - Laborat\u00f3rio de Comunica\u00e7\u00e3o","article_publisher":"https:\/\/www.facebook.com\/labcom.ubi.pt\/","article_published_time":"2010-07-10T14:57:49+00:00","article_modified_time":"2022-10-07T15:21:37+00:00","og_image":[{"width":400,"height":565,"url":"https:\/\/labcom.ubi.pt\/wp-content\/uploads\/2021\/06\/20101112-sousa_pedro_o_pensamento_vol_ii.jpeg","type":"image\/jpeg"}],"author":"Beatriz Botelho","twitter_card":"summary_large_image","twitter_misc":{"Written by":"Beatriz Botelho","Est. reading time":"1 minute"},"schema":{"@context":"https:\/\/schema.org","@graph":[{"@type":"Article","@id":"https:\/\/labcom.ubi.pt\/o-pensamento-jornalistico-portugues-das-origens-a-abril-de-1974-vol-ii-2\/#article","isPartOf":{"@id":"https:\/\/labcom.ubi.pt\/o-pensamento-jornalistico-portugues-das-origens-a-abril-de-1974-vol-ii-2\/"},"author":{"name":"Beatriz Botelho","@id":"https:\/\/labcom.ubi.pt\/#\/schema\/person\/617550ce7f64e8a2ca3fdeb37ae2d25a"},"headline":"O PENSAMENTO JORNAL\u00cdSTICO PORTUGU\u00caS: DAS ORIGENS A ABRIL DE 1974 VOL. II","datePublished":"2010-07-10T14:57:49+00:00","dateModified":"2022-10-07T15:21:37+00:00","mainEntityOfPage":{"@id":"https:\/\/labcom.ubi.pt\/o-pensamento-jornalistico-portugues-das-origens-a-abril-de-1974-vol-ii-2\/"},"wordCount":174,"commentCount":0,"publisher":{"@id":"https:\/\/labcom.ubi.pt\/#organization"},"image":{"@id":"https:\/\/labcom.ubi.pt\/o-pensamento-jornalistico-portugues-das-origens-a-abril-de-1974-vol-ii-2\/#primaryimage"},"thumbnailUrl":"https:\/\/labcom.ubi.pt\/wp-content\/uploads\/2021\/06\/20101112-sousa_pedro_o_pensamento_vol_ii.jpeg","articleSection":["Livro Comunica\u00e7\u00e3o","Publica\u00e7\u00e3o"],"inLanguage":"en-US","potentialAction":[{"@type":"CommentAction","name":"Comment","target":["https:\/\/labcom.ubi.pt\/o-pensamento-jornalistico-portugues-das-origens-a-abril-de-1974-vol-ii-2\/#respond"]}]},{"@type":"WebPage","@id":"https:\/\/labcom.ubi.pt\/o-pensamento-jornalistico-portugues-das-origens-a-abril-de-1974-vol-ii-2\/","url":"https:\/\/labcom.ubi.pt\/o-pensamento-jornalistico-portugues-das-origens-a-abril-de-1974-vol-ii-2\/","name":"O PENSAMENTO JORNAL\u00cdSTICO PORTUGU\u00caS: DAS ORIGENS A ABRIL DE 1974 VOL. II - LabCom - Laborat\u00f3rio de Comunica\u00e7\u00e3o","isPartOf":{"@id":"https:\/\/labcom.ubi.pt\/#website"},"primaryImageOfPage":{"@id":"https:\/\/labcom.ubi.pt\/o-pensamento-jornalistico-portugues-das-origens-a-abril-de-1974-vol-ii-2\/#primaryimage"},"image":{"@id":"https:\/\/labcom.ubi.pt\/o-pensamento-jornalistico-portugues-das-origens-a-abril-de-1974-vol-ii-2\/#primaryimage"},"thumbnailUrl":"https:\/\/labcom.ubi.pt\/wp-content\/uploads\/2021\/06\/20101112-sousa_pedro_o_pensamento_vol_ii.jpeg","datePublished":"2010-07-10T14:57:49+00:00","dateModified":"2022-10-07T15:21:37+00:00","breadcrumb":{"@id":"https:\/\/labcom.ubi.pt\/o-pensamento-jornalistico-portugues-das-origens-a-abril-de-1974-vol-ii-2\/#breadcrumb"},"inLanguage":"en-US","potentialAction":[{"@type":"ReadAction","target":["https:\/\/labcom.ubi.pt\/o-pensamento-jornalistico-portugues-das-origens-a-abril-de-1974-vol-ii-2\/"]}]},{"@type":"ImageObject","inLanguage":"en-US","@id":"https:\/\/labcom.ubi.pt\/o-pensamento-jornalistico-portugues-das-origens-a-abril-de-1974-vol-ii-2\/#primaryimage","url":"https:\/\/labcom.ubi.pt\/wp-content\/uploads\/2021\/06\/20101112-sousa_pedro_o_pensamento_vol_ii.jpeg","contentUrl":"https:\/\/labcom.ubi.pt\/wp-content\/uploads\/2021\/06\/20101112-sousa_pedro_o_pensamento_vol_ii.jpeg","width":400,"height":565},{"@type":"BreadcrumbList","@id":"https:\/\/labcom.ubi.pt\/o-pensamento-jornalistico-portugues-das-origens-a-abril-de-1974-vol-ii-2\/#breadcrumb","itemListElement":[{"@type":"ListItem","position":1,"name":"In\u00edcio","item":"https:\/\/labcom.ubi.pt\/"},{"@type":"ListItem","position":2,"name":"O PENSAMENTO JORNAL\u00cdSTICO PORTUGU\u00caS: DAS ORIGENS A ABRIL DE 1974 VOL. II"}]},{"@type":"WebSite","@id":"https:\/\/labcom.ubi.pt\/#website","url":"https:\/\/labcom.ubi.pt\/","name":"LabCom - Laborat\u00f3rio de Comunica\u00e7\u00e3o","description":"Unidade de Investiga\u00e7\u00e3o Cient\u00edfica da Faculdade de Artes e Letras da Universidade da Beira Interior","publisher":{"@id":"https:\/\/labcom.ubi.pt\/#organization"},"potentialAction":[{"@type":"SearchAction","target":{"@type":"EntryPoint","urlTemplate":"https:\/\/labcom.ubi.pt\/?s={search_term_string}"},"query-input":"required name=search_term_string"}],"inLanguage":"en-US"},{"@type":"Organization","@id":"https:\/\/labcom.ubi.pt\/#organization","name":"LabCom - Comunica\u00e7\u00e3o e Artes","url":"https:\/\/labcom.ubi.pt\/","logo":{"@type":"ImageObject","inLanguage":"en-US","@id":"https:\/\/labcom.ubi.pt\/#\/schema\/logo\/image\/","url":"https:\/\/labcom.ubi.pt\/wp-content\/uploads\/2021\/05\/LabCom_logo-1.png","contentUrl":"https:\/\/labcom.ubi.pt\/wp-content\/uploads\/2021\/05\/LabCom_logo-1.png","width":1920,"height":573,"caption":"LabCom - Comunica\u00e7\u00e3o e Artes"},"image":{"@id":"https:\/\/labcom.ubi.pt\/#\/schema\/logo\/image\/"},"sameAs":["https:\/\/www.facebook.com\/labcom.ubi.pt\/","https:\/\/www.instagram.com\/labcom_ubi\/"]},{"@type":"Person","@id":"https:\/\/labcom.ubi.pt\/#\/schema\/person\/617550ce7f64e8a2ca3fdeb37ae2d25a","name":"Beatriz Botelho","image":{"@type":"ImageObject","inLanguage":"en-US","@id":"https:\/\/labcom.ubi.pt\/#\/schema\/person\/image\/","url":"https:\/\/secure.gravatar.com\/avatar\/605b66aaba7800f944c8f15a1c6fa7dd?s=96&d=mm&r=g","contentUrl":"https:\/\/secure.gravatar.com\/avatar\/605b66aaba7800f944c8f15a1c6fa7dd?s=96&d=mm&r=g","caption":"Beatriz Botelho"},"url":"https:\/\/labcom.ubi.pt\/en\/author\/beatriz\/"}]}},"_links":{"self":[{"href":"https:\/\/labcom.ubi.pt\/en\/wp-json\/wp\/v2\/posts\/5870","targetHints":{"allow":["GET"]}}],"collection":[{"href":"https:\/\/labcom.ubi.pt\/en\/wp-json\/wp\/v2\/posts"}],"about":[{"href":"https:\/\/labcom.ubi.pt\/en\/wp-json\/wp\/v2\/types\/post"}],"author":[{"embeddable":true,"href":"https:\/\/labcom.ubi.pt\/en\/wp-json\/wp\/v2\/users\/2"}],"replies":[{"embeddable":true,"href":"https:\/\/labcom.ubi.pt\/en\/wp-json\/wp\/v2\/comments?post=5870"}],"version-history":[{"count":0,"href":"https:\/\/labcom.ubi.pt\/en\/wp-json\/wp\/v2\/posts\/5870\/revisions"}],"wp:featuredmedia":[{"embeddable":true,"href":"https:\/\/labcom.ubi.pt\/en\/wp-json\/wp\/v2\/media\/5871"}],"wp:attachment":[{"href":"https:\/\/labcom.ubi.pt\/en\/wp-json\/wp\/v2\/media?parent=5870"}],"wp:term":[{"taxonomy":"category","embeddable":true,"href":"https:\/\/labcom.ubi.pt\/en\/wp-json\/wp\/v2\/categories?post=5870"},{"taxonomy":"post_tag","embeddable":true,"href":"https:\/\/labcom.ubi.pt\/en\/wp-json\/wp\/v2\/tags?post=5870"}],"curies":[{"name":"wp","href":"https:\/\/api.w.org\/{rel}","templated":true}]}}