{"id":5760,"date":"2014-06-23T14:42:11","date_gmt":"2014-06-23T14:42:11","guid":{"rendered":"https:\/\/labcom.ubi.pt\/?p=5760"},"modified":"2022-10-07T14:48:56","modified_gmt":"2022-10-07T14:48:56","slug":"comunicacao-digital-10-anos-de-investigacao","status":"publish","type":"post","link":"https:\/\/labcom.ubi.pt\/en\/comunicacao-digital-10-anos-de-investigacao\/","title":{"rendered":"COMUNICA\u00c7\u00c3O DIGITAL \u2013 10 ANOS DE INVESTIGA\u00c7\u00c3O"},"content":{"rendered":"<div class=\"itemCorpoLivro\"><\/div>\n<p class=\"p1\">A marca distintiva do LabCom, Laborat\u00f3rio de Comunica\u00e7\u00e3o Online, foi sempre o fazer. Quando o inici\u00e1mos, h\u00e1 10 anos, j\u00e1 t\u00ednhamos a experi\u00eancia da cria\u00e7\u00e3o de uma biblioteca, de um jornal e de uma revista, todos<em>online<\/em>, correndo sobre bases de dados. Com efeito, a Biblioteca Online de Ci\u00eancias da Comunica\u00e7\u00e3o, a BOCC, criada em maio de 1999, o lan\u00e7amento do jornal\u00a0<em>Urbi et Orbi\u00a0<\/em>em janeiro de 2000, e da revista\u00a0<em>Recensio,<\/em>\u00a0em 2001, e, em particular, a investiga\u00e7\u00e3o e experimenta\u00e7\u00e3o feitas no \u00e2mbito do projeto \u201cAkademia \u2013 Tecnologia da Informa\u00e7\u00e3o e Novas Formas de Jornalismo Online\u201d (2000-2004), financiado pela FCT, possibilitaram um saber fazer \u00fanico em Portugal no \u00e2mbito da comunica\u00e7\u00e3o digital. O LabCom tornou-se conhecido em Portugal e, sobretudo, no Brasil pelas bibliotecas (BOCC, Lusosofia), revistas (<em>Doc-Online<\/em>,\u00a0<em>Communication Studies<\/em>), e a editora\u00a0<em>online<\/em>\u00a0(Livros LabCom).<\/p>\n<p class=\"p1\">Com o saber fazer veio a investiga\u00e7\u00e3o muito espec\u00edfica em \u00e1reas que a digitaliza\u00e7\u00e3o e a Internet revolucionaram, nomeadamente a informa\u00e7\u00e3o, em geral, e o jornalismo, em particular, a comunica\u00e7\u00e3o e a delibera\u00e7\u00e3o pol\u00edticas, o\u00a0<em>design<\/em>, a comunica\u00e7\u00e3o multim\u00e9dia e o cinema. Hoje, o LabCom conta com tr\u00eas grupos de investiga\u00e7\u00e3o que estruturam a divis\u00e3o do presente volume: Informa\u00e7\u00e3o e Persuas\u00e3o;\u00a0<em>media<\/em>, Identidade e Cidadania; Cinema e Multim\u00e9dia.<\/p>\n<p class=\"p1\">Os textos, aqui inclu\u00eddos, oferecem uma amostra do estado da arte do que se faz no LabCom. N\u00e3o s\u00e3o um resumo de investiga\u00e7\u00f5es passadas, mas sim investiga\u00e7\u00f5es presentes que, na grande maioria, v\u00eam na senda dessas investiga\u00e7\u00f5es. N\u00e3o seria dif\u00edcil, mediante a arqueologia dos textos presentes, encontrar muitas das publica\u00e7\u00f5es que fazem o patrim\u00f3nio do LabCom, em particular os Livros LabCom. Os tr\u00eas volumes\u00a0<em>Informa\u00e7\u00e3o e Comunica\u00e7\u00e3o Online<\/em>\u00a0\u2013 i)\u00a0<em>Jornalismo Online<\/em>, ii)\u00a0<em>Internet e Comunica\u00e7\u00e3o Promocional<\/em>, iii)\u00a0<em>Mundo Online da Vida e Cidadania<\/em>, publicados em 2003, e que consubstanciaram o projeto Akademia \u2013 cont\u00eam o g\u00e9rmen de muito do trabalho que agora se apresenta aqui. H\u00e1, no LabCom, uma continuidade de investiga\u00e7\u00e3o que manifesta a identidade de uma unidade de investiga\u00e7\u00e3o muito pr\u00f3pria no espa\u00e7o lus\u00f3fono.<\/p>","protected":false},"excerpt":{"rendered":"<p>A marca distintiva do LabCom, Laborat\u00f3rio de Comunica\u00e7\u00e3o Online, foi sempre o fazer. Quando o inici\u00e1mos, h\u00e1 10 anos, j\u00e1 t\u00ednhamos a experi\u00eancia da cria\u00e7\u00e3o&hellip;<\/p>","protected":false},"author":2,"featured_media":5761,"comment_status":"open","ping_status":"open","sticky":false,"template":"","format":"standard","meta":{"_acf_changed":false,"footnotes":""},"categories":[14,10],"tags":[],"class_list":["post-5760","post","type-post","status-publish","format-standard","has-post-thumbnail","hentry","category-livro-comunicacao","category-publicacao"],"acf":[],"yoast_head":"<!-- This site is optimized with the Yoast SEO plugin v23.1 - https:\/\/yoast.com\/wordpress\/plugins\/seo\/ -->\n<title>COMUNICA\u00c7\u00c3O DIGITAL \u2013 10 ANOS DE INVESTIGA\u00c7\u00c3O - LabCom - Laborat\u00f3rio de Comunica\u00e7\u00e3o<\/title>\n<meta name=\"robots\" content=\"index, follow, max-snippet:-1, max-image-preview:large, max-video-preview:-1\" \/>\n<link rel=\"canonical\" href=\"https:\/\/labcom.ubi.pt\/en\/comunicacao-digital-10-anos-de-investigacao\/\" \/>\n<meta property=\"og:locale\" content=\"en_US\" \/>\n<meta property=\"og:type\" content=\"article\" \/>\n<meta property=\"og:title\" content=\"COMUNICA\u00c7\u00c3O DIGITAL \u2013 10 ANOS DE INVESTIGA\u00c7\u00c3O - LabCom - Laborat\u00f3rio de Comunica\u00e7\u00e3o\" \/>\n<meta property=\"og:description\" content=\"A marca distintiva do LabCom, Laborat\u00f3rio de Comunica\u00e7\u00e3o Online, foi sempre o fazer. Quando o inici\u00e1mos, h\u00e1 10 anos, j\u00e1 t\u00ednhamos a experi\u00eancia da cria\u00e7\u00e3o&hellip;\" \/>\n<meta property=\"og:url\" content=\"https:\/\/labcom.ubi.pt\/en\/comunicacao-digital-10-anos-de-investigacao\/\" \/>\n<meta property=\"og:site_name\" content=\"LabCom - Laborat\u00f3rio de Comunica\u00e7\u00e3o\" \/>\n<meta property=\"article:publisher\" content=\"https:\/\/www.facebook.com\/labcom.ubi.pt\/\" \/>\n<meta property=\"article:published_time\" content=\"2014-06-23T14:42:11+00:00\" \/>\n<meta property=\"article:modified_time\" content=\"2022-10-07T14:48:56+00:00\" \/>\n<meta property=\"og:image\" content=\"https:\/\/labcom.ubi.pt\/wp-content\/uploads\/2021\/06\/20140930-capa_xsmall.jpeg\" \/>\n\t<meta property=\"og:image:width\" content=\"300\" \/>\n\t<meta property=\"og:image:height\" content=\"445\" \/>\n\t<meta property=\"og:image:type\" content=\"image\/jpeg\" \/>\n<meta name=\"author\" content=\"Beatriz Botelho\" \/>\n<meta name=\"twitter:card\" content=\"summary_large_image\" \/>\n<meta name=\"twitter:label1\" content=\"Written by\" \/>\n\t<meta name=\"twitter:data1\" content=\"Beatriz Botelho\" \/>\n\t<meta name=\"twitter:label2\" content=\"Est. reading time\" \/>\n\t<meta name=\"twitter:data2\" content=\"2 minutes\" \/>\n<script type=\"application\/ld+json\" class=\"yoast-schema-graph\">{\"@context\":\"https:\/\/schema.org\",\"@graph\":[{\"@type\":\"Article\",\"@id\":\"https:\/\/labcom.ubi.pt\/comunicacao-digital-10-anos-de-investigacao\/#article\",\"isPartOf\":{\"@id\":\"https:\/\/labcom.ubi.pt\/comunicacao-digital-10-anos-de-investigacao\/\"},\"author\":{\"name\":\"Beatriz Botelho\",\"@id\":\"https:\/\/labcom.ubi.pt\/#\/schema\/person\/617550ce7f64e8a2ca3fdeb37ae2d25a\"},\"headline\":\"COMUNICA\u00c7\u00c3O DIGITAL \u2013 10 ANOS DE INVESTIGA\u00c7\u00c3O\",\"datePublished\":\"2014-06-23T14:42:11+00:00\",\"dateModified\":\"2022-10-07T14:48:56+00:00\",\"mainEntityOfPage\":{\"@id\":\"https:\/\/labcom.ubi.pt\/comunicacao-digital-10-anos-de-investigacao\/\"},\"wordCount\":383,\"commentCount\":0,\"publisher\":{\"@id\":\"https:\/\/labcom.ubi.pt\/#organization\"},\"image\":{\"@id\":\"https:\/\/labcom.ubi.pt\/comunicacao-digital-10-anos-de-investigacao\/#primaryimage\"},\"thumbnailUrl\":\"https:\/\/labcom.ubi.pt\/wp-content\/uploads\/2021\/06\/20140930-capa_xsmall.jpeg\",\"articleSection\":[\"Livro Comunica\u00e7\u00e3o\",\"Publica\u00e7\u00e3o\"],\"inLanguage\":\"en-US\",\"potentialAction\":[{\"@type\":\"CommentAction\",\"name\":\"Comment\",\"target\":[\"https:\/\/labcom.ubi.pt\/comunicacao-digital-10-anos-de-investigacao\/#respond\"]}]},{\"@type\":\"WebPage\",\"@id\":\"https:\/\/labcom.ubi.pt\/comunicacao-digital-10-anos-de-investigacao\/\",\"url\":\"https:\/\/labcom.ubi.pt\/comunicacao-digital-10-anos-de-investigacao\/\",\"name\":\"COMUNICA\u00c7\u00c3O DIGITAL \u2013 10 ANOS DE INVESTIGA\u00c7\u00c3O - LabCom - Laborat\u00f3rio de Comunica\u00e7\u00e3o\",\"isPartOf\":{\"@id\":\"https:\/\/labcom.ubi.pt\/#website\"},\"primaryImageOfPage\":{\"@id\":\"https:\/\/labcom.ubi.pt\/comunicacao-digital-10-anos-de-investigacao\/#primaryimage\"},\"image\":{\"@id\":\"https:\/\/labcom.ubi.pt\/comunicacao-digital-10-anos-de-investigacao\/#primaryimage\"},\"thumbnailUrl\":\"https:\/\/labcom.ubi.pt\/wp-content\/uploads\/2021\/06\/20140930-capa_xsmall.jpeg\",\"datePublished\":\"2014-06-23T14:42:11+00:00\",\"dateModified\":\"2022-10-07T14:48:56+00:00\",\"breadcrumb\":{\"@id\":\"https:\/\/labcom.ubi.pt\/comunicacao-digital-10-anos-de-investigacao\/#breadcrumb\"},\"inLanguage\":\"en-US\",\"potentialAction\":[{\"@type\":\"ReadAction\",\"target\":[\"https:\/\/labcom.ubi.pt\/comunicacao-digital-10-anos-de-investigacao\/\"]}]},{\"@type\":\"ImageObject\",\"inLanguage\":\"en-US\",\"@id\":\"https:\/\/labcom.ubi.pt\/comunicacao-digital-10-anos-de-investigacao\/#primaryimage\",\"url\":\"https:\/\/labcom.ubi.pt\/wp-content\/uploads\/2021\/06\/20140930-capa_xsmall.jpeg\",\"contentUrl\":\"https:\/\/labcom.ubi.pt\/wp-content\/uploads\/2021\/06\/20140930-capa_xsmall.jpeg\",\"width\":300,\"height\":445},{\"@type\":\"BreadcrumbList\",\"@id\":\"https:\/\/labcom.ubi.pt\/comunicacao-digital-10-anos-de-investigacao\/#breadcrumb\",\"itemListElement\":[{\"@type\":\"ListItem\",\"position\":1,\"name\":\"In\u00edcio\",\"item\":\"https:\/\/labcom.ubi.pt\/\"},{\"@type\":\"ListItem\",\"position\":2,\"name\":\"COMUNICA\u00c7\u00c3O DIGITAL \u2013 10 ANOS DE INVESTIGA\u00c7\u00c3O\"}]},{\"@type\":\"WebSite\",\"@id\":\"https:\/\/labcom.ubi.pt\/#website\",\"url\":\"https:\/\/labcom.ubi.pt\/\",\"name\":\"LabCom - Laborat\u00f3rio de Comunica\u00e7\u00e3o\",\"description\":\"Unidade de Investiga\u00e7\u00e3o Cient\u00edfica da Faculdade de Artes e Letras da Universidade da Beira Interior\",\"publisher\":{\"@id\":\"https:\/\/labcom.ubi.pt\/#organization\"},\"potentialAction\":[{\"@type\":\"SearchAction\",\"target\":{\"@type\":\"EntryPoint\",\"urlTemplate\":\"https:\/\/labcom.ubi.pt\/?s={search_term_string}\"},\"query-input\":\"required name=search_term_string\"}],\"inLanguage\":\"en-US\"},{\"@type\":\"Organization\",\"@id\":\"https:\/\/labcom.ubi.pt\/#organization\",\"name\":\"LabCom - Comunica\u00e7\u00e3o e Artes\",\"url\":\"https:\/\/labcom.ubi.pt\/\",\"logo\":{\"@type\":\"ImageObject\",\"inLanguage\":\"en-US\",\"@id\":\"https:\/\/labcom.ubi.pt\/#\/schema\/logo\/image\/\",\"url\":\"https:\/\/labcom.ubi.pt\/wp-content\/uploads\/2021\/05\/LabCom_logo-1.png\",\"contentUrl\":\"https:\/\/labcom.ubi.pt\/wp-content\/uploads\/2021\/05\/LabCom_logo-1.png\",\"width\":1920,\"height\":573,\"caption\":\"LabCom - Comunica\u00e7\u00e3o e Artes\"},\"image\":{\"@id\":\"https:\/\/labcom.ubi.pt\/#\/schema\/logo\/image\/\"},\"sameAs\":[\"https:\/\/www.facebook.com\/labcom.ubi.pt\/\",\"https:\/\/www.instagram.com\/labcom_ubi\/\"]},{\"@type\":\"Person\",\"@id\":\"https:\/\/labcom.ubi.pt\/#\/schema\/person\/617550ce7f64e8a2ca3fdeb37ae2d25a\",\"name\":\"Beatriz Botelho\",\"image\":{\"@type\":\"ImageObject\",\"inLanguage\":\"en-US\",\"@id\":\"https:\/\/labcom.ubi.pt\/#\/schema\/person\/image\/\",\"url\":\"https:\/\/secure.gravatar.com\/avatar\/605b66aaba7800f944c8f15a1c6fa7dd?s=96&d=mm&r=g\",\"contentUrl\":\"https:\/\/secure.gravatar.com\/avatar\/605b66aaba7800f944c8f15a1c6fa7dd?s=96&d=mm&r=g\",\"caption\":\"Beatriz Botelho\"},\"url\":\"https:\/\/labcom.ubi.pt\/en\/author\/beatriz\/\"}]}<\/script>\n<!-- \/ Yoast SEO plugin. -->","yoast_head_json":{"title":"COMUNICA\u00c7\u00c3O DIGITAL \u2013 10 ANOS DE INVESTIGA\u00c7\u00c3O - LabCom - Laborat\u00f3rio de Comunica\u00e7\u00e3o","robots":{"index":"index","follow":"follow","max-snippet":"max-snippet:-1","max-image-preview":"max-image-preview:large","max-video-preview":"max-video-preview:-1"},"canonical":"https:\/\/labcom.ubi.pt\/en\/comunicacao-digital-10-anos-de-investigacao\/","og_locale":"en_US","og_type":"article","og_title":"COMUNICA\u00c7\u00c3O DIGITAL \u2013 10 ANOS DE INVESTIGA\u00c7\u00c3O - LabCom - Laborat\u00f3rio de Comunica\u00e7\u00e3o","og_description":"A marca distintiva do LabCom, Laborat\u00f3rio de Comunica\u00e7\u00e3o Online, foi sempre o fazer. Quando o inici\u00e1mos, h\u00e1 10 anos, j\u00e1 t\u00ednhamos a experi\u00eancia da cria\u00e7\u00e3o&hellip;","og_url":"https:\/\/labcom.ubi.pt\/en\/comunicacao-digital-10-anos-de-investigacao\/","og_site_name":"LabCom - Laborat\u00f3rio de Comunica\u00e7\u00e3o","article_publisher":"https:\/\/www.facebook.com\/labcom.ubi.pt\/","article_published_time":"2014-06-23T14:42:11+00:00","article_modified_time":"2022-10-07T14:48:56+00:00","og_image":[{"width":300,"height":445,"url":"https:\/\/labcom.ubi.pt\/wp-content\/uploads\/2021\/06\/20140930-capa_xsmall.jpeg","type":"image\/jpeg"}],"author":"Beatriz Botelho","twitter_card":"summary_large_image","twitter_misc":{"Written by":"Beatriz Botelho","Est. reading time":"2 minutes"},"schema":{"@context":"https:\/\/schema.org","@graph":[{"@type":"Article","@id":"https:\/\/labcom.ubi.pt\/comunicacao-digital-10-anos-de-investigacao\/#article","isPartOf":{"@id":"https:\/\/labcom.ubi.pt\/comunicacao-digital-10-anos-de-investigacao\/"},"author":{"name":"Beatriz Botelho","@id":"https:\/\/labcom.ubi.pt\/#\/schema\/person\/617550ce7f64e8a2ca3fdeb37ae2d25a"},"headline":"COMUNICA\u00c7\u00c3O DIGITAL \u2013 10 ANOS DE INVESTIGA\u00c7\u00c3O","datePublished":"2014-06-23T14:42:11+00:00","dateModified":"2022-10-07T14:48:56+00:00","mainEntityOfPage":{"@id":"https:\/\/labcom.ubi.pt\/comunicacao-digital-10-anos-de-investigacao\/"},"wordCount":383,"commentCount":0,"publisher":{"@id":"https:\/\/labcom.ubi.pt\/#organization"},"image":{"@id":"https:\/\/labcom.ubi.pt\/comunicacao-digital-10-anos-de-investigacao\/#primaryimage"},"thumbnailUrl":"https:\/\/labcom.ubi.pt\/wp-content\/uploads\/2021\/06\/20140930-capa_xsmall.jpeg","articleSection":["Livro Comunica\u00e7\u00e3o","Publica\u00e7\u00e3o"],"inLanguage":"en-US","potentialAction":[{"@type":"CommentAction","name":"Comment","target":["https:\/\/labcom.ubi.pt\/comunicacao-digital-10-anos-de-investigacao\/#respond"]}]},{"@type":"WebPage","@id":"https:\/\/labcom.ubi.pt\/comunicacao-digital-10-anos-de-investigacao\/","url":"https:\/\/labcom.ubi.pt\/comunicacao-digital-10-anos-de-investigacao\/","name":"COMUNICA\u00c7\u00c3O DIGITAL \u2013 10 ANOS DE INVESTIGA\u00c7\u00c3O - LabCom - Laborat\u00f3rio de Comunica\u00e7\u00e3o","isPartOf":{"@id":"https:\/\/labcom.ubi.pt\/#website"},"primaryImageOfPage":{"@id":"https:\/\/labcom.ubi.pt\/comunicacao-digital-10-anos-de-investigacao\/#primaryimage"},"image":{"@id":"https:\/\/labcom.ubi.pt\/comunicacao-digital-10-anos-de-investigacao\/#primaryimage"},"thumbnailUrl":"https:\/\/labcom.ubi.pt\/wp-content\/uploads\/2021\/06\/20140930-capa_xsmall.jpeg","datePublished":"2014-06-23T14:42:11+00:00","dateModified":"2022-10-07T14:48:56+00:00","breadcrumb":{"@id":"https:\/\/labcom.ubi.pt\/comunicacao-digital-10-anos-de-investigacao\/#breadcrumb"},"inLanguage":"en-US","potentialAction":[{"@type":"ReadAction","target":["https:\/\/labcom.ubi.pt\/comunicacao-digital-10-anos-de-investigacao\/"]}]},{"@type":"ImageObject","inLanguage":"en-US","@id":"https:\/\/labcom.ubi.pt\/comunicacao-digital-10-anos-de-investigacao\/#primaryimage","url":"https:\/\/labcom.ubi.pt\/wp-content\/uploads\/2021\/06\/20140930-capa_xsmall.jpeg","contentUrl":"https:\/\/labcom.ubi.pt\/wp-content\/uploads\/2021\/06\/20140930-capa_xsmall.jpeg","width":300,"height":445},{"@type":"BreadcrumbList","@id":"https:\/\/labcom.ubi.pt\/comunicacao-digital-10-anos-de-investigacao\/#breadcrumb","itemListElement":[{"@type":"ListItem","position":1,"name":"In\u00edcio","item":"https:\/\/labcom.ubi.pt\/"},{"@type":"ListItem","position":2,"name":"COMUNICA\u00c7\u00c3O DIGITAL \u2013 10 ANOS DE INVESTIGA\u00c7\u00c3O"}]},{"@type":"WebSite","@id":"https:\/\/labcom.ubi.pt\/#website","url":"https:\/\/labcom.ubi.pt\/","name":"LabCom - Laborat\u00f3rio de Comunica\u00e7\u00e3o","description":"Unidade de Investiga\u00e7\u00e3o Cient\u00edfica da Faculdade de Artes e Letras da Universidade da Beira Interior","publisher":{"@id":"https:\/\/labcom.ubi.pt\/#organization"},"potentialAction":[{"@type":"SearchAction","target":{"@type":"EntryPoint","urlTemplate":"https:\/\/labcom.ubi.pt\/?s={search_term_string}"},"query-input":"required name=search_term_string"}],"inLanguage":"en-US"},{"@type":"Organization","@id":"https:\/\/labcom.ubi.pt\/#organization","name":"LabCom - Comunica\u00e7\u00e3o e Artes","url":"https:\/\/labcom.ubi.pt\/","logo":{"@type":"ImageObject","inLanguage":"en-US","@id":"https:\/\/labcom.ubi.pt\/#\/schema\/logo\/image\/","url":"https:\/\/labcom.ubi.pt\/wp-content\/uploads\/2021\/05\/LabCom_logo-1.png","contentUrl":"https:\/\/labcom.ubi.pt\/wp-content\/uploads\/2021\/05\/LabCom_logo-1.png","width":1920,"height":573,"caption":"LabCom - Comunica\u00e7\u00e3o e Artes"},"image":{"@id":"https:\/\/labcom.ubi.pt\/#\/schema\/logo\/image\/"},"sameAs":["https:\/\/www.facebook.com\/labcom.ubi.pt\/","https:\/\/www.instagram.com\/labcom_ubi\/"]},{"@type":"Person","@id":"https:\/\/labcom.ubi.pt\/#\/schema\/person\/617550ce7f64e8a2ca3fdeb37ae2d25a","name":"Beatriz Botelho","image":{"@type":"ImageObject","inLanguage":"en-US","@id":"https:\/\/labcom.ubi.pt\/#\/schema\/person\/image\/","url":"https:\/\/secure.gravatar.com\/avatar\/605b66aaba7800f944c8f15a1c6fa7dd?s=96&d=mm&r=g","contentUrl":"https:\/\/secure.gravatar.com\/avatar\/605b66aaba7800f944c8f15a1c6fa7dd?s=96&d=mm&r=g","caption":"Beatriz Botelho"},"url":"https:\/\/labcom.ubi.pt\/en\/author\/beatriz\/"}]}},"_links":{"self":[{"href":"https:\/\/labcom.ubi.pt\/en\/wp-json\/wp\/v2\/posts\/5760","targetHints":{"allow":["GET"]}}],"collection":[{"href":"https:\/\/labcom.ubi.pt\/en\/wp-json\/wp\/v2\/posts"}],"about":[{"href":"https:\/\/labcom.ubi.pt\/en\/wp-json\/wp\/v2\/types\/post"}],"author":[{"embeddable":true,"href":"https:\/\/labcom.ubi.pt\/en\/wp-json\/wp\/v2\/users\/2"}],"replies":[{"embeddable":true,"href":"https:\/\/labcom.ubi.pt\/en\/wp-json\/wp\/v2\/comments?post=5760"}],"version-history":[{"count":0,"href":"https:\/\/labcom.ubi.pt\/en\/wp-json\/wp\/v2\/posts\/5760\/revisions"}],"wp:featuredmedia":[{"embeddable":true,"href":"https:\/\/labcom.ubi.pt\/en\/wp-json\/wp\/v2\/media\/5761"}],"wp:attachment":[{"href":"https:\/\/labcom.ubi.pt\/en\/wp-json\/wp\/v2\/media?parent=5760"}],"wp:term":[{"taxonomy":"category","embeddable":true,"href":"https:\/\/labcom.ubi.pt\/en\/wp-json\/wp\/v2\/categories?post=5760"},{"taxonomy":"post_tag","embeddable":true,"href":"https:\/\/labcom.ubi.pt\/en\/wp-json\/wp\/v2\/tags?post=5760"}],"curies":[{"name":"wp","href":"https:\/\/api.w.org\/{rel}","templated":true}]}}