{"id":5757,"date":"2014-06-24T14:41:40","date_gmt":"2014-06-24T14:41:40","guid":{"rendered":"https:\/\/labcom.ubi.pt\/?p=5757"},"modified":"2022-10-07T14:48:42","modified_gmt":"2022-10-07T14:48:42","slug":"as-cartas-dos-leitores-na-imprensa-portuguesa-uma-forma-de-comunicacao-e-debate-do-publico","status":"publish","type":"post","link":"https:\/\/labcom.ubi.pt\/en\/as-cartas-dos-leitores-na-imprensa-portuguesa-uma-forma-de-comunicacao-e-debate-do-publico\/","title":{"rendered":"AS CARTAS DOS LEITORES NA IMPRENSA PORTUGUESA: UMA FORMA DE COMUNICA\u00c7\u00c3O E DEBATE DO P\u00daBLICO"},"content":{"rendered":"<div class=\"itemCorpoLivro\"><\/div>\n<p>Para uma reflex\u00e3o que se pretende abrangente acerca do papel que as contribui\u00e7\u00f5es do p\u00fablico podem desempenhar no contexto das sociedades democr\u00e1ticas.<\/p>\n<p>Na imprensa, as sec\u00e7\u00f5es de correspond\u00eancia s\u00e3o configuradas por um conjunto de regras informais definidas pelas publica\u00e7\u00f5es, que conferem uma especificidade ao tipo de vozes e tem\u00e1ticas que a\u00ed acedem e, consequentemente, adquirem visibilidade p\u00fablica. Para estudar a forma como a voz dos leitores \u00e9 enquadrada na imprensa portuguesa e o relacionamento que se estabelece entre esta \u00faltima e os seus destinat\u00e1rios, centr\u00e1mos a nossa investiga\u00e7\u00e3o nas rubricas de cartas dos leitores de quatro publica\u00e7\u00f5es impressas portuguesas de \u00e2mbito nacional (tr\u00eas jornais e uma\u00a0<em>newsmagazine<\/em>), mobilizando diversas metodologias, quantitativas e qualitativas, que nos possibilitassem n\u00e3o s\u00f3 uma compreens\u00e3o mais profunda sobre o processo de selec\u00e7\u00e3o dos textos dos leitores, seus temas predominantes e estilos discursivos, mas tamb\u00e9m acerca das percep\u00e7\u00f5es que, quer a imprensa, quer o p\u00fablico, evidenciam sobre as fun\u00e7\u00f5es do espa\u00e7o de correspond\u00eancia e, ainda, as motiva\u00e7\u00f5es que est\u00e3o na origem da procura de uma interven\u00e7\u00e3o p\u00fablica, na escrita de uma carta do leitor.<\/p>\n<p>O contacto alargado com as redac\u00e7\u00f5es, a an\u00e1lise de conte\u00fado das cartas, as entrevistas com directores\/provedores do leitor e os question\u00e1rios com os leitores-escritores de cartas permitiram-nos, assim, inferir que a sec\u00e7\u00e3o das cartas dos leitores, enquanto dispositivo de participa\u00e7\u00e3o do p\u00fablico, \u00e9 constru\u00edda de acordo com pr\u00e1ticas e valores orientadores da actividade jornal\u00edstica em geral, que acarretam consequ\u00eancias neste espa\u00e7o p\u00fablico de comunica\u00e7\u00e3o, nomeadamente, no que respeita \u00e0 extens\u00e3o, alinhamento e edi\u00e7\u00e3o dos textos, bem como ao n\u00edvel dos seus intervenientes. Identific\u00e1mos, ainda, algum cepticismo e desvaloriza\u00e7\u00e3o do espa\u00e7o das cartas por parte dos profissionais das redac\u00e7\u00f5es em an\u00e1lise, o que contrasta com a perspectiva idealizada que os mesmos demonstraram no que respeita \u00e0s fun\u00e7\u00f5es a desempenhar pelas cartas dos leitores. Por outro lado, verific\u00e1mos que uma parte bastante significativa de leitores-escritores procura manifestar-se acerca de temas que considera como relevantes em termos do seu interesse colectivo, tendo, assim, a expectativa de que as suas participa\u00e7\u00f5es sejam seleccionadas pelas publica\u00e7\u00f5es impressas, para, dessa forma, ganharem uma interven\u00e7\u00e3o mais efectiva no debate p\u00fablico.<\/p>","protected":false},"excerpt":{"rendered":"<p>Para uma reflex\u00e3o que se pretende abrangente acerca do papel que as contribui\u00e7\u00f5es do p\u00fablico podem desempenhar no contexto das sociedades democr\u00e1ticas. Na imprensa, as&hellip;<\/p>","protected":false},"author":2,"featured_media":5758,"comment_status":"open","ping_status":"open","sticky":false,"template":"","format":"standard","meta":{"_acf_changed":false,"footnotes":""},"categories":[14,10],"tags":[],"class_list":["post-5757","post","type-post","status-publish","format-standard","has-post-thumbnail","hentry","category-livro-comunicacao","category-publicacao"],"acf":[],"yoast_head":"<!-- This site is optimized with the Yoast SEO plugin v23.1 - https:\/\/yoast.com\/wordpress\/plugins\/seo\/ -->\n<title>AS CARTAS DOS LEITORES NA IMPRENSA PORTUGUESA: UMA FORMA DE COMUNICA\u00c7\u00c3O E DEBATE DO P\u00daBLICO - LabCom - Laborat\u00f3rio de Comunica\u00e7\u00e3o<\/title>\n<meta name=\"robots\" content=\"index, follow, max-snippet:-1, max-image-preview:large, max-video-preview:-1\" \/>\n<link rel=\"canonical\" href=\"https:\/\/labcom.ubi.pt\/en\/as-cartas-dos-leitores-na-imprensa-portuguesa-uma-forma-de-comunicacao-e-debate-do-publico\/\" \/>\n<meta property=\"og:locale\" content=\"en_US\" \/>\n<meta property=\"og:type\" content=\"article\" \/>\n<meta property=\"og:title\" content=\"AS CARTAS DOS LEITORES NA IMPRENSA PORTUGUESA: UMA FORMA DE COMUNICA\u00c7\u00c3O E DEBATE DO P\u00daBLICO - LabCom - Laborat\u00f3rio de Comunica\u00e7\u00e3o\" \/>\n<meta property=\"og:description\" content=\"Para uma reflex\u00e3o que se pretende abrangente acerca do papel que as contribui\u00e7\u00f5es do p\u00fablico podem desempenhar no contexto das sociedades democr\u00e1ticas. Na imprensa, as&hellip;\" \/>\n<meta property=\"og:url\" content=\"https:\/\/labcom.ubi.pt\/en\/as-cartas-dos-leitores-na-imprensa-portuguesa-uma-forma-de-comunicacao-e-debate-do-publico\/\" \/>\n<meta property=\"og:site_name\" content=\"LabCom - Laborat\u00f3rio de Comunica\u00e7\u00e3o\" \/>\n<meta property=\"article:publisher\" content=\"https:\/\/www.facebook.com\/labcom.ubi.pt\/\" \/>\n<meta property=\"article:published_time\" content=\"2014-06-24T14:41:40+00:00\" \/>\n<meta property=\"article:modified_time\" content=\"2022-10-07T14:48:42+00:00\" \/>\n<meta property=\"og:image\" content=\"https:\/\/labcom.ubi.pt\/wp-content\/uploads\/2021\/06\/20141105-capa_small.jpeg\" \/>\n\t<meta property=\"og:image:width\" content=\"300\" \/>\n\t<meta property=\"og:image:height\" content=\"432\" \/>\n\t<meta property=\"og:image:type\" content=\"image\/jpeg\" \/>\n<meta name=\"author\" content=\"Beatriz Botelho\" \/>\n<meta name=\"twitter:card\" content=\"summary_large_image\" \/>\n<meta name=\"twitter:label1\" content=\"Written by\" \/>\n\t<meta name=\"twitter:data1\" content=\"Beatriz Botelho\" \/>\n\t<meta name=\"twitter:label2\" content=\"Est. reading time\" \/>\n\t<meta name=\"twitter:data2\" content=\"2 minutes\" \/>\n<script type=\"application\/ld+json\" class=\"yoast-schema-graph\">{\"@context\":\"https:\/\/schema.org\",\"@graph\":[{\"@type\":\"Article\",\"@id\":\"https:\/\/labcom.ubi.pt\/as-cartas-dos-leitores-na-imprensa-portuguesa-uma-forma-de-comunicacao-e-debate-do-publico\/#article\",\"isPartOf\":{\"@id\":\"https:\/\/labcom.ubi.pt\/as-cartas-dos-leitores-na-imprensa-portuguesa-uma-forma-de-comunicacao-e-debate-do-publico\/\"},\"author\":{\"name\":\"Beatriz Botelho\",\"@id\":\"https:\/\/labcom.ubi.pt\/#\/schema\/person\/617550ce7f64e8a2ca3fdeb37ae2d25a\"},\"headline\":\"AS CARTAS DOS LEITORES NA IMPRENSA PORTUGUESA: UMA FORMA DE COMUNICA\u00c7\u00c3O E DEBATE DO P\u00daBLICO\",\"datePublished\":\"2014-06-24T14:41:40+00:00\",\"dateModified\":\"2022-10-07T14:48:42+00:00\",\"mainEntityOfPage\":{\"@id\":\"https:\/\/labcom.ubi.pt\/as-cartas-dos-leitores-na-imprensa-portuguesa-uma-forma-de-comunicacao-e-debate-do-publico\/\"},\"wordCount\":422,\"commentCount\":0,\"publisher\":{\"@id\":\"https:\/\/labcom.ubi.pt\/#organization\"},\"image\":{\"@id\":\"https:\/\/labcom.ubi.pt\/as-cartas-dos-leitores-na-imprensa-portuguesa-uma-forma-de-comunicacao-e-debate-do-publico\/#primaryimage\"},\"thumbnailUrl\":\"https:\/\/labcom.ubi.pt\/wp-content\/uploads\/2021\/06\/20141105-capa_small.jpeg\",\"articleSection\":[\"Livro Comunica\u00e7\u00e3o\",\"Publica\u00e7\u00e3o\"],\"inLanguage\":\"en-US\",\"potentialAction\":[{\"@type\":\"CommentAction\",\"name\":\"Comment\",\"target\":[\"https:\/\/labcom.ubi.pt\/as-cartas-dos-leitores-na-imprensa-portuguesa-uma-forma-de-comunicacao-e-debate-do-publico\/#respond\"]}]},{\"@type\":\"WebPage\",\"@id\":\"https:\/\/labcom.ubi.pt\/as-cartas-dos-leitores-na-imprensa-portuguesa-uma-forma-de-comunicacao-e-debate-do-publico\/\",\"url\":\"https:\/\/labcom.ubi.pt\/as-cartas-dos-leitores-na-imprensa-portuguesa-uma-forma-de-comunicacao-e-debate-do-publico\/\",\"name\":\"AS CARTAS DOS LEITORES NA IMPRENSA PORTUGUESA: UMA FORMA DE COMUNICA\u00c7\u00c3O E DEBATE DO P\u00daBLICO - LabCom - Laborat\u00f3rio de Comunica\u00e7\u00e3o\",\"isPartOf\":{\"@id\":\"https:\/\/labcom.ubi.pt\/#website\"},\"primaryImageOfPage\":{\"@id\":\"https:\/\/labcom.ubi.pt\/as-cartas-dos-leitores-na-imprensa-portuguesa-uma-forma-de-comunicacao-e-debate-do-publico\/#primaryimage\"},\"image\":{\"@id\":\"https:\/\/labcom.ubi.pt\/as-cartas-dos-leitores-na-imprensa-portuguesa-uma-forma-de-comunicacao-e-debate-do-publico\/#primaryimage\"},\"thumbnailUrl\":\"https:\/\/labcom.ubi.pt\/wp-content\/uploads\/2021\/06\/20141105-capa_small.jpeg\",\"datePublished\":\"2014-06-24T14:41:40+00:00\",\"dateModified\":\"2022-10-07T14:48:42+00:00\",\"breadcrumb\":{\"@id\":\"https:\/\/labcom.ubi.pt\/as-cartas-dos-leitores-na-imprensa-portuguesa-uma-forma-de-comunicacao-e-debate-do-publico\/#breadcrumb\"},\"inLanguage\":\"en-US\",\"potentialAction\":[{\"@type\":\"ReadAction\",\"target\":[\"https:\/\/labcom.ubi.pt\/as-cartas-dos-leitores-na-imprensa-portuguesa-uma-forma-de-comunicacao-e-debate-do-publico\/\"]}]},{\"@type\":\"ImageObject\",\"inLanguage\":\"en-US\",\"@id\":\"https:\/\/labcom.ubi.pt\/as-cartas-dos-leitores-na-imprensa-portuguesa-uma-forma-de-comunicacao-e-debate-do-publico\/#primaryimage\",\"url\":\"https:\/\/labcom.ubi.pt\/wp-content\/uploads\/2021\/06\/20141105-capa_small.jpeg\",\"contentUrl\":\"https:\/\/labcom.ubi.pt\/wp-content\/uploads\/2021\/06\/20141105-capa_small.jpeg\",\"width\":300,\"height\":432},{\"@type\":\"BreadcrumbList\",\"@id\":\"https:\/\/labcom.ubi.pt\/as-cartas-dos-leitores-na-imprensa-portuguesa-uma-forma-de-comunicacao-e-debate-do-publico\/#breadcrumb\",\"itemListElement\":[{\"@type\":\"ListItem\",\"position\":1,\"name\":\"In\u00edcio\",\"item\":\"https:\/\/labcom.ubi.pt\/\"},{\"@type\":\"ListItem\",\"position\":2,\"name\":\"AS CARTAS DOS LEITORES NA IMPRENSA PORTUGUESA: UMA FORMA DE COMUNICA\u00c7\u00c3O E DEBATE DO P\u00daBLICO\"}]},{\"@type\":\"WebSite\",\"@id\":\"https:\/\/labcom.ubi.pt\/#website\",\"url\":\"https:\/\/labcom.ubi.pt\/\",\"name\":\"LabCom - Laborat\u00f3rio de Comunica\u00e7\u00e3o\",\"description\":\"Unidade de Investiga\u00e7\u00e3o Cient\u00edfica da Faculdade de Artes e Letras da Universidade da Beira Interior\",\"publisher\":{\"@id\":\"https:\/\/labcom.ubi.pt\/#organization\"},\"potentialAction\":[{\"@type\":\"SearchAction\",\"target\":{\"@type\":\"EntryPoint\",\"urlTemplate\":\"https:\/\/labcom.ubi.pt\/?s={search_term_string}\"},\"query-input\":\"required name=search_term_string\"}],\"inLanguage\":\"en-US\"},{\"@type\":\"Organization\",\"@id\":\"https:\/\/labcom.ubi.pt\/#organization\",\"name\":\"LabCom - Comunica\u00e7\u00e3o e Artes\",\"url\":\"https:\/\/labcom.ubi.pt\/\",\"logo\":{\"@type\":\"ImageObject\",\"inLanguage\":\"en-US\",\"@id\":\"https:\/\/labcom.ubi.pt\/#\/schema\/logo\/image\/\",\"url\":\"https:\/\/labcom.ubi.pt\/wp-content\/uploads\/2021\/05\/LabCom_logo-1.png\",\"contentUrl\":\"https:\/\/labcom.ubi.pt\/wp-content\/uploads\/2021\/05\/LabCom_logo-1.png\",\"width\":1920,\"height\":573,\"caption\":\"LabCom - Comunica\u00e7\u00e3o e Artes\"},\"image\":{\"@id\":\"https:\/\/labcom.ubi.pt\/#\/schema\/logo\/image\/\"},\"sameAs\":[\"https:\/\/www.facebook.com\/labcom.ubi.pt\/\",\"https:\/\/www.instagram.com\/labcom_ubi\/\"]},{\"@type\":\"Person\",\"@id\":\"https:\/\/labcom.ubi.pt\/#\/schema\/person\/617550ce7f64e8a2ca3fdeb37ae2d25a\",\"name\":\"Beatriz Botelho\",\"image\":{\"@type\":\"ImageObject\",\"inLanguage\":\"en-US\",\"@id\":\"https:\/\/labcom.ubi.pt\/#\/schema\/person\/image\/\",\"url\":\"https:\/\/secure.gravatar.com\/avatar\/605b66aaba7800f944c8f15a1c6fa7dd?s=96&d=mm&r=g\",\"contentUrl\":\"https:\/\/secure.gravatar.com\/avatar\/605b66aaba7800f944c8f15a1c6fa7dd?s=96&d=mm&r=g\",\"caption\":\"Beatriz Botelho\"},\"url\":\"https:\/\/labcom.ubi.pt\/en\/author\/beatriz\/\"}]}<\/script>\n<!-- \/ Yoast SEO plugin. -->","yoast_head_json":{"title":"AS CARTAS DOS LEITORES NA IMPRENSA PORTUGUESA: UMA FORMA DE COMUNICA\u00c7\u00c3O E DEBATE DO P\u00daBLICO - LabCom - Laborat\u00f3rio de Comunica\u00e7\u00e3o","robots":{"index":"index","follow":"follow","max-snippet":"max-snippet:-1","max-image-preview":"max-image-preview:large","max-video-preview":"max-video-preview:-1"},"canonical":"https:\/\/labcom.ubi.pt\/en\/as-cartas-dos-leitores-na-imprensa-portuguesa-uma-forma-de-comunicacao-e-debate-do-publico\/","og_locale":"en_US","og_type":"article","og_title":"AS CARTAS DOS LEITORES NA IMPRENSA PORTUGUESA: UMA FORMA DE COMUNICA\u00c7\u00c3O E DEBATE DO P\u00daBLICO - LabCom - Laborat\u00f3rio de Comunica\u00e7\u00e3o","og_description":"Para uma reflex\u00e3o que se pretende abrangente acerca do papel que as contribui\u00e7\u00f5es do p\u00fablico podem desempenhar no contexto das sociedades democr\u00e1ticas. Na imprensa, as&hellip;","og_url":"https:\/\/labcom.ubi.pt\/en\/as-cartas-dos-leitores-na-imprensa-portuguesa-uma-forma-de-comunicacao-e-debate-do-publico\/","og_site_name":"LabCom - Laborat\u00f3rio de Comunica\u00e7\u00e3o","article_publisher":"https:\/\/www.facebook.com\/labcom.ubi.pt\/","article_published_time":"2014-06-24T14:41:40+00:00","article_modified_time":"2022-10-07T14:48:42+00:00","og_image":[{"width":300,"height":432,"url":"https:\/\/labcom.ubi.pt\/wp-content\/uploads\/2021\/06\/20141105-capa_small.jpeg","type":"image\/jpeg"}],"author":"Beatriz Botelho","twitter_card":"summary_large_image","twitter_misc":{"Written by":"Beatriz Botelho","Est. reading time":"2 minutes"},"schema":{"@context":"https:\/\/schema.org","@graph":[{"@type":"Article","@id":"https:\/\/labcom.ubi.pt\/as-cartas-dos-leitores-na-imprensa-portuguesa-uma-forma-de-comunicacao-e-debate-do-publico\/#article","isPartOf":{"@id":"https:\/\/labcom.ubi.pt\/as-cartas-dos-leitores-na-imprensa-portuguesa-uma-forma-de-comunicacao-e-debate-do-publico\/"},"author":{"name":"Beatriz Botelho","@id":"https:\/\/labcom.ubi.pt\/#\/schema\/person\/617550ce7f64e8a2ca3fdeb37ae2d25a"},"headline":"AS CARTAS DOS LEITORES NA IMPRENSA PORTUGUESA: UMA FORMA DE COMUNICA\u00c7\u00c3O E DEBATE DO P\u00daBLICO","datePublished":"2014-06-24T14:41:40+00:00","dateModified":"2022-10-07T14:48:42+00:00","mainEntityOfPage":{"@id":"https:\/\/labcom.ubi.pt\/as-cartas-dos-leitores-na-imprensa-portuguesa-uma-forma-de-comunicacao-e-debate-do-publico\/"},"wordCount":422,"commentCount":0,"publisher":{"@id":"https:\/\/labcom.ubi.pt\/#organization"},"image":{"@id":"https:\/\/labcom.ubi.pt\/as-cartas-dos-leitores-na-imprensa-portuguesa-uma-forma-de-comunicacao-e-debate-do-publico\/#primaryimage"},"thumbnailUrl":"https:\/\/labcom.ubi.pt\/wp-content\/uploads\/2021\/06\/20141105-capa_small.jpeg","articleSection":["Livro Comunica\u00e7\u00e3o","Publica\u00e7\u00e3o"],"inLanguage":"en-US","potentialAction":[{"@type":"CommentAction","name":"Comment","target":["https:\/\/labcom.ubi.pt\/as-cartas-dos-leitores-na-imprensa-portuguesa-uma-forma-de-comunicacao-e-debate-do-publico\/#respond"]}]},{"@type":"WebPage","@id":"https:\/\/labcom.ubi.pt\/as-cartas-dos-leitores-na-imprensa-portuguesa-uma-forma-de-comunicacao-e-debate-do-publico\/","url":"https:\/\/labcom.ubi.pt\/as-cartas-dos-leitores-na-imprensa-portuguesa-uma-forma-de-comunicacao-e-debate-do-publico\/","name":"AS CARTAS DOS LEITORES NA IMPRENSA PORTUGUESA: UMA FORMA DE COMUNICA\u00c7\u00c3O E DEBATE DO P\u00daBLICO - LabCom - Laborat\u00f3rio de Comunica\u00e7\u00e3o","isPartOf":{"@id":"https:\/\/labcom.ubi.pt\/#website"},"primaryImageOfPage":{"@id":"https:\/\/labcom.ubi.pt\/as-cartas-dos-leitores-na-imprensa-portuguesa-uma-forma-de-comunicacao-e-debate-do-publico\/#primaryimage"},"image":{"@id":"https:\/\/labcom.ubi.pt\/as-cartas-dos-leitores-na-imprensa-portuguesa-uma-forma-de-comunicacao-e-debate-do-publico\/#primaryimage"},"thumbnailUrl":"https:\/\/labcom.ubi.pt\/wp-content\/uploads\/2021\/06\/20141105-capa_small.jpeg","datePublished":"2014-06-24T14:41:40+00:00","dateModified":"2022-10-07T14:48:42+00:00","breadcrumb":{"@id":"https:\/\/labcom.ubi.pt\/as-cartas-dos-leitores-na-imprensa-portuguesa-uma-forma-de-comunicacao-e-debate-do-publico\/#breadcrumb"},"inLanguage":"en-US","potentialAction":[{"@type":"ReadAction","target":["https:\/\/labcom.ubi.pt\/as-cartas-dos-leitores-na-imprensa-portuguesa-uma-forma-de-comunicacao-e-debate-do-publico\/"]}]},{"@type":"ImageObject","inLanguage":"en-US","@id":"https:\/\/labcom.ubi.pt\/as-cartas-dos-leitores-na-imprensa-portuguesa-uma-forma-de-comunicacao-e-debate-do-publico\/#primaryimage","url":"https:\/\/labcom.ubi.pt\/wp-content\/uploads\/2021\/06\/20141105-capa_small.jpeg","contentUrl":"https:\/\/labcom.ubi.pt\/wp-content\/uploads\/2021\/06\/20141105-capa_small.jpeg","width":300,"height":432},{"@type":"BreadcrumbList","@id":"https:\/\/labcom.ubi.pt\/as-cartas-dos-leitores-na-imprensa-portuguesa-uma-forma-de-comunicacao-e-debate-do-publico\/#breadcrumb","itemListElement":[{"@type":"ListItem","position":1,"name":"In\u00edcio","item":"https:\/\/labcom.ubi.pt\/"},{"@type":"ListItem","position":2,"name":"AS CARTAS DOS LEITORES NA IMPRENSA PORTUGUESA: UMA FORMA DE COMUNICA\u00c7\u00c3O E DEBATE DO P\u00daBLICO"}]},{"@type":"WebSite","@id":"https:\/\/labcom.ubi.pt\/#website","url":"https:\/\/labcom.ubi.pt\/","name":"LabCom - Laborat\u00f3rio de Comunica\u00e7\u00e3o","description":"Unidade de Investiga\u00e7\u00e3o Cient\u00edfica da Faculdade de Artes e Letras da Universidade da Beira Interior","publisher":{"@id":"https:\/\/labcom.ubi.pt\/#organization"},"potentialAction":[{"@type":"SearchAction","target":{"@type":"EntryPoint","urlTemplate":"https:\/\/labcom.ubi.pt\/?s={search_term_string}"},"query-input":"required name=search_term_string"}],"inLanguage":"en-US"},{"@type":"Organization","@id":"https:\/\/labcom.ubi.pt\/#organization","name":"LabCom - Comunica\u00e7\u00e3o e Artes","url":"https:\/\/labcom.ubi.pt\/","logo":{"@type":"ImageObject","inLanguage":"en-US","@id":"https:\/\/labcom.ubi.pt\/#\/schema\/logo\/image\/","url":"https:\/\/labcom.ubi.pt\/wp-content\/uploads\/2021\/05\/LabCom_logo-1.png","contentUrl":"https:\/\/labcom.ubi.pt\/wp-content\/uploads\/2021\/05\/LabCom_logo-1.png","width":1920,"height":573,"caption":"LabCom - Comunica\u00e7\u00e3o e Artes"},"image":{"@id":"https:\/\/labcom.ubi.pt\/#\/schema\/logo\/image\/"},"sameAs":["https:\/\/www.facebook.com\/labcom.ubi.pt\/","https:\/\/www.instagram.com\/labcom_ubi\/"]},{"@type":"Person","@id":"https:\/\/labcom.ubi.pt\/#\/schema\/person\/617550ce7f64e8a2ca3fdeb37ae2d25a","name":"Beatriz Botelho","image":{"@type":"ImageObject","inLanguage":"en-US","@id":"https:\/\/labcom.ubi.pt\/#\/schema\/person\/image\/","url":"https:\/\/secure.gravatar.com\/avatar\/605b66aaba7800f944c8f15a1c6fa7dd?s=96&d=mm&r=g","contentUrl":"https:\/\/secure.gravatar.com\/avatar\/605b66aaba7800f944c8f15a1c6fa7dd?s=96&d=mm&r=g","caption":"Beatriz Botelho"},"url":"https:\/\/labcom.ubi.pt\/en\/author\/beatriz\/"}]}},"_links":{"self":[{"href":"https:\/\/labcom.ubi.pt\/en\/wp-json\/wp\/v2\/posts\/5757","targetHints":{"allow":["GET"]}}],"collection":[{"href":"https:\/\/labcom.ubi.pt\/en\/wp-json\/wp\/v2\/posts"}],"about":[{"href":"https:\/\/labcom.ubi.pt\/en\/wp-json\/wp\/v2\/types\/post"}],"author":[{"embeddable":true,"href":"https:\/\/labcom.ubi.pt\/en\/wp-json\/wp\/v2\/users\/2"}],"replies":[{"embeddable":true,"href":"https:\/\/labcom.ubi.pt\/en\/wp-json\/wp\/v2\/comments?post=5757"}],"version-history":[{"count":0,"href":"https:\/\/labcom.ubi.pt\/en\/wp-json\/wp\/v2\/posts\/5757\/revisions"}],"wp:featuredmedia":[{"embeddable":true,"href":"https:\/\/labcom.ubi.pt\/en\/wp-json\/wp\/v2\/media\/5758"}],"wp:attachment":[{"href":"https:\/\/labcom.ubi.pt\/en\/wp-json\/wp\/v2\/media?parent=5757"}],"wp:term":[{"taxonomy":"category","embeddable":true,"href":"https:\/\/labcom.ubi.pt\/en\/wp-json\/wp\/v2\/categories?post=5757"},{"taxonomy":"post_tag","embeddable":true,"href":"https:\/\/labcom.ubi.pt\/en\/wp-json\/wp\/v2\/tags?post=5757"}],"curies":[{"name":"wp","href":"https:\/\/api.w.org\/{rel}","templated":true}]}}