{"id":5687,"date":"2014-10-21T14:18:58","date_gmt":"2014-10-21T14:18:58","guid":{"rendered":"https:\/\/labcom.ubi.pt\/?p=5687"},"modified":"2022-10-07T14:46:22","modified_gmt":"2022-10-07T14:46:22","slug":"a-construcao-da-ciencia-da-logica-da-investigacao-a-medicao-do-impacto","status":"publish","type":"post","link":"https:\/\/labcom.ubi.pt\/en\/a-construcao-da-ciencia-da-logica-da-investigacao-a-medicao-do-impacto\/","title":{"rendered":"A CONSTRU\u00c7\u00c3O DA CI\u00caNCIA: DA L\u00d3GICA DA INVESTIGA\u00c7\u00c3O \u00c0 MEDI\u00c7\u00c3O DO IMPACTO"},"content":{"rendered":"<article>\n<section id=\"ConteudosArea\">\n<div id=\"Conteudos\" class=\"container\">\n<div class=\"row\">\n<div class=\"col-md-8 col-sm-8 col-xs-12\">\n<div class=\"itemCorpoLivro\"><\/div>\n<p><span class=\"itemCorpoLivro\">\u00c9 \u00e0quela tr\u00edplice provoca\u00e7\u00e3o de G\u00f3rgias \u2013 nada existe; se existisse n\u00e3o poderia ser conhecido; se fosse conhecido n\u00e3o poderia ser comunicado \u2013\u00a0 erigida contra o seu mestre, a que a Ci\u00eancia procura responder. Este livro, que resulta do trabalho preliminar de revis\u00e3o bibliogr\u00e1fica de uma investiga\u00e7\u00e3o no \u00e2mbito da Comunica\u00e7\u00e3o de Ci\u00eancia atenta principalmente sobre este \u00faltimo aspecto do tr\u00edptico da ci\u00eancia \u2013 como comunic\u00e1-la \u2013\u00a0 reunindo oito ensaios que v\u00e3o desde o que distingue as ci\u00eancia naturais das ci\u00eancias sociais e humanas, passando pela permeabilidade da l\u00f3gica da ci\u00eancia e da descoberta aos factores sociais, at\u00e9 \u00e0 comunica\u00e7\u00e3o e avalia\u00e7\u00e3o de resultados cient\u00edficos e sua difus\u00e3o junto do p\u00fablico em geral.\u00a0<\/span><\/p>\n<\/div>\n<\/div>\n<\/div>\n<\/section>\n<\/article>","protected":false},"excerpt":{"rendered":"<p>\u00c9 \u00e0quela tr\u00edplice provoca\u00e7\u00e3o de G\u00f3rgias \u2013 nada existe; se existisse n\u00e3o poderia ser conhecido; se fosse conhecido n\u00e3o poderia ser comunicado \u2013\u00a0 erigida contra&hellip;<\/p>","protected":false},"author":2,"featured_media":5688,"comment_status":"open","ping_status":"open","sticky":false,"template":"","format":"standard","meta":{"_acf_changed":false,"footnotes":""},"categories":[14,10],"tags":[],"class_list":["post-5687","post","type-post","status-publish","format-standard","has-post-thumbnail","hentry","category-livro-comunicacao","category-publicacao"],"acf":[],"yoast_head":"<!-- This site is optimized with the Yoast SEO plugin v23.1 - https:\/\/yoast.com\/wordpress\/plugins\/seo\/ -->\n<title>A CONSTRU\u00c7\u00c3O DA CI\u00caNCIA: DA L\u00d3GICA DA INVESTIGA\u00c7\u00c3O \u00c0 MEDI\u00c7\u00c3O DO IMPACTO - LabCom - Laborat\u00f3rio de Comunica\u00e7\u00e3o<\/title>\n<meta name=\"robots\" content=\"index, follow, max-snippet:-1, max-image-preview:large, max-video-preview:-1\" \/>\n<link rel=\"canonical\" href=\"https:\/\/labcom.ubi.pt\/en\/a-construcao-da-ciencia-da-logica-da-investigacao-a-medicao-do-impacto\/\" \/>\n<meta property=\"og:locale\" content=\"en_US\" \/>\n<meta property=\"og:type\" content=\"article\" \/>\n<meta property=\"og:title\" content=\"A CONSTRU\u00c7\u00c3O DA CI\u00caNCIA: DA L\u00d3GICA DA INVESTIGA\u00c7\u00c3O \u00c0 MEDI\u00c7\u00c3O DO IMPACTO - LabCom - Laborat\u00f3rio de Comunica\u00e7\u00e3o\" \/>\n<meta property=\"og:description\" content=\"\u00c9 \u00e0quela tr\u00edplice provoca\u00e7\u00e3o de G\u00f3rgias \u2013 nada existe; se existisse n\u00e3o poderia ser conhecido; se fosse conhecido n\u00e3o poderia ser comunicado \u2013\u00a0 erigida contra&hellip;\" \/>\n<meta property=\"og:url\" content=\"https:\/\/labcom.ubi.pt\/en\/a-construcao-da-ciencia-da-logica-da-investigacao-a-medicao-do-impacto\/\" \/>\n<meta property=\"og:site_name\" content=\"LabCom - Laborat\u00f3rio de Comunica\u00e7\u00e3o\" \/>\n<meta property=\"article:publisher\" content=\"https:\/\/www.facebook.com\/labcom.ubi.pt\/\" \/>\n<meta property=\"article:published_time\" content=\"2014-10-21T14:18:58+00:00\" \/>\n<meta property=\"article:modified_time\" content=\"2022-10-07T14:46:22+00:00\" \/>\n<meta property=\"og:image\" content=\"https:\/\/labcom.ubi.pt\/wp-content\/uploads\/2021\/06\/20150720-201516_agradim_construcaociencia_capa_xs.jpeg\" \/>\n\t<meta property=\"og:image:width\" content=\"300\" \/>\n\t<meta property=\"og:image:height\" content=\"432\" \/>\n\t<meta property=\"og:image:type\" content=\"image\/jpeg\" \/>\n<meta name=\"author\" content=\"Beatriz Botelho\" \/>\n<meta name=\"twitter:card\" content=\"summary_large_image\" \/>\n<meta name=\"twitter:label1\" content=\"Written by\" \/>\n\t<meta name=\"twitter:data1\" content=\"Beatriz Botelho\" \/>\n\t<meta name=\"twitter:label2\" content=\"Est. reading time\" \/>\n\t<meta name=\"twitter:data2\" content=\"1 minute\" \/>\n<script type=\"application\/ld+json\" class=\"yoast-schema-graph\">{\"@context\":\"https:\/\/schema.org\",\"@graph\":[{\"@type\":\"Article\",\"@id\":\"https:\/\/labcom.ubi.pt\/a-construcao-da-ciencia-da-logica-da-investigacao-a-medicao-do-impacto\/#article\",\"isPartOf\":{\"@id\":\"https:\/\/labcom.ubi.pt\/a-construcao-da-ciencia-da-logica-da-investigacao-a-medicao-do-impacto\/\"},\"author\":{\"name\":\"Beatriz Botelho\",\"@id\":\"https:\/\/labcom.ubi.pt\/#\/schema\/person\/617550ce7f64e8a2ca3fdeb37ae2d25a\"},\"headline\":\"A CONSTRU\u00c7\u00c3O DA CI\u00caNCIA: DA L\u00d3GICA DA INVESTIGA\u00c7\u00c3O \u00c0 MEDI\u00c7\u00c3O DO IMPACTO\",\"datePublished\":\"2014-10-21T14:18:58+00:00\",\"dateModified\":\"2022-10-07T14:46:22+00:00\",\"mainEntityOfPage\":{\"@id\":\"https:\/\/labcom.ubi.pt\/a-construcao-da-ciencia-da-logica-da-investigacao-a-medicao-do-impacto\/\"},\"wordCount\":147,\"commentCount\":0,\"publisher\":{\"@id\":\"https:\/\/labcom.ubi.pt\/#organization\"},\"image\":{\"@id\":\"https:\/\/labcom.ubi.pt\/a-construcao-da-ciencia-da-logica-da-investigacao-a-medicao-do-impacto\/#primaryimage\"},\"thumbnailUrl\":\"https:\/\/labcom.ubi.pt\/wp-content\/uploads\/2021\/06\/20150720-201516_agradim_construcaociencia_capa_xs.jpeg\",\"articleSection\":[\"Livro Comunica\u00e7\u00e3o\",\"Publica\u00e7\u00e3o\"],\"inLanguage\":\"en-US\",\"potentialAction\":[{\"@type\":\"CommentAction\",\"name\":\"Comment\",\"target\":[\"https:\/\/labcom.ubi.pt\/a-construcao-da-ciencia-da-logica-da-investigacao-a-medicao-do-impacto\/#respond\"]}]},{\"@type\":\"WebPage\",\"@id\":\"https:\/\/labcom.ubi.pt\/a-construcao-da-ciencia-da-logica-da-investigacao-a-medicao-do-impacto\/\",\"url\":\"https:\/\/labcom.ubi.pt\/a-construcao-da-ciencia-da-logica-da-investigacao-a-medicao-do-impacto\/\",\"name\":\"A CONSTRU\u00c7\u00c3O DA CI\u00caNCIA: DA L\u00d3GICA DA INVESTIGA\u00c7\u00c3O \u00c0 MEDI\u00c7\u00c3O DO IMPACTO - LabCom - Laborat\u00f3rio de Comunica\u00e7\u00e3o\",\"isPartOf\":{\"@id\":\"https:\/\/labcom.ubi.pt\/#website\"},\"primaryImageOfPage\":{\"@id\":\"https:\/\/labcom.ubi.pt\/a-construcao-da-ciencia-da-logica-da-investigacao-a-medicao-do-impacto\/#primaryimage\"},\"image\":{\"@id\":\"https:\/\/labcom.ubi.pt\/a-construcao-da-ciencia-da-logica-da-investigacao-a-medicao-do-impacto\/#primaryimage\"},\"thumbnailUrl\":\"https:\/\/labcom.ubi.pt\/wp-content\/uploads\/2021\/06\/20150720-201516_agradim_construcaociencia_capa_xs.jpeg\",\"datePublished\":\"2014-10-21T14:18:58+00:00\",\"dateModified\":\"2022-10-07T14:46:22+00:00\",\"breadcrumb\":{\"@id\":\"https:\/\/labcom.ubi.pt\/a-construcao-da-ciencia-da-logica-da-investigacao-a-medicao-do-impacto\/#breadcrumb\"},\"inLanguage\":\"en-US\",\"potentialAction\":[{\"@type\":\"ReadAction\",\"target\":[\"https:\/\/labcom.ubi.pt\/a-construcao-da-ciencia-da-logica-da-investigacao-a-medicao-do-impacto\/\"]}]},{\"@type\":\"ImageObject\",\"inLanguage\":\"en-US\",\"@id\":\"https:\/\/labcom.ubi.pt\/a-construcao-da-ciencia-da-logica-da-investigacao-a-medicao-do-impacto\/#primaryimage\",\"url\":\"https:\/\/labcom.ubi.pt\/wp-content\/uploads\/2021\/06\/20150720-201516_agradim_construcaociencia_capa_xs.jpeg\",\"contentUrl\":\"https:\/\/labcom.ubi.pt\/wp-content\/uploads\/2021\/06\/20150720-201516_agradim_construcaociencia_capa_xs.jpeg\",\"width\":300,\"height\":432},{\"@type\":\"BreadcrumbList\",\"@id\":\"https:\/\/labcom.ubi.pt\/a-construcao-da-ciencia-da-logica-da-investigacao-a-medicao-do-impacto\/#breadcrumb\",\"itemListElement\":[{\"@type\":\"ListItem\",\"position\":1,\"name\":\"In\u00edcio\",\"item\":\"https:\/\/labcom.ubi.pt\/\"},{\"@type\":\"ListItem\",\"position\":2,\"name\":\"A CONSTRU\u00c7\u00c3O DA CI\u00caNCIA: DA L\u00d3GICA DA INVESTIGA\u00c7\u00c3O \u00c0 MEDI\u00c7\u00c3O DO IMPACTO\"}]},{\"@type\":\"WebSite\",\"@id\":\"https:\/\/labcom.ubi.pt\/#website\",\"url\":\"https:\/\/labcom.ubi.pt\/\",\"name\":\"LabCom - Laborat\u00f3rio de Comunica\u00e7\u00e3o\",\"description\":\"Unidade de Investiga\u00e7\u00e3o Cient\u00edfica da Faculdade de Artes e Letras da Universidade da Beira Interior\",\"publisher\":{\"@id\":\"https:\/\/labcom.ubi.pt\/#organization\"},\"potentialAction\":[{\"@type\":\"SearchAction\",\"target\":{\"@type\":\"EntryPoint\",\"urlTemplate\":\"https:\/\/labcom.ubi.pt\/?s={search_term_string}\"},\"query-input\":\"required name=search_term_string\"}],\"inLanguage\":\"en-US\"},{\"@type\":\"Organization\",\"@id\":\"https:\/\/labcom.ubi.pt\/#organization\",\"name\":\"LabCom - Comunica\u00e7\u00e3o e Artes\",\"url\":\"https:\/\/labcom.ubi.pt\/\",\"logo\":{\"@type\":\"ImageObject\",\"inLanguage\":\"en-US\",\"@id\":\"https:\/\/labcom.ubi.pt\/#\/schema\/logo\/image\/\",\"url\":\"https:\/\/labcom.ubi.pt\/wp-content\/uploads\/2021\/05\/LabCom_logo-1.png\",\"contentUrl\":\"https:\/\/labcom.ubi.pt\/wp-content\/uploads\/2021\/05\/LabCom_logo-1.png\",\"width\":1920,\"height\":573,\"caption\":\"LabCom - Comunica\u00e7\u00e3o e Artes\"},\"image\":{\"@id\":\"https:\/\/labcom.ubi.pt\/#\/schema\/logo\/image\/\"},\"sameAs\":[\"https:\/\/www.facebook.com\/labcom.ubi.pt\/\",\"https:\/\/www.instagram.com\/labcom_ubi\/\"]},{\"@type\":\"Person\",\"@id\":\"https:\/\/labcom.ubi.pt\/#\/schema\/person\/617550ce7f64e8a2ca3fdeb37ae2d25a\",\"name\":\"Beatriz Botelho\",\"image\":{\"@type\":\"ImageObject\",\"inLanguage\":\"en-US\",\"@id\":\"https:\/\/labcom.ubi.pt\/#\/schema\/person\/image\/\",\"url\":\"https:\/\/secure.gravatar.com\/avatar\/605b66aaba7800f944c8f15a1c6fa7dd?s=96&d=mm&r=g\",\"contentUrl\":\"https:\/\/secure.gravatar.com\/avatar\/605b66aaba7800f944c8f15a1c6fa7dd?s=96&d=mm&r=g\",\"caption\":\"Beatriz Botelho\"},\"url\":\"https:\/\/labcom.ubi.pt\/en\/author\/beatriz\/\"}]}<\/script>\n<!-- \/ Yoast SEO plugin. -->","yoast_head_json":{"title":"A CONSTRU\u00c7\u00c3O DA CI\u00caNCIA: DA L\u00d3GICA DA INVESTIGA\u00c7\u00c3O \u00c0 MEDI\u00c7\u00c3O DO IMPACTO - LabCom - Laborat\u00f3rio de Comunica\u00e7\u00e3o","robots":{"index":"index","follow":"follow","max-snippet":"max-snippet:-1","max-image-preview":"max-image-preview:large","max-video-preview":"max-video-preview:-1"},"canonical":"https:\/\/labcom.ubi.pt\/en\/a-construcao-da-ciencia-da-logica-da-investigacao-a-medicao-do-impacto\/","og_locale":"en_US","og_type":"article","og_title":"A CONSTRU\u00c7\u00c3O DA CI\u00caNCIA: DA L\u00d3GICA DA INVESTIGA\u00c7\u00c3O \u00c0 MEDI\u00c7\u00c3O DO IMPACTO - LabCom - Laborat\u00f3rio de Comunica\u00e7\u00e3o","og_description":"\u00c9 \u00e0quela tr\u00edplice provoca\u00e7\u00e3o de G\u00f3rgias \u2013 nada existe; se existisse n\u00e3o poderia ser conhecido; se fosse conhecido n\u00e3o poderia ser comunicado \u2013\u00a0 erigida contra&hellip;","og_url":"https:\/\/labcom.ubi.pt\/en\/a-construcao-da-ciencia-da-logica-da-investigacao-a-medicao-do-impacto\/","og_site_name":"LabCom - Laborat\u00f3rio de Comunica\u00e7\u00e3o","article_publisher":"https:\/\/www.facebook.com\/labcom.ubi.pt\/","article_published_time":"2014-10-21T14:18:58+00:00","article_modified_time":"2022-10-07T14:46:22+00:00","og_image":[{"width":300,"height":432,"url":"https:\/\/labcom.ubi.pt\/wp-content\/uploads\/2021\/06\/20150720-201516_agradim_construcaociencia_capa_xs.jpeg","type":"image\/jpeg"}],"author":"Beatriz Botelho","twitter_card":"summary_large_image","twitter_misc":{"Written by":"Beatriz Botelho","Est. reading time":"1 minute"},"schema":{"@context":"https:\/\/schema.org","@graph":[{"@type":"Article","@id":"https:\/\/labcom.ubi.pt\/a-construcao-da-ciencia-da-logica-da-investigacao-a-medicao-do-impacto\/#article","isPartOf":{"@id":"https:\/\/labcom.ubi.pt\/a-construcao-da-ciencia-da-logica-da-investigacao-a-medicao-do-impacto\/"},"author":{"name":"Beatriz Botelho","@id":"https:\/\/labcom.ubi.pt\/#\/schema\/person\/617550ce7f64e8a2ca3fdeb37ae2d25a"},"headline":"A CONSTRU\u00c7\u00c3O DA CI\u00caNCIA: DA L\u00d3GICA DA INVESTIGA\u00c7\u00c3O \u00c0 MEDI\u00c7\u00c3O DO IMPACTO","datePublished":"2014-10-21T14:18:58+00:00","dateModified":"2022-10-07T14:46:22+00:00","mainEntityOfPage":{"@id":"https:\/\/labcom.ubi.pt\/a-construcao-da-ciencia-da-logica-da-investigacao-a-medicao-do-impacto\/"},"wordCount":147,"commentCount":0,"publisher":{"@id":"https:\/\/labcom.ubi.pt\/#organization"},"image":{"@id":"https:\/\/labcom.ubi.pt\/a-construcao-da-ciencia-da-logica-da-investigacao-a-medicao-do-impacto\/#primaryimage"},"thumbnailUrl":"https:\/\/labcom.ubi.pt\/wp-content\/uploads\/2021\/06\/20150720-201516_agradim_construcaociencia_capa_xs.jpeg","articleSection":["Livro Comunica\u00e7\u00e3o","Publica\u00e7\u00e3o"],"inLanguage":"en-US","potentialAction":[{"@type":"CommentAction","name":"Comment","target":["https:\/\/labcom.ubi.pt\/a-construcao-da-ciencia-da-logica-da-investigacao-a-medicao-do-impacto\/#respond"]}]},{"@type":"WebPage","@id":"https:\/\/labcom.ubi.pt\/a-construcao-da-ciencia-da-logica-da-investigacao-a-medicao-do-impacto\/","url":"https:\/\/labcom.ubi.pt\/a-construcao-da-ciencia-da-logica-da-investigacao-a-medicao-do-impacto\/","name":"A CONSTRU\u00c7\u00c3O DA CI\u00caNCIA: DA L\u00d3GICA DA INVESTIGA\u00c7\u00c3O \u00c0 MEDI\u00c7\u00c3O DO IMPACTO - LabCom - Laborat\u00f3rio de Comunica\u00e7\u00e3o","isPartOf":{"@id":"https:\/\/labcom.ubi.pt\/#website"},"primaryImageOfPage":{"@id":"https:\/\/labcom.ubi.pt\/a-construcao-da-ciencia-da-logica-da-investigacao-a-medicao-do-impacto\/#primaryimage"},"image":{"@id":"https:\/\/labcom.ubi.pt\/a-construcao-da-ciencia-da-logica-da-investigacao-a-medicao-do-impacto\/#primaryimage"},"thumbnailUrl":"https:\/\/labcom.ubi.pt\/wp-content\/uploads\/2021\/06\/20150720-201516_agradim_construcaociencia_capa_xs.jpeg","datePublished":"2014-10-21T14:18:58+00:00","dateModified":"2022-10-07T14:46:22+00:00","breadcrumb":{"@id":"https:\/\/labcom.ubi.pt\/a-construcao-da-ciencia-da-logica-da-investigacao-a-medicao-do-impacto\/#breadcrumb"},"inLanguage":"en-US","potentialAction":[{"@type":"ReadAction","target":["https:\/\/labcom.ubi.pt\/a-construcao-da-ciencia-da-logica-da-investigacao-a-medicao-do-impacto\/"]}]},{"@type":"ImageObject","inLanguage":"en-US","@id":"https:\/\/labcom.ubi.pt\/a-construcao-da-ciencia-da-logica-da-investigacao-a-medicao-do-impacto\/#primaryimage","url":"https:\/\/labcom.ubi.pt\/wp-content\/uploads\/2021\/06\/20150720-201516_agradim_construcaociencia_capa_xs.jpeg","contentUrl":"https:\/\/labcom.ubi.pt\/wp-content\/uploads\/2021\/06\/20150720-201516_agradim_construcaociencia_capa_xs.jpeg","width":300,"height":432},{"@type":"BreadcrumbList","@id":"https:\/\/labcom.ubi.pt\/a-construcao-da-ciencia-da-logica-da-investigacao-a-medicao-do-impacto\/#breadcrumb","itemListElement":[{"@type":"ListItem","position":1,"name":"In\u00edcio","item":"https:\/\/labcom.ubi.pt\/"},{"@type":"ListItem","position":2,"name":"A CONSTRU\u00c7\u00c3O DA CI\u00caNCIA: DA L\u00d3GICA DA INVESTIGA\u00c7\u00c3O \u00c0 MEDI\u00c7\u00c3O DO IMPACTO"}]},{"@type":"WebSite","@id":"https:\/\/labcom.ubi.pt\/#website","url":"https:\/\/labcom.ubi.pt\/","name":"LabCom - Laborat\u00f3rio de Comunica\u00e7\u00e3o","description":"Unidade de Investiga\u00e7\u00e3o Cient\u00edfica da Faculdade de Artes e Letras da Universidade da Beira Interior","publisher":{"@id":"https:\/\/labcom.ubi.pt\/#organization"},"potentialAction":[{"@type":"SearchAction","target":{"@type":"EntryPoint","urlTemplate":"https:\/\/labcom.ubi.pt\/?s={search_term_string}"},"query-input":"required name=search_term_string"}],"inLanguage":"en-US"},{"@type":"Organization","@id":"https:\/\/labcom.ubi.pt\/#organization","name":"LabCom - Comunica\u00e7\u00e3o e Artes","url":"https:\/\/labcom.ubi.pt\/","logo":{"@type":"ImageObject","inLanguage":"en-US","@id":"https:\/\/labcom.ubi.pt\/#\/schema\/logo\/image\/","url":"https:\/\/labcom.ubi.pt\/wp-content\/uploads\/2021\/05\/LabCom_logo-1.png","contentUrl":"https:\/\/labcom.ubi.pt\/wp-content\/uploads\/2021\/05\/LabCom_logo-1.png","width":1920,"height":573,"caption":"LabCom - Comunica\u00e7\u00e3o e Artes"},"image":{"@id":"https:\/\/labcom.ubi.pt\/#\/schema\/logo\/image\/"},"sameAs":["https:\/\/www.facebook.com\/labcom.ubi.pt\/","https:\/\/www.instagram.com\/labcom_ubi\/"]},{"@type":"Person","@id":"https:\/\/labcom.ubi.pt\/#\/schema\/person\/617550ce7f64e8a2ca3fdeb37ae2d25a","name":"Beatriz Botelho","image":{"@type":"ImageObject","inLanguage":"en-US","@id":"https:\/\/labcom.ubi.pt\/#\/schema\/person\/image\/","url":"https:\/\/secure.gravatar.com\/avatar\/605b66aaba7800f944c8f15a1c6fa7dd?s=96&d=mm&r=g","contentUrl":"https:\/\/secure.gravatar.com\/avatar\/605b66aaba7800f944c8f15a1c6fa7dd?s=96&d=mm&r=g","caption":"Beatriz Botelho"},"url":"https:\/\/labcom.ubi.pt\/en\/author\/beatriz\/"}]}},"_links":{"self":[{"href":"https:\/\/labcom.ubi.pt\/en\/wp-json\/wp\/v2\/posts\/5687","targetHints":{"allow":["GET"]}}],"collection":[{"href":"https:\/\/labcom.ubi.pt\/en\/wp-json\/wp\/v2\/posts"}],"about":[{"href":"https:\/\/labcom.ubi.pt\/en\/wp-json\/wp\/v2\/types\/post"}],"author":[{"embeddable":true,"href":"https:\/\/labcom.ubi.pt\/en\/wp-json\/wp\/v2\/users\/2"}],"replies":[{"embeddable":true,"href":"https:\/\/labcom.ubi.pt\/en\/wp-json\/wp\/v2\/comments?post=5687"}],"version-history":[{"count":0,"href":"https:\/\/labcom.ubi.pt\/en\/wp-json\/wp\/v2\/posts\/5687\/revisions"}],"wp:featuredmedia":[{"embeddable":true,"href":"https:\/\/labcom.ubi.pt\/en\/wp-json\/wp\/v2\/media\/5688"}],"wp:attachment":[{"href":"https:\/\/labcom.ubi.pt\/en\/wp-json\/wp\/v2\/media?parent=5687"}],"wp:term":[{"taxonomy":"category","embeddable":true,"href":"https:\/\/labcom.ubi.pt\/en\/wp-json\/wp\/v2\/categories?post=5687"},{"taxonomy":"post_tag","embeddable":true,"href":"https:\/\/labcom.ubi.pt\/en\/wp-json\/wp\/v2\/tags?post=5687"}],"curies":[{"name":"wp","href":"https:\/\/api.w.org\/{rel}","templated":true}]}}