{"id":5637,"date":"2016-07-03T14:10:27","date_gmt":"2016-07-03T14:10:27","guid":{"rendered":"https:\/\/labcom.ubi.pt\/?p=5637"},"modified":"2022-10-07T14:33:46","modified_gmt":"2022-10-07T14:33:46","slug":"jornalismo-na-imprensa-medica-em-portugal","status":"publish","type":"post","link":"https:\/\/labcom.ubi.pt\/en\/jornalismo-na-imprensa-medica-em-portugal\/","title":{"rendered":"JORNALISMO NA IMPRENSA M\u00c9DICA EM PORTUGAL"},"content":{"rendered":"<article>\n<section id=\"ConteudosArea\">\n<div id=\"Conteudos\" class=\"container\">\n<div class=\"row\">\n<div class=\"col-md-8 col-sm-8 col-xs-12\">\n<div class=\"itemCorpoLivro\"><\/div>\n<p><span class=\"itemCorpoLivro\">A medicina possui uma import\u00e2ncia social muito relevante, pelo que o jornalismo atribui-lhe um grande potencial noticioso. Por consequ\u00eancia, \u00e9 vis\u00edvel nos media a quantidade, nem sempre acompanhada por qualidade, de informa\u00e7\u00e3o relacionada com medicina. No entanto, o foco principal deste livro n\u00e3o s\u00e3o os meios de comunica\u00e7\u00e3o social direcionados para o p\u00fablico geral, mas sim um tipo de publica\u00e7\u00f5es jornal\u00edsticas especializadas em medicina cujos destinat\u00e1rios s\u00e3o apenas os m\u00e9dicos. Mais concretamente, analisam-se os jornais de informa\u00e7\u00e3o m\u00e9dica publicados em Portugal. Os jornais de informa\u00e7\u00e3o m\u00e9dica s\u00e3o publicados em suporte impresso e\/ou digital. A periodicidade varia, mas os conte\u00fados s\u00e3o sempre ligados \u00e0 medicina, numa perspetiva pol\u00edtica, econ\u00f3mica, socioprofissional, cient\u00edfica, cultural, hist\u00f3rica, entre outras. Ao contr\u00e1rio das publica\u00e7\u00f5es m\u00e9dicas de car\u00e1cter cient\u00edfico, os textos s\u00e3o elaborados maioritariamente por jornalistas, embora os m\u00e9dicos possam ocupar cargos consultivos, diretivos ou escrever alguns artigos. Outra carater\u00edstica destes meios \u00e9 n\u00e3o serem vendidos livremente, em banca, sendo distribu\u00eddos aos m\u00e9dicos apenas por correio postal ou atrav\u00e9s de registo na Internet. \u00c9 de salientar que a assinatura deste tipo de publica\u00e7\u00f5es \u00e9 gratuita ou possui um montante irris\u00f3rio, pelo que os lucros destes jornais s\u00e3o obtidos quase exclusivamente atrav\u00e9s das vendas de publicidade \u00e0 ind\u00fastria farmac\u00eautica. Os principais objetivos desta investiga\u00e7\u00e3o foram:\u00a0 caraterizar o jornalismo exercido nos jornais de informa\u00e7\u00e3o m\u00e9dica, analisar as fun\u00e7\u00f5es que estes desempenham e aferir quais as consequ\u00eancias da depend\u00eancia econ\u00f3mica em rela\u00e7\u00e3o \u00e0 ind\u00fastria farmac\u00eautica. Para atingir estas metas, foram estudadas as tr\u00eas pe\u00e7as fundamentais neste processo: os produtores destas publica\u00e7\u00f5es (editoras e jornalistas), o produto (os jornais de informa\u00e7\u00e3o m\u00e9dica) e a base financeira dos mesmos (a ind\u00fastria farmac\u00eautica). Assim, analisou-se o conte\u00fado dos jornais de informa\u00e7\u00e3o m\u00e9dica e entrevistaram-se diretores e chefes de reda\u00e7\u00e3o destes meios, bem como respons\u00e1veis pela comunica\u00e7\u00e3o de empresas do setor farmac\u00eautico.<\/span><\/p>\n<\/div>\n<\/div>\n<\/div>\n<\/section>\n<\/article>\n<div class=\"clear clearfix\"><\/div>\n<footer id=\"RodapeArea\">\n<div id=\"Rodape\" class=\"container\">\n<div class=\"row\"><\/div>\n<\/div>\n<\/footer>","protected":false},"excerpt":{"rendered":"<p>A medicina possui uma import\u00e2ncia social muito relevante, pelo que o jornalismo atribui-lhe um grande potencial noticioso. Por consequ\u00eancia, \u00e9 vis\u00edvel nos media a quantidade,&hellip;<\/p>","protected":false},"author":2,"featured_media":5638,"comment_status":"open","ping_status":"open","sticky":false,"template":"","format":"standard","meta":{"_acf_changed":false,"footnotes":""},"categories":[14,10],"tags":[],"class_list":["post-5637","post","type-post","status-publish","format-standard","has-post-thumbnail","hentry","category-livro-comunicacao","category-publicacao"],"acf":[],"yoast_head":"<!-- This site is optimized with the Yoast SEO plugin v23.1 - https:\/\/yoast.com\/wordpress\/plugins\/seo\/ -->\n<title>JORNALISMO NA IMPRENSA M\u00c9DICA EM PORTUGAL - LabCom - Laborat\u00f3rio de Comunica\u00e7\u00e3o<\/title>\n<meta name=\"robots\" content=\"index, follow, max-snippet:-1, max-image-preview:large, max-video-preview:-1\" \/>\n<link rel=\"canonical\" href=\"https:\/\/labcom.ubi.pt\/en\/jornalismo-na-imprensa-medica-em-portugal\/\" \/>\n<meta property=\"og:locale\" content=\"en_US\" \/>\n<meta property=\"og:type\" content=\"article\" \/>\n<meta property=\"og:title\" content=\"JORNALISMO NA IMPRENSA M\u00c9DICA EM PORTUGAL - LabCom - Laborat\u00f3rio de Comunica\u00e7\u00e3o\" \/>\n<meta property=\"og:description\" content=\"A medicina possui uma import\u00e2ncia social muito relevante, pelo que o jornalismo atribui-lhe um grande potencial noticioso. Por consequ\u00eancia, \u00e9 vis\u00edvel nos media a quantidade,&hellip;\" \/>\n<meta property=\"og:url\" content=\"https:\/\/labcom.ubi.pt\/en\/jornalismo-na-imprensa-medica-em-portugal\/\" \/>\n<meta property=\"og:site_name\" content=\"LabCom - Laborat\u00f3rio de Comunica\u00e7\u00e3o\" \/>\n<meta property=\"article:publisher\" content=\"https:\/\/www.facebook.com\/labcom.ubi.pt\/\" \/>\n<meta property=\"article:published_time\" content=\"2016-07-03T14:10:27+00:00\" \/>\n<meta property=\"article:modified_time\" content=\"2022-10-07T14:33:46+00:00\" \/>\n<meta property=\"og:image\" content=\"https:\/\/labcom.ubi.pt\/wp-content\/uploads\/2021\/06\/201701241552-201612051150_capa_web.png\" \/>\n\t<meta property=\"og:image:width\" content=\"362\" \/>\n\t<meta property=\"og:image:height\" content=\"522\" \/>\n\t<meta property=\"og:image:type\" content=\"image\/png\" \/>\n<meta name=\"author\" content=\"Beatriz Botelho\" \/>\n<meta name=\"twitter:card\" content=\"summary_large_image\" \/>\n<meta name=\"twitter:label1\" content=\"Written by\" \/>\n\t<meta name=\"twitter:data1\" content=\"Beatriz Botelho\" \/>\n\t<meta name=\"twitter:label2\" content=\"Est. reading time\" \/>\n\t<meta name=\"twitter:data2\" content=\"2 minutes\" \/>\n<script type=\"application\/ld+json\" class=\"yoast-schema-graph\">{\"@context\":\"https:\/\/schema.org\",\"@graph\":[{\"@type\":\"Article\",\"@id\":\"https:\/\/labcom.ubi.pt\/jornalismo-na-imprensa-medica-em-portugal\/#article\",\"isPartOf\":{\"@id\":\"https:\/\/labcom.ubi.pt\/jornalismo-na-imprensa-medica-em-portugal\/\"},\"author\":{\"name\":\"Beatriz Botelho\",\"@id\":\"https:\/\/labcom.ubi.pt\/#\/schema\/person\/617550ce7f64e8a2ca3fdeb37ae2d25a\"},\"headline\":\"JORNALISMO NA IMPRENSA M\u00c9DICA EM PORTUGAL\",\"datePublished\":\"2016-07-03T14:10:27+00:00\",\"dateModified\":\"2022-10-07T14:33:46+00:00\",\"mainEntityOfPage\":{\"@id\":\"https:\/\/labcom.ubi.pt\/jornalismo-na-imprensa-medica-em-portugal\/\"},\"wordCount\":365,\"commentCount\":0,\"publisher\":{\"@id\":\"https:\/\/labcom.ubi.pt\/#organization\"},\"image\":{\"@id\":\"https:\/\/labcom.ubi.pt\/jornalismo-na-imprensa-medica-em-portugal\/#primaryimage\"},\"thumbnailUrl\":\"https:\/\/labcom.ubi.pt\/wp-content\/uploads\/2021\/06\/201701241552-201612051150_capa_web.png\",\"articleSection\":[\"Livro Comunica\u00e7\u00e3o\",\"Publica\u00e7\u00e3o\"],\"inLanguage\":\"en-US\",\"potentialAction\":[{\"@type\":\"CommentAction\",\"name\":\"Comment\",\"target\":[\"https:\/\/labcom.ubi.pt\/jornalismo-na-imprensa-medica-em-portugal\/#respond\"]}]},{\"@type\":\"WebPage\",\"@id\":\"https:\/\/labcom.ubi.pt\/jornalismo-na-imprensa-medica-em-portugal\/\",\"url\":\"https:\/\/labcom.ubi.pt\/jornalismo-na-imprensa-medica-em-portugal\/\",\"name\":\"JORNALISMO NA IMPRENSA M\u00c9DICA EM PORTUGAL - LabCom - Laborat\u00f3rio de Comunica\u00e7\u00e3o\",\"isPartOf\":{\"@id\":\"https:\/\/labcom.ubi.pt\/#website\"},\"primaryImageOfPage\":{\"@id\":\"https:\/\/labcom.ubi.pt\/jornalismo-na-imprensa-medica-em-portugal\/#primaryimage\"},\"image\":{\"@id\":\"https:\/\/labcom.ubi.pt\/jornalismo-na-imprensa-medica-em-portugal\/#primaryimage\"},\"thumbnailUrl\":\"https:\/\/labcom.ubi.pt\/wp-content\/uploads\/2021\/06\/201701241552-201612051150_capa_web.png\",\"datePublished\":\"2016-07-03T14:10:27+00:00\",\"dateModified\":\"2022-10-07T14:33:46+00:00\",\"breadcrumb\":{\"@id\":\"https:\/\/labcom.ubi.pt\/jornalismo-na-imprensa-medica-em-portugal\/#breadcrumb\"},\"inLanguage\":\"en-US\",\"potentialAction\":[{\"@type\":\"ReadAction\",\"target\":[\"https:\/\/labcom.ubi.pt\/jornalismo-na-imprensa-medica-em-portugal\/\"]}]},{\"@type\":\"ImageObject\",\"inLanguage\":\"en-US\",\"@id\":\"https:\/\/labcom.ubi.pt\/jornalismo-na-imprensa-medica-em-portugal\/#primaryimage\",\"url\":\"https:\/\/labcom.ubi.pt\/wp-content\/uploads\/2021\/06\/201701241552-201612051150_capa_web.png\",\"contentUrl\":\"https:\/\/labcom.ubi.pt\/wp-content\/uploads\/2021\/06\/201701241552-201612051150_capa_web.png\",\"width\":362,\"height\":522},{\"@type\":\"BreadcrumbList\",\"@id\":\"https:\/\/labcom.ubi.pt\/jornalismo-na-imprensa-medica-em-portugal\/#breadcrumb\",\"itemListElement\":[{\"@type\":\"ListItem\",\"position\":1,\"name\":\"In\u00edcio\",\"item\":\"https:\/\/labcom.ubi.pt\/\"},{\"@type\":\"ListItem\",\"position\":2,\"name\":\"JORNALISMO NA IMPRENSA M\u00c9DICA EM PORTUGAL\"}]},{\"@type\":\"WebSite\",\"@id\":\"https:\/\/labcom.ubi.pt\/#website\",\"url\":\"https:\/\/labcom.ubi.pt\/\",\"name\":\"LabCom - Laborat\u00f3rio de Comunica\u00e7\u00e3o\",\"description\":\"Unidade de Investiga\u00e7\u00e3o Cient\u00edfica da Faculdade de Artes e Letras da Universidade da Beira Interior\",\"publisher\":{\"@id\":\"https:\/\/labcom.ubi.pt\/#organization\"},\"potentialAction\":[{\"@type\":\"SearchAction\",\"target\":{\"@type\":\"EntryPoint\",\"urlTemplate\":\"https:\/\/labcom.ubi.pt\/?s={search_term_string}\"},\"query-input\":\"required name=search_term_string\"}],\"inLanguage\":\"en-US\"},{\"@type\":\"Organization\",\"@id\":\"https:\/\/labcom.ubi.pt\/#organization\",\"name\":\"LabCom - Comunica\u00e7\u00e3o e Artes\",\"url\":\"https:\/\/labcom.ubi.pt\/\",\"logo\":{\"@type\":\"ImageObject\",\"inLanguage\":\"en-US\",\"@id\":\"https:\/\/labcom.ubi.pt\/#\/schema\/logo\/image\/\",\"url\":\"https:\/\/labcom.ubi.pt\/wp-content\/uploads\/2021\/05\/LabCom_logo-1.png\",\"contentUrl\":\"https:\/\/labcom.ubi.pt\/wp-content\/uploads\/2021\/05\/LabCom_logo-1.png\",\"width\":1920,\"height\":573,\"caption\":\"LabCom - Comunica\u00e7\u00e3o e Artes\"},\"image\":{\"@id\":\"https:\/\/labcom.ubi.pt\/#\/schema\/logo\/image\/\"},\"sameAs\":[\"https:\/\/www.facebook.com\/labcom.ubi.pt\/\",\"https:\/\/www.instagram.com\/labcom_ubi\/\"]},{\"@type\":\"Person\",\"@id\":\"https:\/\/labcom.ubi.pt\/#\/schema\/person\/617550ce7f64e8a2ca3fdeb37ae2d25a\",\"name\":\"Beatriz Botelho\",\"image\":{\"@type\":\"ImageObject\",\"inLanguage\":\"en-US\",\"@id\":\"https:\/\/labcom.ubi.pt\/#\/schema\/person\/image\/\",\"url\":\"https:\/\/secure.gravatar.com\/avatar\/605b66aaba7800f944c8f15a1c6fa7dd?s=96&d=mm&r=g\",\"contentUrl\":\"https:\/\/secure.gravatar.com\/avatar\/605b66aaba7800f944c8f15a1c6fa7dd?s=96&d=mm&r=g\",\"caption\":\"Beatriz Botelho\"},\"url\":\"https:\/\/labcom.ubi.pt\/en\/author\/beatriz\/\"}]}<\/script>\n<!-- \/ Yoast SEO plugin. -->","yoast_head_json":{"title":"JORNALISMO NA IMPRENSA M\u00c9DICA EM PORTUGAL - LabCom - Laborat\u00f3rio de Comunica\u00e7\u00e3o","robots":{"index":"index","follow":"follow","max-snippet":"max-snippet:-1","max-image-preview":"max-image-preview:large","max-video-preview":"max-video-preview:-1"},"canonical":"https:\/\/labcom.ubi.pt\/en\/jornalismo-na-imprensa-medica-em-portugal\/","og_locale":"en_US","og_type":"article","og_title":"JORNALISMO NA IMPRENSA M\u00c9DICA EM PORTUGAL - LabCom - Laborat\u00f3rio de Comunica\u00e7\u00e3o","og_description":"A medicina possui uma import\u00e2ncia social muito relevante, pelo que o jornalismo atribui-lhe um grande potencial noticioso. Por consequ\u00eancia, \u00e9 vis\u00edvel nos media a quantidade,&hellip;","og_url":"https:\/\/labcom.ubi.pt\/en\/jornalismo-na-imprensa-medica-em-portugal\/","og_site_name":"LabCom - Laborat\u00f3rio de Comunica\u00e7\u00e3o","article_publisher":"https:\/\/www.facebook.com\/labcom.ubi.pt\/","article_published_time":"2016-07-03T14:10:27+00:00","article_modified_time":"2022-10-07T14:33:46+00:00","og_image":[{"width":362,"height":522,"url":"https:\/\/labcom.ubi.pt\/wp-content\/uploads\/2021\/06\/201701241552-201612051150_capa_web.png","type":"image\/png"}],"author":"Beatriz Botelho","twitter_card":"summary_large_image","twitter_misc":{"Written by":"Beatriz Botelho","Est. reading time":"2 minutes"},"schema":{"@context":"https:\/\/schema.org","@graph":[{"@type":"Article","@id":"https:\/\/labcom.ubi.pt\/jornalismo-na-imprensa-medica-em-portugal\/#article","isPartOf":{"@id":"https:\/\/labcom.ubi.pt\/jornalismo-na-imprensa-medica-em-portugal\/"},"author":{"name":"Beatriz Botelho","@id":"https:\/\/labcom.ubi.pt\/#\/schema\/person\/617550ce7f64e8a2ca3fdeb37ae2d25a"},"headline":"JORNALISMO NA IMPRENSA M\u00c9DICA EM PORTUGAL","datePublished":"2016-07-03T14:10:27+00:00","dateModified":"2022-10-07T14:33:46+00:00","mainEntityOfPage":{"@id":"https:\/\/labcom.ubi.pt\/jornalismo-na-imprensa-medica-em-portugal\/"},"wordCount":365,"commentCount":0,"publisher":{"@id":"https:\/\/labcom.ubi.pt\/#organization"},"image":{"@id":"https:\/\/labcom.ubi.pt\/jornalismo-na-imprensa-medica-em-portugal\/#primaryimage"},"thumbnailUrl":"https:\/\/labcom.ubi.pt\/wp-content\/uploads\/2021\/06\/201701241552-201612051150_capa_web.png","articleSection":["Livro Comunica\u00e7\u00e3o","Publica\u00e7\u00e3o"],"inLanguage":"en-US","potentialAction":[{"@type":"CommentAction","name":"Comment","target":["https:\/\/labcom.ubi.pt\/jornalismo-na-imprensa-medica-em-portugal\/#respond"]}]},{"@type":"WebPage","@id":"https:\/\/labcom.ubi.pt\/jornalismo-na-imprensa-medica-em-portugal\/","url":"https:\/\/labcom.ubi.pt\/jornalismo-na-imprensa-medica-em-portugal\/","name":"JORNALISMO NA IMPRENSA M\u00c9DICA EM PORTUGAL - LabCom - Laborat\u00f3rio de Comunica\u00e7\u00e3o","isPartOf":{"@id":"https:\/\/labcom.ubi.pt\/#website"},"primaryImageOfPage":{"@id":"https:\/\/labcom.ubi.pt\/jornalismo-na-imprensa-medica-em-portugal\/#primaryimage"},"image":{"@id":"https:\/\/labcom.ubi.pt\/jornalismo-na-imprensa-medica-em-portugal\/#primaryimage"},"thumbnailUrl":"https:\/\/labcom.ubi.pt\/wp-content\/uploads\/2021\/06\/201701241552-201612051150_capa_web.png","datePublished":"2016-07-03T14:10:27+00:00","dateModified":"2022-10-07T14:33:46+00:00","breadcrumb":{"@id":"https:\/\/labcom.ubi.pt\/jornalismo-na-imprensa-medica-em-portugal\/#breadcrumb"},"inLanguage":"en-US","potentialAction":[{"@type":"ReadAction","target":["https:\/\/labcom.ubi.pt\/jornalismo-na-imprensa-medica-em-portugal\/"]}]},{"@type":"ImageObject","inLanguage":"en-US","@id":"https:\/\/labcom.ubi.pt\/jornalismo-na-imprensa-medica-em-portugal\/#primaryimage","url":"https:\/\/labcom.ubi.pt\/wp-content\/uploads\/2021\/06\/201701241552-201612051150_capa_web.png","contentUrl":"https:\/\/labcom.ubi.pt\/wp-content\/uploads\/2021\/06\/201701241552-201612051150_capa_web.png","width":362,"height":522},{"@type":"BreadcrumbList","@id":"https:\/\/labcom.ubi.pt\/jornalismo-na-imprensa-medica-em-portugal\/#breadcrumb","itemListElement":[{"@type":"ListItem","position":1,"name":"In\u00edcio","item":"https:\/\/labcom.ubi.pt\/"},{"@type":"ListItem","position":2,"name":"JORNALISMO NA IMPRENSA M\u00c9DICA EM PORTUGAL"}]},{"@type":"WebSite","@id":"https:\/\/labcom.ubi.pt\/#website","url":"https:\/\/labcom.ubi.pt\/","name":"LabCom - Laborat\u00f3rio de Comunica\u00e7\u00e3o","description":"Unidade de Investiga\u00e7\u00e3o Cient\u00edfica da Faculdade de Artes e Letras da Universidade da Beira Interior","publisher":{"@id":"https:\/\/labcom.ubi.pt\/#organization"},"potentialAction":[{"@type":"SearchAction","target":{"@type":"EntryPoint","urlTemplate":"https:\/\/labcom.ubi.pt\/?s={search_term_string}"},"query-input":"required name=search_term_string"}],"inLanguage":"en-US"},{"@type":"Organization","@id":"https:\/\/labcom.ubi.pt\/#organization","name":"LabCom - Comunica\u00e7\u00e3o e Artes","url":"https:\/\/labcom.ubi.pt\/","logo":{"@type":"ImageObject","inLanguage":"en-US","@id":"https:\/\/labcom.ubi.pt\/#\/schema\/logo\/image\/","url":"https:\/\/labcom.ubi.pt\/wp-content\/uploads\/2021\/05\/LabCom_logo-1.png","contentUrl":"https:\/\/labcom.ubi.pt\/wp-content\/uploads\/2021\/05\/LabCom_logo-1.png","width":1920,"height":573,"caption":"LabCom - Comunica\u00e7\u00e3o e Artes"},"image":{"@id":"https:\/\/labcom.ubi.pt\/#\/schema\/logo\/image\/"},"sameAs":["https:\/\/www.facebook.com\/labcom.ubi.pt\/","https:\/\/www.instagram.com\/labcom_ubi\/"]},{"@type":"Person","@id":"https:\/\/labcom.ubi.pt\/#\/schema\/person\/617550ce7f64e8a2ca3fdeb37ae2d25a","name":"Beatriz Botelho","image":{"@type":"ImageObject","inLanguage":"en-US","@id":"https:\/\/labcom.ubi.pt\/#\/schema\/person\/image\/","url":"https:\/\/secure.gravatar.com\/avatar\/605b66aaba7800f944c8f15a1c6fa7dd?s=96&d=mm&r=g","contentUrl":"https:\/\/secure.gravatar.com\/avatar\/605b66aaba7800f944c8f15a1c6fa7dd?s=96&d=mm&r=g","caption":"Beatriz Botelho"},"url":"https:\/\/labcom.ubi.pt\/en\/author\/beatriz\/"}]}},"_links":{"self":[{"href":"https:\/\/labcom.ubi.pt\/en\/wp-json\/wp\/v2\/posts\/5637","targetHints":{"allow":["GET"]}}],"collection":[{"href":"https:\/\/labcom.ubi.pt\/en\/wp-json\/wp\/v2\/posts"}],"about":[{"href":"https:\/\/labcom.ubi.pt\/en\/wp-json\/wp\/v2\/types\/post"}],"author":[{"embeddable":true,"href":"https:\/\/labcom.ubi.pt\/en\/wp-json\/wp\/v2\/users\/2"}],"replies":[{"embeddable":true,"href":"https:\/\/labcom.ubi.pt\/en\/wp-json\/wp\/v2\/comments?post=5637"}],"version-history":[{"count":0,"href":"https:\/\/labcom.ubi.pt\/en\/wp-json\/wp\/v2\/posts\/5637\/revisions"}],"wp:featuredmedia":[{"embeddable":true,"href":"https:\/\/labcom.ubi.pt\/en\/wp-json\/wp\/v2\/media\/5638"}],"wp:attachment":[{"href":"https:\/\/labcom.ubi.pt\/en\/wp-json\/wp\/v2\/media?parent=5637"}],"wp:term":[{"taxonomy":"category","embeddable":true,"href":"https:\/\/labcom.ubi.pt\/en\/wp-json\/wp\/v2\/categories?post=5637"},{"taxonomy":"post_tag","embeddable":true,"href":"https:\/\/labcom.ubi.pt\/en\/wp-json\/wp\/v2\/tags?post=5637"}],"curies":[{"name":"wp","href":"https:\/\/api.w.org\/{rel}","templated":true}]}}