{"id":5616,"date":"2017-06-24T14:07:04","date_gmt":"2017-06-24T14:07:04","guid":{"rendered":"https:\/\/labcom.ubi.pt\/?p=5616"},"modified":"2022-10-07T14:21:52","modified_gmt":"2022-10-07T14:21:52","slug":"comunicacion-y-enfermedades-raras-la-gestion-de-la-comunicacion-de-las-organizaciones-de-pacientes","status":"publish","type":"post","link":"https:\/\/labcom.ubi.pt\/en\/comunicacion-y-enfermedades-raras-la-gestion-de-la-comunicacion-de-las-organizaciones-de-pacientes\/","title":{"rendered":"COMUNICACI\u00d3N Y ENFERMEDADES RARAS &#8211; LA GESTI\u00d3N DE LA COMUNICACI\u00d3N DE LAS ORGANIZACIONES DE PACIENTES"},"content":{"rendered":"<article>\n<section id=\"ConteudosArea\">\n<div id=\"Conteudos\" class=\"container\">\n<div class=\"row\">\n<div class=\"col-md-8 col-sm-8 col-xs-12\">\n<div class=\"itemCorpoLivro\"><\/div>\n<p><span class=\"itemCorpoLivro\"><i>Comunicaci\u00f3n y Enfermedades Raras. La gesti\u00f3n de la comunicaci\u00f3n de las organizaciones de pacientes<\/i>\u00a0es un libro que versa sobre la importancia de las estrategias de comunicaci\u00f3n del colectivo con estas patolog\u00edas en Espa\u00f1a. Desde hace m\u00e1s de un lustro estos pacientes, que se a\u00fanan en m\u00e1s de 200 organizaciones en este pa\u00eds, tienen como objetivo divulgar e informar sobre estas patolog\u00edas y la situaci\u00f3n de las personas que las padecen y sus allegados. La gesti\u00f3n de la comunicaci\u00f3n que llevan a cabo estas entidades es clave en un periodo de crisis econ\u00f3mica mundial y especialmente europea, ya que este colectivo ha sido v\u00edctima de los brutales recortes que las administraciones han llevado a cabo en la Sanidad P\u00fablica. Los pacientes y familiares han depositado todos sus esfuerzos en que estas enfermedades sean visibles ante la ciudadan\u00eda y un recurso indispensable ha sido apelar a estrategias y herramientas de comunicaci\u00f3n. De esta forma, han llevado a cabo campa\u00f1as de informaci\u00f3n y concienciaci\u00f3n para que se conozcan los s\u00edntomas de las patolog\u00edas y se difunda su posible tratamiento. Pese a que las administraciones prestan una deficiente atenci\u00f3n a los enfermos, en los \u00faltimos a\u00f1os se aprecia una mejora de su visibilidad gracias a las acciones de comunicaci\u00f3n. Los pacientes han logrado cierta presencia en la sociedad gracias a los medios de comunicaci\u00f3n tradicionales y las redes sociales, pero a\u00fan necesitan conocer y aplicar estrategias de comunicaci\u00f3n planificadas para que sean efectivas sus reivindicaciones como grupos minoritarios.<\/span><\/p>\n<p><span class=\"style2\">Pre\u00e7o da edi\u00e7\u00e3o impressa:\u00a0<\/span>\u20ac 10<\/p>\n<\/div>\n<\/div>\n<\/div>\n<\/section>\n<\/article>\n<footer id=\"RodapeArea\">\n<div id=\"Rodape\" class=\"container\">\n<div class=\"row\"><\/div>\n<\/div>\n<\/footer>","protected":false},"excerpt":{"rendered":"<p>Comunicaci\u00f3n y Enfermedades Raras. La gesti\u00f3n de la comunicaci\u00f3n de las organizaciones de pacientes\u00a0es un libro que versa sobre la importancia de las estrategias de&hellip;<\/p>","protected":false},"author":2,"featured_media":5617,"comment_status":"open","ping_status":"open","sticky":false,"template":"","format":"standard","meta":{"_acf_changed":false,"footnotes":""},"categories":[14,10],"tags":[],"class_list":["post-5616","post","type-post","status-publish","format-standard","has-post-thumbnail","hentry","category-livro-comunicacao","category-publicacao"],"acf":[],"yoast_head":"<!-- This site is optimized with the Yoast SEO plugin v23.1 - https:\/\/yoast.com\/wordpress\/plugins\/seo\/ -->\n<title>COMUNICACI\u00d3N Y ENFERMEDADES RARAS - LA GESTI\u00d3N DE LA COMUNICACI\u00d3N DE LAS ORGANIZACIONES DE PACIENTES - LabCom - Laborat\u00f3rio de Comunica\u00e7\u00e3o<\/title>\n<meta name=\"robots\" content=\"index, follow, max-snippet:-1, max-image-preview:large, max-video-preview:-1\" \/>\n<link rel=\"canonical\" href=\"https:\/\/labcom.ubi.pt\/en\/comunicacion-y-enfermedades-raras-la-gestion-de-la-comunicacion-de-las-organizaciones-de-pacientes\/\" \/>\n<meta property=\"og:locale\" content=\"en_US\" \/>\n<meta property=\"og:type\" content=\"article\" \/>\n<meta property=\"og:title\" content=\"COMUNICACI\u00d3N Y ENFERMEDADES RARAS - LA GESTI\u00d3N DE LA COMUNICACI\u00d3N DE LAS ORGANIZACIONES DE PACIENTES - LabCom - Laborat\u00f3rio de Comunica\u00e7\u00e3o\" \/>\n<meta property=\"og:description\" content=\"Comunicaci\u00f3n y Enfermedades Raras. La gesti\u00f3n de la comunicaci\u00f3n de las organizaciones de pacientes\u00a0es un libro que versa sobre la importancia de las estrategias de&hellip;\" \/>\n<meta property=\"og:url\" content=\"https:\/\/labcom.ubi.pt\/en\/comunicacion-y-enfermedades-raras-la-gestion-de-la-comunicacion-de-las-organizaciones-de-pacientes\/\" \/>\n<meta property=\"og:site_name\" content=\"LabCom - Laborat\u00f3rio de Comunica\u00e7\u00e3o\" \/>\n<meta property=\"article:publisher\" content=\"https:\/\/www.facebook.com\/labcom.ubi.pt\/\" \/>\n<meta property=\"article:published_time\" content=\"2017-06-24T14:07:04+00:00\" \/>\n<meta property=\"article:modified_time\" content=\"2022-10-07T14:21:52+00:00\" \/>\n<meta property=\"og:image\" content=\"https:\/\/labcom.ubi.pt\/wp-content\/uploads\/2021\/06\/201704291844-capa_mckp.png\" \/>\n\t<meta property=\"og:image:width\" content=\"1508\" \/>\n\t<meta property=\"og:image:height\" content=\"2173\" \/>\n\t<meta property=\"og:image:type\" content=\"image\/png\" \/>\n<meta name=\"author\" content=\"Beatriz Botelho\" \/>\n<meta name=\"twitter:card\" content=\"summary_large_image\" \/>\n<meta name=\"twitter:label1\" content=\"Written by\" \/>\n\t<meta name=\"twitter:data1\" content=\"Beatriz Botelho\" \/>\n\t<meta name=\"twitter:label2\" content=\"Est. reading time\" \/>\n\t<meta name=\"twitter:data2\" content=\"1 minute\" \/>\n<script type=\"application\/ld+json\" class=\"yoast-schema-graph\">{\"@context\":\"https:\/\/schema.org\",\"@graph\":[{\"@type\":\"Article\",\"@id\":\"https:\/\/labcom.ubi.pt\/comunicacion-y-enfermedades-raras-la-gestion-de-la-comunicacion-de-las-organizaciones-de-pacientes\/#article\",\"isPartOf\":{\"@id\":\"https:\/\/labcom.ubi.pt\/comunicacion-y-enfermedades-raras-la-gestion-de-la-comunicacion-de-las-organizaciones-de-pacientes\/\"},\"author\":{\"name\":\"Beatriz Botelho\",\"@id\":\"https:\/\/labcom.ubi.pt\/#\/schema\/person\/617550ce7f64e8a2ca3fdeb37ae2d25a\"},\"headline\":\"COMUNICACI\u00d3N Y ENFERMEDADES RARAS &#8211; LA GESTI\u00d3N DE LA COMUNICACI\u00d3N DE LAS ORGANIZACIONES DE PACIENTES\",\"datePublished\":\"2017-06-24T14:07:04+00:00\",\"dateModified\":\"2022-10-07T14:21:52+00:00\",\"mainEntityOfPage\":{\"@id\":\"https:\/\/labcom.ubi.pt\/comunicacion-y-enfermedades-raras-la-gestion-de-la-comunicacion-de-las-organizaciones-de-pacientes\/\"},\"wordCount\":298,\"commentCount\":0,\"publisher\":{\"@id\":\"https:\/\/labcom.ubi.pt\/#organization\"},\"image\":{\"@id\":\"https:\/\/labcom.ubi.pt\/comunicacion-y-enfermedades-raras-la-gestion-de-la-comunicacion-de-las-organizaciones-de-pacientes\/#primaryimage\"},\"thumbnailUrl\":\"https:\/\/labcom.ubi.pt\/wp-content\/uploads\/2021\/06\/201704291844-capa_mckp.png\",\"articleSection\":[\"Livro Comunica\u00e7\u00e3o\",\"Publica\u00e7\u00e3o\"],\"inLanguage\":\"en-US\",\"potentialAction\":[{\"@type\":\"CommentAction\",\"name\":\"Comment\",\"target\":[\"https:\/\/labcom.ubi.pt\/comunicacion-y-enfermedades-raras-la-gestion-de-la-comunicacion-de-las-organizaciones-de-pacientes\/#respond\"]}]},{\"@type\":\"WebPage\",\"@id\":\"https:\/\/labcom.ubi.pt\/comunicacion-y-enfermedades-raras-la-gestion-de-la-comunicacion-de-las-organizaciones-de-pacientes\/\",\"url\":\"https:\/\/labcom.ubi.pt\/comunicacion-y-enfermedades-raras-la-gestion-de-la-comunicacion-de-las-organizaciones-de-pacientes\/\",\"name\":\"COMUNICACI\u00d3N Y ENFERMEDADES RARAS - LA GESTI\u00d3N DE LA COMUNICACI\u00d3N DE LAS ORGANIZACIONES DE PACIENTES - LabCom - Laborat\u00f3rio de Comunica\u00e7\u00e3o\",\"isPartOf\":{\"@id\":\"https:\/\/labcom.ubi.pt\/#website\"},\"primaryImageOfPage\":{\"@id\":\"https:\/\/labcom.ubi.pt\/comunicacion-y-enfermedades-raras-la-gestion-de-la-comunicacion-de-las-organizaciones-de-pacientes\/#primaryimage\"},\"image\":{\"@id\":\"https:\/\/labcom.ubi.pt\/comunicacion-y-enfermedades-raras-la-gestion-de-la-comunicacion-de-las-organizaciones-de-pacientes\/#primaryimage\"},\"thumbnailUrl\":\"https:\/\/labcom.ubi.pt\/wp-content\/uploads\/2021\/06\/201704291844-capa_mckp.png\",\"datePublished\":\"2017-06-24T14:07:04+00:00\",\"dateModified\":\"2022-10-07T14:21:52+00:00\",\"breadcrumb\":{\"@id\":\"https:\/\/labcom.ubi.pt\/comunicacion-y-enfermedades-raras-la-gestion-de-la-comunicacion-de-las-organizaciones-de-pacientes\/#breadcrumb\"},\"inLanguage\":\"en-US\",\"potentialAction\":[{\"@type\":\"ReadAction\",\"target\":[\"https:\/\/labcom.ubi.pt\/comunicacion-y-enfermedades-raras-la-gestion-de-la-comunicacion-de-las-organizaciones-de-pacientes\/\"]}]},{\"@type\":\"ImageObject\",\"inLanguage\":\"en-US\",\"@id\":\"https:\/\/labcom.ubi.pt\/comunicacion-y-enfermedades-raras-la-gestion-de-la-comunicacion-de-las-organizaciones-de-pacientes\/#primaryimage\",\"url\":\"https:\/\/labcom.ubi.pt\/wp-content\/uploads\/2021\/06\/201704291844-capa_mckp.png\",\"contentUrl\":\"https:\/\/labcom.ubi.pt\/wp-content\/uploads\/2021\/06\/201704291844-capa_mckp.png\",\"width\":1508,\"height\":2173},{\"@type\":\"BreadcrumbList\",\"@id\":\"https:\/\/labcom.ubi.pt\/comunicacion-y-enfermedades-raras-la-gestion-de-la-comunicacion-de-las-organizaciones-de-pacientes\/#breadcrumb\",\"itemListElement\":[{\"@type\":\"ListItem\",\"position\":1,\"name\":\"In\u00edcio\",\"item\":\"https:\/\/labcom.ubi.pt\/\"},{\"@type\":\"ListItem\",\"position\":2,\"name\":\"COMUNICACI\u00d3N Y ENFERMEDADES RARAS &#8211; LA GESTI\u00d3N DE LA COMUNICACI\u00d3N DE LAS ORGANIZACIONES DE PACIENTES\"}]},{\"@type\":\"WebSite\",\"@id\":\"https:\/\/labcom.ubi.pt\/#website\",\"url\":\"https:\/\/labcom.ubi.pt\/\",\"name\":\"LabCom - Laborat\u00f3rio de Comunica\u00e7\u00e3o\",\"description\":\"Unidade de Investiga\u00e7\u00e3o Cient\u00edfica da Faculdade de Artes e Letras da Universidade da Beira Interior\",\"publisher\":{\"@id\":\"https:\/\/labcom.ubi.pt\/#organization\"},\"potentialAction\":[{\"@type\":\"SearchAction\",\"target\":{\"@type\":\"EntryPoint\",\"urlTemplate\":\"https:\/\/labcom.ubi.pt\/?s={search_term_string}\"},\"query-input\":\"required name=search_term_string\"}],\"inLanguage\":\"en-US\"},{\"@type\":\"Organization\",\"@id\":\"https:\/\/labcom.ubi.pt\/#organization\",\"name\":\"LabCom - Comunica\u00e7\u00e3o e Artes\",\"url\":\"https:\/\/labcom.ubi.pt\/\",\"logo\":{\"@type\":\"ImageObject\",\"inLanguage\":\"en-US\",\"@id\":\"https:\/\/labcom.ubi.pt\/#\/schema\/logo\/image\/\",\"url\":\"https:\/\/labcom.ubi.pt\/wp-content\/uploads\/2021\/05\/LabCom_logo-1.png\",\"contentUrl\":\"https:\/\/labcom.ubi.pt\/wp-content\/uploads\/2021\/05\/LabCom_logo-1.png\",\"width\":1920,\"height\":573,\"caption\":\"LabCom - Comunica\u00e7\u00e3o e Artes\"},\"image\":{\"@id\":\"https:\/\/labcom.ubi.pt\/#\/schema\/logo\/image\/\"},\"sameAs\":[\"https:\/\/www.facebook.com\/labcom.ubi.pt\/\",\"https:\/\/www.instagram.com\/labcom_ubi\/\"]},{\"@type\":\"Person\",\"@id\":\"https:\/\/labcom.ubi.pt\/#\/schema\/person\/617550ce7f64e8a2ca3fdeb37ae2d25a\",\"name\":\"Beatriz Botelho\",\"image\":{\"@type\":\"ImageObject\",\"inLanguage\":\"en-US\",\"@id\":\"https:\/\/labcom.ubi.pt\/#\/schema\/person\/image\/\",\"url\":\"https:\/\/secure.gravatar.com\/avatar\/605b66aaba7800f944c8f15a1c6fa7dd?s=96&d=mm&r=g\",\"contentUrl\":\"https:\/\/secure.gravatar.com\/avatar\/605b66aaba7800f944c8f15a1c6fa7dd?s=96&d=mm&r=g\",\"caption\":\"Beatriz Botelho\"},\"url\":\"https:\/\/labcom.ubi.pt\/en\/author\/beatriz\/\"}]}<\/script>\n<!-- \/ Yoast SEO plugin. -->","yoast_head_json":{"title":"COMUNICACI\u00d3N Y ENFERMEDADES RARAS - LA GESTI\u00d3N DE LA COMUNICACI\u00d3N DE LAS ORGANIZACIONES DE PACIENTES - LabCom - Laborat\u00f3rio de Comunica\u00e7\u00e3o","robots":{"index":"index","follow":"follow","max-snippet":"max-snippet:-1","max-image-preview":"max-image-preview:large","max-video-preview":"max-video-preview:-1"},"canonical":"https:\/\/labcom.ubi.pt\/en\/comunicacion-y-enfermedades-raras-la-gestion-de-la-comunicacion-de-las-organizaciones-de-pacientes\/","og_locale":"en_US","og_type":"article","og_title":"COMUNICACI\u00d3N Y ENFERMEDADES RARAS - LA GESTI\u00d3N DE LA COMUNICACI\u00d3N DE LAS ORGANIZACIONES DE PACIENTES - LabCom - Laborat\u00f3rio de Comunica\u00e7\u00e3o","og_description":"Comunicaci\u00f3n y Enfermedades Raras. La gesti\u00f3n de la comunicaci\u00f3n de las organizaciones de pacientes\u00a0es un libro que versa sobre la importancia de las estrategias de&hellip;","og_url":"https:\/\/labcom.ubi.pt\/en\/comunicacion-y-enfermedades-raras-la-gestion-de-la-comunicacion-de-las-organizaciones-de-pacientes\/","og_site_name":"LabCom - Laborat\u00f3rio de Comunica\u00e7\u00e3o","article_publisher":"https:\/\/www.facebook.com\/labcom.ubi.pt\/","article_published_time":"2017-06-24T14:07:04+00:00","article_modified_time":"2022-10-07T14:21:52+00:00","og_image":[{"width":1508,"height":2173,"url":"https:\/\/labcom.ubi.pt\/wp-content\/uploads\/2021\/06\/201704291844-capa_mckp.png","type":"image\/png"}],"author":"Beatriz Botelho","twitter_card":"summary_large_image","twitter_misc":{"Written by":"Beatriz Botelho","Est. reading time":"1 minute"},"schema":{"@context":"https:\/\/schema.org","@graph":[{"@type":"Article","@id":"https:\/\/labcom.ubi.pt\/comunicacion-y-enfermedades-raras-la-gestion-de-la-comunicacion-de-las-organizaciones-de-pacientes\/#article","isPartOf":{"@id":"https:\/\/labcom.ubi.pt\/comunicacion-y-enfermedades-raras-la-gestion-de-la-comunicacion-de-las-organizaciones-de-pacientes\/"},"author":{"name":"Beatriz Botelho","@id":"https:\/\/labcom.ubi.pt\/#\/schema\/person\/617550ce7f64e8a2ca3fdeb37ae2d25a"},"headline":"COMUNICACI\u00d3N Y ENFERMEDADES RARAS &#8211; LA GESTI\u00d3N DE LA COMUNICACI\u00d3N DE LAS ORGANIZACIONES DE PACIENTES","datePublished":"2017-06-24T14:07:04+00:00","dateModified":"2022-10-07T14:21:52+00:00","mainEntityOfPage":{"@id":"https:\/\/labcom.ubi.pt\/comunicacion-y-enfermedades-raras-la-gestion-de-la-comunicacion-de-las-organizaciones-de-pacientes\/"},"wordCount":298,"commentCount":0,"publisher":{"@id":"https:\/\/labcom.ubi.pt\/#organization"},"image":{"@id":"https:\/\/labcom.ubi.pt\/comunicacion-y-enfermedades-raras-la-gestion-de-la-comunicacion-de-las-organizaciones-de-pacientes\/#primaryimage"},"thumbnailUrl":"https:\/\/labcom.ubi.pt\/wp-content\/uploads\/2021\/06\/201704291844-capa_mckp.png","articleSection":["Livro Comunica\u00e7\u00e3o","Publica\u00e7\u00e3o"],"inLanguage":"en-US","potentialAction":[{"@type":"CommentAction","name":"Comment","target":["https:\/\/labcom.ubi.pt\/comunicacion-y-enfermedades-raras-la-gestion-de-la-comunicacion-de-las-organizaciones-de-pacientes\/#respond"]}]},{"@type":"WebPage","@id":"https:\/\/labcom.ubi.pt\/comunicacion-y-enfermedades-raras-la-gestion-de-la-comunicacion-de-las-organizaciones-de-pacientes\/","url":"https:\/\/labcom.ubi.pt\/comunicacion-y-enfermedades-raras-la-gestion-de-la-comunicacion-de-las-organizaciones-de-pacientes\/","name":"COMUNICACI\u00d3N Y ENFERMEDADES RARAS - LA GESTI\u00d3N DE LA COMUNICACI\u00d3N DE LAS ORGANIZACIONES DE PACIENTES - LabCom - Laborat\u00f3rio de Comunica\u00e7\u00e3o","isPartOf":{"@id":"https:\/\/labcom.ubi.pt\/#website"},"primaryImageOfPage":{"@id":"https:\/\/labcom.ubi.pt\/comunicacion-y-enfermedades-raras-la-gestion-de-la-comunicacion-de-las-organizaciones-de-pacientes\/#primaryimage"},"image":{"@id":"https:\/\/labcom.ubi.pt\/comunicacion-y-enfermedades-raras-la-gestion-de-la-comunicacion-de-las-organizaciones-de-pacientes\/#primaryimage"},"thumbnailUrl":"https:\/\/labcom.ubi.pt\/wp-content\/uploads\/2021\/06\/201704291844-capa_mckp.png","datePublished":"2017-06-24T14:07:04+00:00","dateModified":"2022-10-07T14:21:52+00:00","breadcrumb":{"@id":"https:\/\/labcom.ubi.pt\/comunicacion-y-enfermedades-raras-la-gestion-de-la-comunicacion-de-las-organizaciones-de-pacientes\/#breadcrumb"},"inLanguage":"en-US","potentialAction":[{"@type":"ReadAction","target":["https:\/\/labcom.ubi.pt\/comunicacion-y-enfermedades-raras-la-gestion-de-la-comunicacion-de-las-organizaciones-de-pacientes\/"]}]},{"@type":"ImageObject","inLanguage":"en-US","@id":"https:\/\/labcom.ubi.pt\/comunicacion-y-enfermedades-raras-la-gestion-de-la-comunicacion-de-las-organizaciones-de-pacientes\/#primaryimage","url":"https:\/\/labcom.ubi.pt\/wp-content\/uploads\/2021\/06\/201704291844-capa_mckp.png","contentUrl":"https:\/\/labcom.ubi.pt\/wp-content\/uploads\/2021\/06\/201704291844-capa_mckp.png","width":1508,"height":2173},{"@type":"BreadcrumbList","@id":"https:\/\/labcom.ubi.pt\/comunicacion-y-enfermedades-raras-la-gestion-de-la-comunicacion-de-las-organizaciones-de-pacientes\/#breadcrumb","itemListElement":[{"@type":"ListItem","position":1,"name":"In\u00edcio","item":"https:\/\/labcom.ubi.pt\/"},{"@type":"ListItem","position":2,"name":"COMUNICACI\u00d3N Y ENFERMEDADES RARAS &#8211; LA GESTI\u00d3N DE LA COMUNICACI\u00d3N DE LAS ORGANIZACIONES DE PACIENTES"}]},{"@type":"WebSite","@id":"https:\/\/labcom.ubi.pt\/#website","url":"https:\/\/labcom.ubi.pt\/","name":"LabCom - Laborat\u00f3rio de Comunica\u00e7\u00e3o","description":"Unidade de Investiga\u00e7\u00e3o Cient\u00edfica da Faculdade de Artes e Letras da Universidade da Beira Interior","publisher":{"@id":"https:\/\/labcom.ubi.pt\/#organization"},"potentialAction":[{"@type":"SearchAction","target":{"@type":"EntryPoint","urlTemplate":"https:\/\/labcom.ubi.pt\/?s={search_term_string}"},"query-input":"required name=search_term_string"}],"inLanguage":"en-US"},{"@type":"Organization","@id":"https:\/\/labcom.ubi.pt\/#organization","name":"LabCom - Comunica\u00e7\u00e3o e Artes","url":"https:\/\/labcom.ubi.pt\/","logo":{"@type":"ImageObject","inLanguage":"en-US","@id":"https:\/\/labcom.ubi.pt\/#\/schema\/logo\/image\/","url":"https:\/\/labcom.ubi.pt\/wp-content\/uploads\/2021\/05\/LabCom_logo-1.png","contentUrl":"https:\/\/labcom.ubi.pt\/wp-content\/uploads\/2021\/05\/LabCom_logo-1.png","width":1920,"height":573,"caption":"LabCom - Comunica\u00e7\u00e3o e Artes"},"image":{"@id":"https:\/\/labcom.ubi.pt\/#\/schema\/logo\/image\/"},"sameAs":["https:\/\/www.facebook.com\/labcom.ubi.pt\/","https:\/\/www.instagram.com\/labcom_ubi\/"]},{"@type":"Person","@id":"https:\/\/labcom.ubi.pt\/#\/schema\/person\/617550ce7f64e8a2ca3fdeb37ae2d25a","name":"Beatriz Botelho","image":{"@type":"ImageObject","inLanguage":"en-US","@id":"https:\/\/labcom.ubi.pt\/#\/schema\/person\/image\/","url":"https:\/\/secure.gravatar.com\/avatar\/605b66aaba7800f944c8f15a1c6fa7dd?s=96&d=mm&r=g","contentUrl":"https:\/\/secure.gravatar.com\/avatar\/605b66aaba7800f944c8f15a1c6fa7dd?s=96&d=mm&r=g","caption":"Beatriz Botelho"},"url":"https:\/\/labcom.ubi.pt\/en\/author\/beatriz\/"}]}},"_links":{"self":[{"href":"https:\/\/labcom.ubi.pt\/en\/wp-json\/wp\/v2\/posts\/5616","targetHints":{"allow":["GET"]}}],"collection":[{"href":"https:\/\/labcom.ubi.pt\/en\/wp-json\/wp\/v2\/posts"}],"about":[{"href":"https:\/\/labcom.ubi.pt\/en\/wp-json\/wp\/v2\/types\/post"}],"author":[{"embeddable":true,"href":"https:\/\/labcom.ubi.pt\/en\/wp-json\/wp\/v2\/users\/2"}],"replies":[{"embeddable":true,"href":"https:\/\/labcom.ubi.pt\/en\/wp-json\/wp\/v2\/comments?post=5616"}],"version-history":[{"count":0,"href":"https:\/\/labcom.ubi.pt\/en\/wp-json\/wp\/v2\/posts\/5616\/revisions"}],"wp:featuredmedia":[{"embeddable":true,"href":"https:\/\/labcom.ubi.pt\/en\/wp-json\/wp\/v2\/media\/5617"}],"wp:attachment":[{"href":"https:\/\/labcom.ubi.pt\/en\/wp-json\/wp\/v2\/media?parent=5616"}],"wp:term":[{"taxonomy":"category","embeddable":true,"href":"https:\/\/labcom.ubi.pt\/en\/wp-json\/wp\/v2\/categories?post=5616"},{"taxonomy":"post_tag","embeddable":true,"href":"https:\/\/labcom.ubi.pt\/en\/wp-json\/wp\/v2\/tags?post=5616"}],"curies":[{"name":"wp","href":"https:\/\/api.w.org\/{rel}","templated":true}]}}