{"id":5561,"date":"2019-06-23T13:49:22","date_gmt":"2019-06-23T13:49:22","guid":{"rendered":"https:\/\/labcom.ubi.pt\/?p=5561"},"modified":"2022-10-07T14:13:14","modified_gmt":"2022-10-07T14:13:14","slug":"jornalismo-integrador-o-noticiario-televisivo-na-era-da-abundancia-informativa","status":"publish","type":"post","link":"https:\/\/labcom.ubi.pt\/en\/jornalismo-integrador-o-noticiario-televisivo-na-era-da-abundancia-informativa\/","title":{"rendered":"JORNALISMO INTEGRADOR: O NOTICI\u00c1RIO TELEVISIVO NA ERA DA ABUND\u00c2NCIA INFORMATIVA"},"content":{"rendered":"<article>\n<section id=\"ConteudosArea\">\n<div id=\"Conteudos\" class=\"container\">\n<div class=\"row\">\n<div class=\"col-md-8 col-sm-8 col-xs-12\">\n<div class=\"itemCorpoLivro\"><\/div>\n<p><span class=\"itemCorpoLivro\">A abund\u00e2ncia informativa, resultante tanto da atividade dos jornalistas como dos p\u00fablicos, provocou, por um lado, a aproxima\u00e7\u00e3o entre produtores e consumidores, e, por outro, a irremedi\u00e1vel porosidade do campo do jornalismo. O jornalismo televisivo, tradicionalmente dependente da imagem e cada vez mais dos fen\u00f3menos de popularidade nas redes sociais digitais, abre novas portas \u00e0 t\u00e3o aguardada conversa\u00e7\u00e3o entre os profissionais da atividade e os seus p\u00fablicos, por meio da constru\u00e7\u00e3o crescentemente partilhada da realidade. Para atestar este contexto de cocria\u00e7\u00e3o emergente no jornalismo televisivo, a presente investiga\u00e7\u00e3o desenvolveu-se em contexto empresarial, numa imers\u00e3o de longo prazo (tr\u00eas anos) na reda\u00e7\u00e3o de informa\u00e7\u00e3o da TVI. Os dados emp\u00edricos resultantes da observa\u00e7\u00e3o etnogr\u00e1fica \u2013 principal metodologia aplicada \u2013 asseguraram as bases para a caracteriza\u00e7\u00e3o de um jornalismo mais integrador, das quais se destacam: o aumento not\u00f3rio da utiliza\u00e7\u00e3o de conte\u00fados amadores nos alinhamentos noticiosos formais, a abertura da reda\u00e7\u00e3o tradicional de televis\u00e3o \u2013 offline \u2013 aos contributos que o contexto online permite e a confirma\u00e7\u00e3o da imbrica\u00e7\u00e3o crescente entre jornalistas e p\u00fablicos na constru\u00e7\u00e3o da realidade. Para que esta constru\u00e7\u00e3o conjunta seja integradora ela deve, como enfatizaremos ao longo do trabalho, ter em conta a import\u00e2ncia crescente do papel do jornalismo profissional enquanto autenticador e institucionalizador da informa\u00e7\u00e3o noticiosa. S\u00f3 assim se encontrar\u00e1 o sentido de verdade, porque assente no imperativo da credibilidade.<\/span><\/p>\n<\/div>\n<\/div>\n<\/div>\n<\/section>\n<\/article>\n<footer id=\"RodapeArea\">\n<div id=\"Rodape\" class=\"container\">\n<div class=\"row\"><\/div>\n<\/div>\n<\/footer>","protected":false},"excerpt":{"rendered":"<p>A abund\u00e2ncia informativa, resultante tanto da atividade dos jornalistas como dos p\u00fablicos, provocou, por um lado, a aproxima\u00e7\u00e3o entre produtores e consumidores, e, por outro,&hellip;<\/p>","protected":false},"author":2,"featured_media":5562,"comment_status":"open","ping_status":"open","sticky":false,"template":"","format":"standard","meta":{"_acf_changed":false,"footnotes":""},"categories":[14,10],"tags":[],"class_list":["post-5561","post","type-post","status-publish","format-standard","has-post-thumbnail","hentry","category-livro-comunicacao","category-publicacao"],"acf":[],"yoast_head":"<!-- This site is optimized with the Yoast SEO plugin v23.1 - https:\/\/yoast.com\/wordpress\/plugins\/seo\/ -->\n<title>JORNALISMO INTEGRADOR: O NOTICI\u00c1RIO TELEVISIVO NA ERA DA ABUND\u00c2NCIA INFORMATIVA - LabCom - Laborat\u00f3rio de Comunica\u00e7\u00e3o<\/title>\n<meta name=\"robots\" content=\"index, follow, max-snippet:-1, max-image-preview:large, max-video-preview:-1\" \/>\n<link rel=\"canonical\" href=\"https:\/\/labcom.ubi.pt\/en\/jornalismo-integrador-o-noticiario-televisivo-na-era-da-abundancia-informativa\/\" \/>\n<meta property=\"og:locale\" content=\"en_US\" \/>\n<meta property=\"og:type\" content=\"article\" \/>\n<meta property=\"og:title\" content=\"JORNALISMO INTEGRADOR: O NOTICI\u00c1RIO TELEVISIVO NA ERA DA ABUND\u00c2NCIA INFORMATIVA - LabCom - Laborat\u00f3rio de Comunica\u00e7\u00e3o\" \/>\n<meta property=\"og:description\" content=\"A abund\u00e2ncia informativa, resultante tanto da atividade dos jornalistas como dos p\u00fablicos, provocou, por um lado, a aproxima\u00e7\u00e3o entre produtores e consumidores, e, por outro,&hellip;\" \/>\n<meta property=\"og:url\" content=\"https:\/\/labcom.ubi.pt\/en\/jornalismo-integrador-o-noticiario-televisivo-na-era-da-abundancia-informativa\/\" \/>\n<meta property=\"og:site_name\" content=\"LabCom - Laborat\u00f3rio de Comunica\u00e7\u00e3o\" \/>\n<meta property=\"article:publisher\" content=\"https:\/\/www.facebook.com\/labcom.ubi.pt\/\" \/>\n<meta property=\"article:published_time\" content=\"2019-06-23T13:49:22+00:00\" \/>\n<meta property=\"article:modified_time\" content=\"2022-10-07T14:13:14+00:00\" \/>\n<meta property=\"og:image\" content=\"https:\/\/labcom.ubi.pt\/wp-content\/uploads\/2021\/06\/201905291217-capa_mckp.png\" \/>\n\t<meta property=\"og:image:width\" content=\"1508\" \/>\n\t<meta property=\"og:image:height\" content=\"2173\" \/>\n\t<meta property=\"og:image:type\" content=\"image\/png\" \/>\n<meta name=\"author\" content=\"Beatriz Botelho\" \/>\n<meta name=\"twitter:card\" content=\"summary_large_image\" \/>\n<meta name=\"twitter:label1\" content=\"Written by\" \/>\n\t<meta name=\"twitter:data1\" content=\"Beatriz Botelho\" \/>\n\t<meta name=\"twitter:label2\" content=\"Est. reading time\" \/>\n\t<meta name=\"twitter:data2\" content=\"1 minute\" \/>\n<script type=\"application\/ld+json\" class=\"yoast-schema-graph\">{\"@context\":\"https:\/\/schema.org\",\"@graph\":[{\"@type\":\"Article\",\"@id\":\"https:\/\/labcom.ubi.pt\/jornalismo-integrador-o-noticiario-televisivo-na-era-da-abundancia-informativa\/#article\",\"isPartOf\":{\"@id\":\"https:\/\/labcom.ubi.pt\/jornalismo-integrador-o-noticiario-televisivo-na-era-da-abundancia-informativa\/\"},\"author\":{\"name\":\"Beatriz Botelho\",\"@id\":\"https:\/\/labcom.ubi.pt\/#\/schema\/person\/617550ce7f64e8a2ca3fdeb37ae2d25a\"},\"headline\":\"JORNALISMO INTEGRADOR: O NOTICI\u00c1RIO TELEVISIVO NA ERA DA ABUND\u00c2NCIA INFORMATIVA\",\"datePublished\":\"2019-06-23T13:49:22+00:00\",\"dateModified\":\"2022-10-07T14:13:14+00:00\",\"mainEntityOfPage\":{\"@id\":\"https:\/\/labcom.ubi.pt\/jornalismo-integrador-o-noticiario-televisivo-na-era-da-abundancia-informativa\/\"},\"wordCount\":260,\"commentCount\":0,\"publisher\":{\"@id\":\"https:\/\/labcom.ubi.pt\/#organization\"},\"image\":{\"@id\":\"https:\/\/labcom.ubi.pt\/jornalismo-integrador-o-noticiario-televisivo-na-era-da-abundancia-informativa\/#primaryimage\"},\"thumbnailUrl\":\"https:\/\/labcom.ubi.pt\/wp-content\/uploads\/2021\/06\/201905291217-capa_mckp.png\",\"articleSection\":[\"Livro Comunica\u00e7\u00e3o\",\"Publica\u00e7\u00e3o\"],\"inLanguage\":\"en-US\",\"potentialAction\":[{\"@type\":\"CommentAction\",\"name\":\"Comment\",\"target\":[\"https:\/\/labcom.ubi.pt\/jornalismo-integrador-o-noticiario-televisivo-na-era-da-abundancia-informativa\/#respond\"]}]},{\"@type\":\"WebPage\",\"@id\":\"https:\/\/labcom.ubi.pt\/jornalismo-integrador-o-noticiario-televisivo-na-era-da-abundancia-informativa\/\",\"url\":\"https:\/\/labcom.ubi.pt\/jornalismo-integrador-o-noticiario-televisivo-na-era-da-abundancia-informativa\/\",\"name\":\"JORNALISMO INTEGRADOR: O NOTICI\u00c1RIO TELEVISIVO NA ERA DA ABUND\u00c2NCIA INFORMATIVA - LabCom - Laborat\u00f3rio de Comunica\u00e7\u00e3o\",\"isPartOf\":{\"@id\":\"https:\/\/labcom.ubi.pt\/#website\"},\"primaryImageOfPage\":{\"@id\":\"https:\/\/labcom.ubi.pt\/jornalismo-integrador-o-noticiario-televisivo-na-era-da-abundancia-informativa\/#primaryimage\"},\"image\":{\"@id\":\"https:\/\/labcom.ubi.pt\/jornalismo-integrador-o-noticiario-televisivo-na-era-da-abundancia-informativa\/#primaryimage\"},\"thumbnailUrl\":\"https:\/\/labcom.ubi.pt\/wp-content\/uploads\/2021\/06\/201905291217-capa_mckp.png\",\"datePublished\":\"2019-06-23T13:49:22+00:00\",\"dateModified\":\"2022-10-07T14:13:14+00:00\",\"breadcrumb\":{\"@id\":\"https:\/\/labcom.ubi.pt\/jornalismo-integrador-o-noticiario-televisivo-na-era-da-abundancia-informativa\/#breadcrumb\"},\"inLanguage\":\"en-US\",\"potentialAction\":[{\"@type\":\"ReadAction\",\"target\":[\"https:\/\/labcom.ubi.pt\/jornalismo-integrador-o-noticiario-televisivo-na-era-da-abundancia-informativa\/\"]}]},{\"@type\":\"ImageObject\",\"inLanguage\":\"en-US\",\"@id\":\"https:\/\/labcom.ubi.pt\/jornalismo-integrador-o-noticiario-televisivo-na-era-da-abundancia-informativa\/#primaryimage\",\"url\":\"https:\/\/labcom.ubi.pt\/wp-content\/uploads\/2021\/06\/201905291217-capa_mckp.png\",\"contentUrl\":\"https:\/\/labcom.ubi.pt\/wp-content\/uploads\/2021\/06\/201905291217-capa_mckp.png\",\"width\":1508,\"height\":2173},{\"@type\":\"BreadcrumbList\",\"@id\":\"https:\/\/labcom.ubi.pt\/jornalismo-integrador-o-noticiario-televisivo-na-era-da-abundancia-informativa\/#breadcrumb\",\"itemListElement\":[{\"@type\":\"ListItem\",\"position\":1,\"name\":\"In\u00edcio\",\"item\":\"https:\/\/labcom.ubi.pt\/\"},{\"@type\":\"ListItem\",\"position\":2,\"name\":\"JORNALISMO INTEGRADOR: O NOTICI\u00c1RIO TELEVISIVO NA ERA DA ABUND\u00c2NCIA INFORMATIVA\"}]},{\"@type\":\"WebSite\",\"@id\":\"https:\/\/labcom.ubi.pt\/#website\",\"url\":\"https:\/\/labcom.ubi.pt\/\",\"name\":\"LabCom - Laborat\u00f3rio de Comunica\u00e7\u00e3o\",\"description\":\"Unidade de Investiga\u00e7\u00e3o Cient\u00edfica da Faculdade de Artes e Letras da Universidade da Beira Interior\",\"publisher\":{\"@id\":\"https:\/\/labcom.ubi.pt\/#organization\"},\"potentialAction\":[{\"@type\":\"SearchAction\",\"target\":{\"@type\":\"EntryPoint\",\"urlTemplate\":\"https:\/\/labcom.ubi.pt\/?s={search_term_string}\"},\"query-input\":\"required name=search_term_string\"}],\"inLanguage\":\"en-US\"},{\"@type\":\"Organization\",\"@id\":\"https:\/\/labcom.ubi.pt\/#organization\",\"name\":\"LabCom - Comunica\u00e7\u00e3o e Artes\",\"url\":\"https:\/\/labcom.ubi.pt\/\",\"logo\":{\"@type\":\"ImageObject\",\"inLanguage\":\"en-US\",\"@id\":\"https:\/\/labcom.ubi.pt\/#\/schema\/logo\/image\/\",\"url\":\"https:\/\/labcom.ubi.pt\/wp-content\/uploads\/2021\/05\/LabCom_logo-1.png\",\"contentUrl\":\"https:\/\/labcom.ubi.pt\/wp-content\/uploads\/2021\/05\/LabCom_logo-1.png\",\"width\":1920,\"height\":573,\"caption\":\"LabCom - Comunica\u00e7\u00e3o e Artes\"},\"image\":{\"@id\":\"https:\/\/labcom.ubi.pt\/#\/schema\/logo\/image\/\"},\"sameAs\":[\"https:\/\/www.facebook.com\/labcom.ubi.pt\/\",\"https:\/\/www.instagram.com\/labcom_ubi\/\"]},{\"@type\":\"Person\",\"@id\":\"https:\/\/labcom.ubi.pt\/#\/schema\/person\/617550ce7f64e8a2ca3fdeb37ae2d25a\",\"name\":\"Beatriz Botelho\",\"image\":{\"@type\":\"ImageObject\",\"inLanguage\":\"en-US\",\"@id\":\"https:\/\/labcom.ubi.pt\/#\/schema\/person\/image\/\",\"url\":\"https:\/\/secure.gravatar.com\/avatar\/605b66aaba7800f944c8f15a1c6fa7dd?s=96&d=mm&r=g\",\"contentUrl\":\"https:\/\/secure.gravatar.com\/avatar\/605b66aaba7800f944c8f15a1c6fa7dd?s=96&d=mm&r=g\",\"caption\":\"Beatriz Botelho\"},\"url\":\"https:\/\/labcom.ubi.pt\/en\/author\/beatriz\/\"}]}<\/script>\n<!-- \/ Yoast SEO plugin. -->","yoast_head_json":{"title":"JORNALISMO INTEGRADOR: O NOTICI\u00c1RIO TELEVISIVO NA ERA DA ABUND\u00c2NCIA INFORMATIVA - LabCom - Laborat\u00f3rio de Comunica\u00e7\u00e3o","robots":{"index":"index","follow":"follow","max-snippet":"max-snippet:-1","max-image-preview":"max-image-preview:large","max-video-preview":"max-video-preview:-1"},"canonical":"https:\/\/labcom.ubi.pt\/en\/jornalismo-integrador-o-noticiario-televisivo-na-era-da-abundancia-informativa\/","og_locale":"en_US","og_type":"article","og_title":"JORNALISMO INTEGRADOR: O NOTICI\u00c1RIO TELEVISIVO NA ERA DA ABUND\u00c2NCIA INFORMATIVA - LabCom - Laborat\u00f3rio de Comunica\u00e7\u00e3o","og_description":"A abund\u00e2ncia informativa, resultante tanto da atividade dos jornalistas como dos p\u00fablicos, provocou, por um lado, a aproxima\u00e7\u00e3o entre produtores e consumidores, e, por outro,&hellip;","og_url":"https:\/\/labcom.ubi.pt\/en\/jornalismo-integrador-o-noticiario-televisivo-na-era-da-abundancia-informativa\/","og_site_name":"LabCom - Laborat\u00f3rio de Comunica\u00e7\u00e3o","article_publisher":"https:\/\/www.facebook.com\/labcom.ubi.pt\/","article_published_time":"2019-06-23T13:49:22+00:00","article_modified_time":"2022-10-07T14:13:14+00:00","og_image":[{"width":1508,"height":2173,"url":"https:\/\/labcom.ubi.pt\/wp-content\/uploads\/2021\/06\/201905291217-capa_mckp.png","type":"image\/png"}],"author":"Beatriz Botelho","twitter_card":"summary_large_image","twitter_misc":{"Written by":"Beatriz Botelho","Est. reading time":"1 minute"},"schema":{"@context":"https:\/\/schema.org","@graph":[{"@type":"Article","@id":"https:\/\/labcom.ubi.pt\/jornalismo-integrador-o-noticiario-televisivo-na-era-da-abundancia-informativa\/#article","isPartOf":{"@id":"https:\/\/labcom.ubi.pt\/jornalismo-integrador-o-noticiario-televisivo-na-era-da-abundancia-informativa\/"},"author":{"name":"Beatriz Botelho","@id":"https:\/\/labcom.ubi.pt\/#\/schema\/person\/617550ce7f64e8a2ca3fdeb37ae2d25a"},"headline":"JORNALISMO INTEGRADOR: O NOTICI\u00c1RIO TELEVISIVO NA ERA DA ABUND\u00c2NCIA INFORMATIVA","datePublished":"2019-06-23T13:49:22+00:00","dateModified":"2022-10-07T14:13:14+00:00","mainEntityOfPage":{"@id":"https:\/\/labcom.ubi.pt\/jornalismo-integrador-o-noticiario-televisivo-na-era-da-abundancia-informativa\/"},"wordCount":260,"commentCount":0,"publisher":{"@id":"https:\/\/labcom.ubi.pt\/#organization"},"image":{"@id":"https:\/\/labcom.ubi.pt\/jornalismo-integrador-o-noticiario-televisivo-na-era-da-abundancia-informativa\/#primaryimage"},"thumbnailUrl":"https:\/\/labcom.ubi.pt\/wp-content\/uploads\/2021\/06\/201905291217-capa_mckp.png","articleSection":["Livro Comunica\u00e7\u00e3o","Publica\u00e7\u00e3o"],"inLanguage":"en-US","potentialAction":[{"@type":"CommentAction","name":"Comment","target":["https:\/\/labcom.ubi.pt\/jornalismo-integrador-o-noticiario-televisivo-na-era-da-abundancia-informativa\/#respond"]}]},{"@type":"WebPage","@id":"https:\/\/labcom.ubi.pt\/jornalismo-integrador-o-noticiario-televisivo-na-era-da-abundancia-informativa\/","url":"https:\/\/labcom.ubi.pt\/jornalismo-integrador-o-noticiario-televisivo-na-era-da-abundancia-informativa\/","name":"JORNALISMO INTEGRADOR: O NOTICI\u00c1RIO TELEVISIVO NA ERA DA ABUND\u00c2NCIA INFORMATIVA - LabCom - Laborat\u00f3rio de Comunica\u00e7\u00e3o","isPartOf":{"@id":"https:\/\/labcom.ubi.pt\/#website"},"primaryImageOfPage":{"@id":"https:\/\/labcom.ubi.pt\/jornalismo-integrador-o-noticiario-televisivo-na-era-da-abundancia-informativa\/#primaryimage"},"image":{"@id":"https:\/\/labcom.ubi.pt\/jornalismo-integrador-o-noticiario-televisivo-na-era-da-abundancia-informativa\/#primaryimage"},"thumbnailUrl":"https:\/\/labcom.ubi.pt\/wp-content\/uploads\/2021\/06\/201905291217-capa_mckp.png","datePublished":"2019-06-23T13:49:22+00:00","dateModified":"2022-10-07T14:13:14+00:00","breadcrumb":{"@id":"https:\/\/labcom.ubi.pt\/jornalismo-integrador-o-noticiario-televisivo-na-era-da-abundancia-informativa\/#breadcrumb"},"inLanguage":"en-US","potentialAction":[{"@type":"ReadAction","target":["https:\/\/labcom.ubi.pt\/jornalismo-integrador-o-noticiario-televisivo-na-era-da-abundancia-informativa\/"]}]},{"@type":"ImageObject","inLanguage":"en-US","@id":"https:\/\/labcom.ubi.pt\/jornalismo-integrador-o-noticiario-televisivo-na-era-da-abundancia-informativa\/#primaryimage","url":"https:\/\/labcom.ubi.pt\/wp-content\/uploads\/2021\/06\/201905291217-capa_mckp.png","contentUrl":"https:\/\/labcom.ubi.pt\/wp-content\/uploads\/2021\/06\/201905291217-capa_mckp.png","width":1508,"height":2173},{"@type":"BreadcrumbList","@id":"https:\/\/labcom.ubi.pt\/jornalismo-integrador-o-noticiario-televisivo-na-era-da-abundancia-informativa\/#breadcrumb","itemListElement":[{"@type":"ListItem","position":1,"name":"In\u00edcio","item":"https:\/\/labcom.ubi.pt\/"},{"@type":"ListItem","position":2,"name":"JORNALISMO INTEGRADOR: O NOTICI\u00c1RIO TELEVISIVO NA ERA DA ABUND\u00c2NCIA INFORMATIVA"}]},{"@type":"WebSite","@id":"https:\/\/labcom.ubi.pt\/#website","url":"https:\/\/labcom.ubi.pt\/","name":"LabCom - Laborat\u00f3rio de Comunica\u00e7\u00e3o","description":"Unidade de Investiga\u00e7\u00e3o Cient\u00edfica da Faculdade de Artes e Letras da Universidade da Beira Interior","publisher":{"@id":"https:\/\/labcom.ubi.pt\/#organization"},"potentialAction":[{"@type":"SearchAction","target":{"@type":"EntryPoint","urlTemplate":"https:\/\/labcom.ubi.pt\/?s={search_term_string}"},"query-input":"required name=search_term_string"}],"inLanguage":"en-US"},{"@type":"Organization","@id":"https:\/\/labcom.ubi.pt\/#organization","name":"LabCom - Comunica\u00e7\u00e3o e Artes","url":"https:\/\/labcom.ubi.pt\/","logo":{"@type":"ImageObject","inLanguage":"en-US","@id":"https:\/\/labcom.ubi.pt\/#\/schema\/logo\/image\/","url":"https:\/\/labcom.ubi.pt\/wp-content\/uploads\/2021\/05\/LabCom_logo-1.png","contentUrl":"https:\/\/labcom.ubi.pt\/wp-content\/uploads\/2021\/05\/LabCom_logo-1.png","width":1920,"height":573,"caption":"LabCom - Comunica\u00e7\u00e3o e Artes"},"image":{"@id":"https:\/\/labcom.ubi.pt\/#\/schema\/logo\/image\/"},"sameAs":["https:\/\/www.facebook.com\/labcom.ubi.pt\/","https:\/\/www.instagram.com\/labcom_ubi\/"]},{"@type":"Person","@id":"https:\/\/labcom.ubi.pt\/#\/schema\/person\/617550ce7f64e8a2ca3fdeb37ae2d25a","name":"Beatriz Botelho","image":{"@type":"ImageObject","inLanguage":"en-US","@id":"https:\/\/labcom.ubi.pt\/#\/schema\/person\/image\/","url":"https:\/\/secure.gravatar.com\/avatar\/605b66aaba7800f944c8f15a1c6fa7dd?s=96&d=mm&r=g","contentUrl":"https:\/\/secure.gravatar.com\/avatar\/605b66aaba7800f944c8f15a1c6fa7dd?s=96&d=mm&r=g","caption":"Beatriz Botelho"},"url":"https:\/\/labcom.ubi.pt\/en\/author\/beatriz\/"}]}},"_links":{"self":[{"href":"https:\/\/labcom.ubi.pt\/en\/wp-json\/wp\/v2\/posts\/5561","targetHints":{"allow":["GET"]}}],"collection":[{"href":"https:\/\/labcom.ubi.pt\/en\/wp-json\/wp\/v2\/posts"}],"about":[{"href":"https:\/\/labcom.ubi.pt\/en\/wp-json\/wp\/v2\/types\/post"}],"author":[{"embeddable":true,"href":"https:\/\/labcom.ubi.pt\/en\/wp-json\/wp\/v2\/users\/2"}],"replies":[{"embeddable":true,"href":"https:\/\/labcom.ubi.pt\/en\/wp-json\/wp\/v2\/comments?post=5561"}],"version-history":[{"count":0,"href":"https:\/\/labcom.ubi.pt\/en\/wp-json\/wp\/v2\/posts\/5561\/revisions"}],"wp:featuredmedia":[{"embeddable":true,"href":"https:\/\/labcom.ubi.pt\/en\/wp-json\/wp\/v2\/media\/5562"}],"wp:attachment":[{"href":"https:\/\/labcom.ubi.pt\/en\/wp-json\/wp\/v2\/media?parent=5561"}],"wp:term":[{"taxonomy":"category","embeddable":true,"href":"https:\/\/labcom.ubi.pt\/en\/wp-json\/wp\/v2\/categories?post=5561"},{"taxonomy":"post_tag","embeddable":true,"href":"https:\/\/labcom.ubi.pt\/en\/wp-json\/wp\/v2\/tags?post=5561"}],"curies":[{"name":"wp","href":"https:\/\/api.w.org\/{rel}","templated":true}]}}