{"id":5391,"date":"2016-08-01T13:07:00","date_gmt":"2016-08-01T13:07:00","guid":{"rendered":"https:\/\/labcom.ubi.pt\/?p=5391"},"modified":"2022-10-07T14:33:01","modified_gmt":"2022-10-07T14:33:01","slug":"ver-ouvir-e-ler-os-cineastas-teoria-dos-cineastas-vol-1","status":"publish","type":"post","link":"https:\/\/labcom.ubi.pt\/en\/ver-ouvir-e-ler-os-cineastas-teoria-dos-cineastas-vol-1\/","title":{"rendered":"VER, OUVIR E LER OS CINEASTAS &#8211; TEORIA DOS CINEASTAS &#8211; VOL.1"},"content":{"rendered":"<div class=\"itemCorpoLivro\"><\/div>\n<p><span class=\"itemCorpoLivro\">\u201cTeoria dos cineastas\u201d \u00e9 a designa\u00e7\u00e3o que adotamos para a proposta de compreender o cinema a partir dos cineastas tendo como objetivo principal refrescar a teoria do cinema \u00e0 luz do discurso e da pr\u00e1xis dos cineastas. No \u00e2mbito desta abordagem, o investigador privilegia os materiais vindos dos pr\u00f3prios cineastas: filmes, livros, manifestos, cartas, entrevistas, ou outra documenta\u00e7\u00e3o verbal ou escrita. E, ainda que muitas investiga\u00e7\u00f5es na \u00e1rea de cinema tenham j\u00e1 citado ou parafraseado, em especial, os \u201cgrandes cineastas\u201d,o que a &#8220;Teoria dos cineastas&#8221; pretende \u00e9 tornar esse procedimento numa aposta consciente e sistem\u00e1tica.<\/span><\/p>\n<div>Em &#8220;Ver, ouvir e ler os cineastas&#8221; o leitor encontra, justamente, uma aproxima\u00e7\u00e3o \u00e0 reflex\u00e3o dos cineastas. S\u00e3o disso exemplo: a discuss\u00e3o de conceitos dos pr\u00f3prios cineastas, a rela\u00e7\u00e3o com outros cineastas (por exemplo, realizador e montador), a leitura atenta de manifestos ou a exposi\u00e7\u00e3o e discuss\u00e3o de pensamentos que revelam coer\u00eancia reflexiva entre o discurso verbal\/escrito e a pr\u00e1xis art\u00edstica.<\/div>","protected":false},"excerpt":{"rendered":"<p>\u201cTeoria dos cineastas\u201d \u00e9 a designa\u00e7\u00e3o que adotamos para a proposta de compreender o cinema a partir dos cineastas tendo como objetivo principal refrescar a&hellip;<\/p>","protected":false},"author":2,"featured_media":5392,"comment_status":"open","ping_status":"open","sticky":false,"template":"","format":"standard","meta":{"_acf_changed":false,"footnotes":""},"categories":[13,10],"tags":[],"class_list":["post-5391","post","type-post","status-publish","format-standard","has-post-thumbnail","hentry","category-livro-artes","category-publicacao"],"acf":[],"yoast_head":"<!-- This site is optimized with the Yoast SEO plugin v23.1 - https:\/\/yoast.com\/wordpress\/plugins\/seo\/ -->\n<title>VER, OUVIR E LER OS CINEASTAS - TEORIA DOS CINEASTAS - VOL.1 - LabCom - Laborat\u00f3rio de Comunica\u00e7\u00e3o<\/title>\n<meta name=\"robots\" content=\"index, follow, max-snippet:-1, max-image-preview:large, max-video-preview:-1\" \/>\n<link rel=\"canonical\" href=\"https:\/\/labcom.ubi.pt\/en\/ver-ouvir-e-ler-os-cineastas-teoria-dos-cineastas-vol-1\/\" \/>\n<meta property=\"og:locale\" content=\"en_US\" \/>\n<meta property=\"og:type\" content=\"article\" \/>\n<meta property=\"og:title\" content=\"VER, OUVIR E LER OS CINEASTAS - TEORIA DOS CINEASTAS - VOL.1 - LabCom - Laborat\u00f3rio de Comunica\u00e7\u00e3o\" \/>\n<meta property=\"og:description\" content=\"\u201cTeoria dos cineastas\u201d \u00e9 a designa\u00e7\u00e3o que adotamos para a proposta de compreender o cinema a partir dos cineastas tendo como objetivo principal refrescar a&hellip;\" \/>\n<meta property=\"og:url\" content=\"https:\/\/labcom.ubi.pt\/en\/ver-ouvir-e-ler-os-cineastas-teoria-dos-cineastas-vol-1\/\" \/>\n<meta property=\"og:site_name\" content=\"LabCom - Laborat\u00f3rio de Comunica\u00e7\u00e3o\" \/>\n<meta property=\"article:publisher\" content=\"https:\/\/www.facebook.com\/labcom.ubi.pt\/\" \/>\n<meta property=\"article:published_time\" content=\"2016-08-01T13:07:00+00:00\" \/>\n<meta property=\"article:modified_time\" content=\"2022-10-07T14:33:01+00:00\" \/>\n<meta property=\"og:image\" content=\"https:\/\/labcom.ubi.pt\/wp-content\/uploads\/2021\/06\/201701251556-magazine_mockup_presentation_vol9.png\" \/>\n\t<meta property=\"og:image:width\" content=\"362\" \/>\n\t<meta property=\"og:image:height\" content=\"522\" \/>\n\t<meta property=\"og:image:type\" content=\"image\/png\" \/>\n<meta name=\"author\" content=\"Beatriz Botelho\" \/>\n<meta name=\"twitter:card\" content=\"summary_large_image\" \/>\n<meta name=\"twitter:label1\" content=\"Written by\" \/>\n\t<meta name=\"twitter:data1\" content=\"Beatriz Botelho\" \/>\n\t<meta name=\"twitter:label2\" content=\"Est. reading time\" \/>\n\t<meta name=\"twitter:data2\" content=\"1 minute\" \/>\n<script type=\"application\/ld+json\" class=\"yoast-schema-graph\">{\"@context\":\"https:\/\/schema.org\",\"@graph\":[{\"@type\":\"Article\",\"@id\":\"https:\/\/labcom.ubi.pt\/ver-ouvir-e-ler-os-cineastas-teoria-dos-cineastas-vol-1\/#article\",\"isPartOf\":{\"@id\":\"https:\/\/labcom.ubi.pt\/ver-ouvir-e-ler-os-cineastas-teoria-dos-cineastas-vol-1\/\"},\"author\":{\"name\":\"Beatriz Botelho\",\"@id\":\"https:\/\/labcom.ubi.pt\/#\/schema\/person\/617550ce7f64e8a2ca3fdeb37ae2d25a\"},\"headline\":\"VER, OUVIR E LER OS CINEASTAS &#8211; TEORIA DOS CINEASTAS &#8211; VOL.1\",\"datePublished\":\"2016-08-01T13:07:00+00:00\",\"dateModified\":\"2022-10-07T14:33:01+00:00\",\"mainEntityOfPage\":{\"@id\":\"https:\/\/labcom.ubi.pt\/ver-ouvir-e-ler-os-cineastas-teoria-dos-cineastas-vol-1\/\"},\"wordCount\":183,\"commentCount\":0,\"publisher\":{\"@id\":\"https:\/\/labcom.ubi.pt\/#organization\"},\"image\":{\"@id\":\"https:\/\/labcom.ubi.pt\/ver-ouvir-e-ler-os-cineastas-teoria-dos-cineastas-vol-1\/#primaryimage\"},\"thumbnailUrl\":\"https:\/\/labcom.ubi.pt\/wp-content\/uploads\/2021\/06\/201701251556-magazine_mockup_presentation_vol9.png\",\"articleSection\":[\"Livro Artes\",\"Publica\u00e7\u00e3o\"],\"inLanguage\":\"en-US\",\"potentialAction\":[{\"@type\":\"CommentAction\",\"name\":\"Comment\",\"target\":[\"https:\/\/labcom.ubi.pt\/ver-ouvir-e-ler-os-cineastas-teoria-dos-cineastas-vol-1\/#respond\"]}]},{\"@type\":\"WebPage\",\"@id\":\"https:\/\/labcom.ubi.pt\/ver-ouvir-e-ler-os-cineastas-teoria-dos-cineastas-vol-1\/\",\"url\":\"https:\/\/labcom.ubi.pt\/ver-ouvir-e-ler-os-cineastas-teoria-dos-cineastas-vol-1\/\",\"name\":\"VER, OUVIR E LER OS CINEASTAS - TEORIA DOS CINEASTAS - VOL.1 - LabCom - Laborat\u00f3rio de Comunica\u00e7\u00e3o\",\"isPartOf\":{\"@id\":\"https:\/\/labcom.ubi.pt\/#website\"},\"primaryImageOfPage\":{\"@id\":\"https:\/\/labcom.ubi.pt\/ver-ouvir-e-ler-os-cineastas-teoria-dos-cineastas-vol-1\/#primaryimage\"},\"image\":{\"@id\":\"https:\/\/labcom.ubi.pt\/ver-ouvir-e-ler-os-cineastas-teoria-dos-cineastas-vol-1\/#primaryimage\"},\"thumbnailUrl\":\"https:\/\/labcom.ubi.pt\/wp-content\/uploads\/2021\/06\/201701251556-magazine_mockup_presentation_vol9.png\",\"datePublished\":\"2016-08-01T13:07:00+00:00\",\"dateModified\":\"2022-10-07T14:33:01+00:00\",\"breadcrumb\":{\"@id\":\"https:\/\/labcom.ubi.pt\/ver-ouvir-e-ler-os-cineastas-teoria-dos-cineastas-vol-1\/#breadcrumb\"},\"inLanguage\":\"en-US\",\"potentialAction\":[{\"@type\":\"ReadAction\",\"target\":[\"https:\/\/labcom.ubi.pt\/ver-ouvir-e-ler-os-cineastas-teoria-dos-cineastas-vol-1\/\"]}]},{\"@type\":\"ImageObject\",\"inLanguage\":\"en-US\",\"@id\":\"https:\/\/labcom.ubi.pt\/ver-ouvir-e-ler-os-cineastas-teoria-dos-cineastas-vol-1\/#primaryimage\",\"url\":\"https:\/\/labcom.ubi.pt\/wp-content\/uploads\/2021\/06\/201701251556-magazine_mockup_presentation_vol9.png\",\"contentUrl\":\"https:\/\/labcom.ubi.pt\/wp-content\/uploads\/2021\/06\/201701251556-magazine_mockup_presentation_vol9.png\",\"width\":362,\"height\":522},{\"@type\":\"BreadcrumbList\",\"@id\":\"https:\/\/labcom.ubi.pt\/ver-ouvir-e-ler-os-cineastas-teoria-dos-cineastas-vol-1\/#breadcrumb\",\"itemListElement\":[{\"@type\":\"ListItem\",\"position\":1,\"name\":\"In\u00edcio\",\"item\":\"https:\/\/labcom.ubi.pt\/\"},{\"@type\":\"ListItem\",\"position\":2,\"name\":\"VER, OUVIR E LER OS CINEASTAS &#8211; TEORIA DOS CINEASTAS &#8211; VOL.1\"}]},{\"@type\":\"WebSite\",\"@id\":\"https:\/\/labcom.ubi.pt\/#website\",\"url\":\"https:\/\/labcom.ubi.pt\/\",\"name\":\"LabCom - Laborat\u00f3rio de Comunica\u00e7\u00e3o\",\"description\":\"Unidade de Investiga\u00e7\u00e3o Cient\u00edfica da Faculdade de Artes e Letras da Universidade da Beira Interior\",\"publisher\":{\"@id\":\"https:\/\/labcom.ubi.pt\/#organization\"},\"potentialAction\":[{\"@type\":\"SearchAction\",\"target\":{\"@type\":\"EntryPoint\",\"urlTemplate\":\"https:\/\/labcom.ubi.pt\/?s={search_term_string}\"},\"query-input\":\"required name=search_term_string\"}],\"inLanguage\":\"en-US\"},{\"@type\":\"Organization\",\"@id\":\"https:\/\/labcom.ubi.pt\/#organization\",\"name\":\"LabCom - Comunica\u00e7\u00e3o e Artes\",\"url\":\"https:\/\/labcom.ubi.pt\/\",\"logo\":{\"@type\":\"ImageObject\",\"inLanguage\":\"en-US\",\"@id\":\"https:\/\/labcom.ubi.pt\/#\/schema\/logo\/image\/\",\"url\":\"https:\/\/labcom.ubi.pt\/wp-content\/uploads\/2021\/05\/LabCom_logo-1.png\",\"contentUrl\":\"https:\/\/labcom.ubi.pt\/wp-content\/uploads\/2021\/05\/LabCom_logo-1.png\",\"width\":1920,\"height\":573,\"caption\":\"LabCom - Comunica\u00e7\u00e3o e Artes\"},\"image\":{\"@id\":\"https:\/\/labcom.ubi.pt\/#\/schema\/logo\/image\/\"},\"sameAs\":[\"https:\/\/www.facebook.com\/labcom.ubi.pt\/\",\"https:\/\/www.instagram.com\/labcom_ubi\/\"]},{\"@type\":\"Person\",\"@id\":\"https:\/\/labcom.ubi.pt\/#\/schema\/person\/617550ce7f64e8a2ca3fdeb37ae2d25a\",\"name\":\"Beatriz Botelho\",\"image\":{\"@type\":\"ImageObject\",\"inLanguage\":\"en-US\",\"@id\":\"https:\/\/labcom.ubi.pt\/#\/schema\/person\/image\/\",\"url\":\"https:\/\/secure.gravatar.com\/avatar\/605b66aaba7800f944c8f15a1c6fa7dd?s=96&d=mm&r=g\",\"contentUrl\":\"https:\/\/secure.gravatar.com\/avatar\/605b66aaba7800f944c8f15a1c6fa7dd?s=96&d=mm&r=g\",\"caption\":\"Beatriz Botelho\"},\"url\":\"https:\/\/labcom.ubi.pt\/en\/author\/beatriz\/\"}]}<\/script>\n<!-- \/ Yoast SEO plugin. -->","yoast_head_json":{"title":"VER, OUVIR E LER OS CINEASTAS - TEORIA DOS CINEASTAS - VOL.1 - LabCom - Laborat\u00f3rio de Comunica\u00e7\u00e3o","robots":{"index":"index","follow":"follow","max-snippet":"max-snippet:-1","max-image-preview":"max-image-preview:large","max-video-preview":"max-video-preview:-1"},"canonical":"https:\/\/labcom.ubi.pt\/en\/ver-ouvir-e-ler-os-cineastas-teoria-dos-cineastas-vol-1\/","og_locale":"en_US","og_type":"article","og_title":"VER, OUVIR E LER OS CINEASTAS - TEORIA DOS CINEASTAS - VOL.1 - LabCom - Laborat\u00f3rio de Comunica\u00e7\u00e3o","og_description":"\u201cTeoria dos cineastas\u201d \u00e9 a designa\u00e7\u00e3o que adotamos para a proposta de compreender o cinema a partir dos cineastas tendo como objetivo principal refrescar a&hellip;","og_url":"https:\/\/labcom.ubi.pt\/en\/ver-ouvir-e-ler-os-cineastas-teoria-dos-cineastas-vol-1\/","og_site_name":"LabCom - Laborat\u00f3rio de Comunica\u00e7\u00e3o","article_publisher":"https:\/\/www.facebook.com\/labcom.ubi.pt\/","article_published_time":"2016-08-01T13:07:00+00:00","article_modified_time":"2022-10-07T14:33:01+00:00","og_image":[{"width":362,"height":522,"url":"https:\/\/labcom.ubi.pt\/wp-content\/uploads\/2021\/06\/201701251556-magazine_mockup_presentation_vol9.png","type":"image\/png"}],"author":"Beatriz Botelho","twitter_card":"summary_large_image","twitter_misc":{"Written by":"Beatriz Botelho","Est. reading time":"1 minute"},"schema":{"@context":"https:\/\/schema.org","@graph":[{"@type":"Article","@id":"https:\/\/labcom.ubi.pt\/ver-ouvir-e-ler-os-cineastas-teoria-dos-cineastas-vol-1\/#article","isPartOf":{"@id":"https:\/\/labcom.ubi.pt\/ver-ouvir-e-ler-os-cineastas-teoria-dos-cineastas-vol-1\/"},"author":{"name":"Beatriz Botelho","@id":"https:\/\/labcom.ubi.pt\/#\/schema\/person\/617550ce7f64e8a2ca3fdeb37ae2d25a"},"headline":"VER, OUVIR E LER OS CINEASTAS &#8211; TEORIA DOS CINEASTAS &#8211; VOL.1","datePublished":"2016-08-01T13:07:00+00:00","dateModified":"2022-10-07T14:33:01+00:00","mainEntityOfPage":{"@id":"https:\/\/labcom.ubi.pt\/ver-ouvir-e-ler-os-cineastas-teoria-dos-cineastas-vol-1\/"},"wordCount":183,"commentCount":0,"publisher":{"@id":"https:\/\/labcom.ubi.pt\/#organization"},"image":{"@id":"https:\/\/labcom.ubi.pt\/ver-ouvir-e-ler-os-cineastas-teoria-dos-cineastas-vol-1\/#primaryimage"},"thumbnailUrl":"https:\/\/labcom.ubi.pt\/wp-content\/uploads\/2021\/06\/201701251556-magazine_mockup_presentation_vol9.png","articleSection":["Livro Artes","Publica\u00e7\u00e3o"],"inLanguage":"en-US","potentialAction":[{"@type":"CommentAction","name":"Comment","target":["https:\/\/labcom.ubi.pt\/ver-ouvir-e-ler-os-cineastas-teoria-dos-cineastas-vol-1\/#respond"]}]},{"@type":"WebPage","@id":"https:\/\/labcom.ubi.pt\/ver-ouvir-e-ler-os-cineastas-teoria-dos-cineastas-vol-1\/","url":"https:\/\/labcom.ubi.pt\/ver-ouvir-e-ler-os-cineastas-teoria-dos-cineastas-vol-1\/","name":"VER, OUVIR E LER OS CINEASTAS - TEORIA DOS CINEASTAS - VOL.1 - LabCom - Laborat\u00f3rio de Comunica\u00e7\u00e3o","isPartOf":{"@id":"https:\/\/labcom.ubi.pt\/#website"},"primaryImageOfPage":{"@id":"https:\/\/labcom.ubi.pt\/ver-ouvir-e-ler-os-cineastas-teoria-dos-cineastas-vol-1\/#primaryimage"},"image":{"@id":"https:\/\/labcom.ubi.pt\/ver-ouvir-e-ler-os-cineastas-teoria-dos-cineastas-vol-1\/#primaryimage"},"thumbnailUrl":"https:\/\/labcom.ubi.pt\/wp-content\/uploads\/2021\/06\/201701251556-magazine_mockup_presentation_vol9.png","datePublished":"2016-08-01T13:07:00+00:00","dateModified":"2022-10-07T14:33:01+00:00","breadcrumb":{"@id":"https:\/\/labcom.ubi.pt\/ver-ouvir-e-ler-os-cineastas-teoria-dos-cineastas-vol-1\/#breadcrumb"},"inLanguage":"en-US","potentialAction":[{"@type":"ReadAction","target":["https:\/\/labcom.ubi.pt\/ver-ouvir-e-ler-os-cineastas-teoria-dos-cineastas-vol-1\/"]}]},{"@type":"ImageObject","inLanguage":"en-US","@id":"https:\/\/labcom.ubi.pt\/ver-ouvir-e-ler-os-cineastas-teoria-dos-cineastas-vol-1\/#primaryimage","url":"https:\/\/labcom.ubi.pt\/wp-content\/uploads\/2021\/06\/201701251556-magazine_mockup_presentation_vol9.png","contentUrl":"https:\/\/labcom.ubi.pt\/wp-content\/uploads\/2021\/06\/201701251556-magazine_mockup_presentation_vol9.png","width":362,"height":522},{"@type":"BreadcrumbList","@id":"https:\/\/labcom.ubi.pt\/ver-ouvir-e-ler-os-cineastas-teoria-dos-cineastas-vol-1\/#breadcrumb","itemListElement":[{"@type":"ListItem","position":1,"name":"In\u00edcio","item":"https:\/\/labcom.ubi.pt\/"},{"@type":"ListItem","position":2,"name":"VER, OUVIR E LER OS CINEASTAS &#8211; TEORIA DOS CINEASTAS &#8211; VOL.1"}]},{"@type":"WebSite","@id":"https:\/\/labcom.ubi.pt\/#website","url":"https:\/\/labcom.ubi.pt\/","name":"LabCom - Laborat\u00f3rio de Comunica\u00e7\u00e3o","description":"Unidade de Investiga\u00e7\u00e3o Cient\u00edfica da Faculdade de Artes e Letras da Universidade da Beira Interior","publisher":{"@id":"https:\/\/labcom.ubi.pt\/#organization"},"potentialAction":[{"@type":"SearchAction","target":{"@type":"EntryPoint","urlTemplate":"https:\/\/labcom.ubi.pt\/?s={search_term_string}"},"query-input":"required name=search_term_string"}],"inLanguage":"en-US"},{"@type":"Organization","@id":"https:\/\/labcom.ubi.pt\/#organization","name":"LabCom - Comunica\u00e7\u00e3o e Artes","url":"https:\/\/labcom.ubi.pt\/","logo":{"@type":"ImageObject","inLanguage":"en-US","@id":"https:\/\/labcom.ubi.pt\/#\/schema\/logo\/image\/","url":"https:\/\/labcom.ubi.pt\/wp-content\/uploads\/2021\/05\/LabCom_logo-1.png","contentUrl":"https:\/\/labcom.ubi.pt\/wp-content\/uploads\/2021\/05\/LabCom_logo-1.png","width":1920,"height":573,"caption":"LabCom - Comunica\u00e7\u00e3o e Artes"},"image":{"@id":"https:\/\/labcom.ubi.pt\/#\/schema\/logo\/image\/"},"sameAs":["https:\/\/www.facebook.com\/labcom.ubi.pt\/","https:\/\/www.instagram.com\/labcom_ubi\/"]},{"@type":"Person","@id":"https:\/\/labcom.ubi.pt\/#\/schema\/person\/617550ce7f64e8a2ca3fdeb37ae2d25a","name":"Beatriz Botelho","image":{"@type":"ImageObject","inLanguage":"en-US","@id":"https:\/\/labcom.ubi.pt\/#\/schema\/person\/image\/","url":"https:\/\/secure.gravatar.com\/avatar\/605b66aaba7800f944c8f15a1c6fa7dd?s=96&d=mm&r=g","contentUrl":"https:\/\/secure.gravatar.com\/avatar\/605b66aaba7800f944c8f15a1c6fa7dd?s=96&d=mm&r=g","caption":"Beatriz Botelho"},"url":"https:\/\/labcom.ubi.pt\/en\/author\/beatriz\/"}]}},"_links":{"self":[{"href":"https:\/\/labcom.ubi.pt\/en\/wp-json\/wp\/v2\/posts\/5391","targetHints":{"allow":["GET"]}}],"collection":[{"href":"https:\/\/labcom.ubi.pt\/en\/wp-json\/wp\/v2\/posts"}],"about":[{"href":"https:\/\/labcom.ubi.pt\/en\/wp-json\/wp\/v2\/types\/post"}],"author":[{"embeddable":true,"href":"https:\/\/labcom.ubi.pt\/en\/wp-json\/wp\/v2\/users\/2"}],"replies":[{"embeddable":true,"href":"https:\/\/labcom.ubi.pt\/en\/wp-json\/wp\/v2\/comments?post=5391"}],"version-history":[{"count":0,"href":"https:\/\/labcom.ubi.pt\/en\/wp-json\/wp\/v2\/posts\/5391\/revisions"}],"wp:featuredmedia":[{"embeddable":true,"href":"https:\/\/labcom.ubi.pt\/en\/wp-json\/wp\/v2\/media\/5392"}],"wp:attachment":[{"href":"https:\/\/labcom.ubi.pt\/en\/wp-json\/wp\/v2\/media?parent=5391"}],"wp:term":[{"taxonomy":"category","embeddable":true,"href":"https:\/\/labcom.ubi.pt\/en\/wp-json\/wp\/v2\/categories?post=5391"},{"taxonomy":"post_tag","embeddable":true,"href":"https:\/\/labcom.ubi.pt\/en\/wp-json\/wp\/v2\/tags?post=5391"}],"curies":[{"name":"wp","href":"https:\/\/api.w.org\/{rel}","templated":true}]}}