{"id":37142,"date":"2025-11-18T11:10:57","date_gmt":"2025-11-18T11:10:57","guid":{"rendered":"https:\/\/labcom.ubi.pt\/?p=37142"},"modified":"2025-11-18T11:12:12","modified_gmt":"2025-11-18T11:12:12","slug":"news-deserts-europe-2025-portugal-report","status":"publish","type":"post","link":"https:\/\/labcom.ubi.pt\/en\/news-deserts-europe-2025-portugal-report\/","title":{"rendered":"News Deserts Europe 2025: Portugal report"},"content":{"rendered":"<p>This study, in addition to updating the data for the year 2022, sets out to analyse the changes that have taken place in the national information landscape. The aim is to identify which municipalities have become part of the so-called news deserts, which ones are no longer part of them, and which ones are currently under threat due to a shortage of media outlets. This study records the municipalities where non-specialised journalistic media outlets are based, as well as those where such outlets are absent. The main innovation in this edition is the introduction of a regional perspective, using NUTS III territorial division, allowing for a more detailed analysis of local dynamics.<\/p>","protected":false},"excerpt":{"rendered":"<p>This study, in addition to updating the data for the year 2022, sets out to analyse the changes that have taken place in the national&hellip;<\/p>","protected":false},"author":7,"featured_media":37146,"comment_status":"closed","ping_status":"open","sticky":false,"template":"","format":"standard","meta":{"_acf_changed":false,"footnotes":""},"categories":[54,10,59],"tags":[],"class_list":["post-37142","post","type-post","status-publish","format-standard","has-post-thumbnail","hentry","category-novas-publicacoes-site-novo","category-publicacao","category-relatorio"],"acf":[],"yoast_head":"<!-- This site is optimized with the Yoast SEO plugin v23.1 - https:\/\/yoast.com\/wordpress\/plugins\/seo\/ -->\n<title>News Deserts Europe 2025: Portugal report - LabCom - Laborat\u00f3rio de Comunica\u00e7\u00e3o<\/title>\n<meta name=\"robots\" content=\"index, follow, max-snippet:-1, max-image-preview:large, max-video-preview:-1\" \/>\n<link rel=\"canonical\" href=\"https:\/\/labcom.ubi.pt\/en\/news-deserts-europe-2025-portugal-report\/\" \/>\n<meta property=\"og:locale\" content=\"en_US\" \/>\n<meta property=\"og:type\" content=\"article\" \/>\n<meta property=\"og:title\" content=\"News Deserts Europe 2025: Portugal report - LabCom - Laborat\u00f3rio de Comunica\u00e7\u00e3o\" \/>\n<meta property=\"og:description\" content=\"This study, in addition to updating the data for the year 2022, sets out to analyse the changes that have taken place in the national&hellip;\" \/>\n<meta property=\"og:url\" content=\"https:\/\/labcom.ubi.pt\/en\/news-deserts-europe-2025-portugal-report\/\" \/>\n<meta property=\"og:site_name\" content=\"LabCom - Laborat\u00f3rio de Comunica\u00e7\u00e3o\" \/>\n<meta property=\"article:publisher\" content=\"https:\/\/www.facebook.com\/labcom.ubi.pt\/\" \/>\n<meta property=\"article:published_time\" content=\"2025-11-18T11:10:57+00:00\" \/>\n<meta property=\"article:modified_time\" content=\"2025-11-18T11:12:12+00:00\" \/>\n<meta property=\"og:image\" content=\"https:\/\/labcom.ubi.pt\/wp-content\/uploads\/2025\/11\/DNE_relatorio-2025_ENG_CAPA-scaled.jpg\" \/>\n\t<meta property=\"og:image:width\" content=\"1810\" \/>\n\t<meta property=\"og:image:height\" content=\"2560\" \/>\n\t<meta property=\"og:image:type\" content=\"image\/jpeg\" \/>\n<meta name=\"author\" content=\"Thais Longaray\" \/>\n<meta name=\"twitter:card\" content=\"summary_large_image\" \/>\n<meta name=\"twitter:label1\" content=\"Written by\" \/>\n\t<meta name=\"twitter:data1\" content=\"Thais Longaray\" \/>\n\t<meta name=\"twitter:label2\" content=\"Est. reading time\" \/>\n\t<meta name=\"twitter:data2\" content=\"1 minute\" \/>\n<script type=\"application\/ld+json\" class=\"yoast-schema-graph\">{\"@context\":\"https:\/\/schema.org\",\"@graph\":[{\"@type\":\"Article\",\"@id\":\"https:\/\/labcom.ubi.pt\/news-deserts-europe-2025-portugal-report\/#article\",\"isPartOf\":{\"@id\":\"https:\/\/labcom.ubi.pt\/news-deserts-europe-2025-portugal-report\/\"},\"author\":{\"name\":\"Thais Longaray\",\"@id\":\"https:\/\/labcom.ubi.pt\/#\/schema\/person\/4390877beddc8d3f5b945e3ca5e391ab\"},\"headline\":\"News Deserts Europe 2025: Portugal report\",\"datePublished\":\"2025-11-18T11:10:57+00:00\",\"dateModified\":\"2025-11-18T11:12:12+00:00\",\"mainEntityOfPage\":{\"@id\":\"https:\/\/labcom.ubi.pt\/news-deserts-europe-2025-portugal-report\/\"},\"wordCount\":116,\"publisher\":{\"@id\":\"https:\/\/labcom.ubi.pt\/#organization\"},\"image\":{\"@id\":\"https:\/\/labcom.ubi.pt\/news-deserts-europe-2025-portugal-report\/#primaryimage\"},\"thumbnailUrl\":\"https:\/\/labcom.ubi.pt\/wp-content\/uploads\/2025\/11\/DNE_relatorio-2025_ENG_CAPA-scaled.jpg\",\"articleSection\":[\"Novas Publica\u00e7\u00f5es - Site Novo\",\"Publica\u00e7\u00e3o\",\"Relat\u00f3rio\"],\"inLanguage\":\"en-US\"},{\"@type\":\"WebPage\",\"@id\":\"https:\/\/labcom.ubi.pt\/news-deserts-europe-2025-portugal-report\/\",\"url\":\"https:\/\/labcom.ubi.pt\/news-deserts-europe-2025-portugal-report\/\",\"name\":\"News Deserts Europe 2025: Portugal report - LabCom - Laborat\u00f3rio de Comunica\u00e7\u00e3o\",\"isPartOf\":{\"@id\":\"https:\/\/labcom.ubi.pt\/#website\"},\"primaryImageOfPage\":{\"@id\":\"https:\/\/labcom.ubi.pt\/news-deserts-europe-2025-portugal-report\/#primaryimage\"},\"image\":{\"@id\":\"https:\/\/labcom.ubi.pt\/news-deserts-europe-2025-portugal-report\/#primaryimage\"},\"thumbnailUrl\":\"https:\/\/labcom.ubi.pt\/wp-content\/uploads\/2025\/11\/DNE_relatorio-2025_ENG_CAPA-scaled.jpg\",\"datePublished\":\"2025-11-18T11:10:57+00:00\",\"dateModified\":\"2025-11-18T11:12:12+00:00\",\"breadcrumb\":{\"@id\":\"https:\/\/labcom.ubi.pt\/news-deserts-europe-2025-portugal-report\/#breadcrumb\"},\"inLanguage\":\"en-US\",\"potentialAction\":[{\"@type\":\"ReadAction\",\"target\":[\"https:\/\/labcom.ubi.pt\/news-deserts-europe-2025-portugal-report\/\"]}]},{\"@type\":\"ImageObject\",\"inLanguage\":\"en-US\",\"@id\":\"https:\/\/labcom.ubi.pt\/news-deserts-europe-2025-portugal-report\/#primaryimage\",\"url\":\"https:\/\/labcom.ubi.pt\/wp-content\/uploads\/2025\/11\/DNE_relatorio-2025_ENG_CAPA-scaled.jpg\",\"contentUrl\":\"https:\/\/labcom.ubi.pt\/wp-content\/uploads\/2025\/11\/DNE_relatorio-2025_ENG_CAPA-scaled.jpg\",\"width\":1810,\"height\":2560},{\"@type\":\"BreadcrumbList\",\"@id\":\"https:\/\/labcom.ubi.pt\/news-deserts-europe-2025-portugal-report\/#breadcrumb\",\"itemListElement\":[{\"@type\":\"ListItem\",\"position\":1,\"name\":\"In\u00edcio\",\"item\":\"https:\/\/labcom.ubi.pt\/\"},{\"@type\":\"ListItem\",\"position\":2,\"name\":\"News Deserts Europe 2025: Portugal report\"}]},{\"@type\":\"WebSite\",\"@id\":\"https:\/\/labcom.ubi.pt\/#website\",\"url\":\"https:\/\/labcom.ubi.pt\/\",\"name\":\"LabCom - Laborat\u00f3rio de Comunica\u00e7\u00e3o\",\"description\":\"Unidade de Investiga\u00e7\u00e3o Cient\u00edfica da Faculdade de Artes e Letras da Universidade da Beira Interior\",\"publisher\":{\"@id\":\"https:\/\/labcom.ubi.pt\/#organization\"},\"potentialAction\":[{\"@type\":\"SearchAction\",\"target\":{\"@type\":\"EntryPoint\",\"urlTemplate\":\"https:\/\/labcom.ubi.pt\/?s={search_term_string}\"},\"query-input\":\"required name=search_term_string\"}],\"inLanguage\":\"en-US\"},{\"@type\":\"Organization\",\"@id\":\"https:\/\/labcom.ubi.pt\/#organization\",\"name\":\"LabCom - Comunica\u00e7\u00e3o e Artes\",\"url\":\"https:\/\/labcom.ubi.pt\/\",\"logo\":{\"@type\":\"ImageObject\",\"inLanguage\":\"en-US\",\"@id\":\"https:\/\/labcom.ubi.pt\/#\/schema\/logo\/image\/\",\"url\":\"https:\/\/labcom.ubi.pt\/wp-content\/uploads\/2021\/05\/LabCom_logo-1.png\",\"contentUrl\":\"https:\/\/labcom.ubi.pt\/wp-content\/uploads\/2021\/05\/LabCom_logo-1.png\",\"width\":1920,\"height\":573,\"caption\":\"LabCom - Comunica\u00e7\u00e3o e Artes\"},\"image\":{\"@id\":\"https:\/\/labcom.ubi.pt\/#\/schema\/logo\/image\/\"},\"sameAs\":[\"https:\/\/www.facebook.com\/labcom.ubi.pt\/\",\"https:\/\/www.instagram.com\/labcom_ubi\/\"]},{\"@type\":\"Person\",\"@id\":\"https:\/\/labcom.ubi.pt\/#\/schema\/person\/4390877beddc8d3f5b945e3ca5e391ab\",\"name\":\"Thais Longaray\",\"image\":{\"@type\":\"ImageObject\",\"inLanguage\":\"en-US\",\"@id\":\"https:\/\/labcom.ubi.pt\/#\/schema\/person\/image\/\",\"url\":\"https:\/\/secure.gravatar.com\/avatar\/6e2c57a90267f9f99342a03e715370da?s=96&d=mm&r=g\",\"contentUrl\":\"https:\/\/secure.gravatar.com\/avatar\/6e2c57a90267f9f99342a03e715370da?s=96&d=mm&r=g\",\"caption\":\"Thais Longaray\"},\"url\":\"https:\/\/labcom.ubi.pt\/en\/author\/thais-longaray\/\"}]}<\/script>\n<!-- \/ Yoast SEO plugin. -->","yoast_head_json":{"title":"News Deserts Europe 2025: Portugal report - LabCom - Laborat\u00f3rio de Comunica\u00e7\u00e3o","robots":{"index":"index","follow":"follow","max-snippet":"max-snippet:-1","max-image-preview":"max-image-preview:large","max-video-preview":"max-video-preview:-1"},"canonical":"https:\/\/labcom.ubi.pt\/en\/news-deserts-europe-2025-portugal-report\/","og_locale":"en_US","og_type":"article","og_title":"News Deserts Europe 2025: Portugal report - LabCom - Laborat\u00f3rio de Comunica\u00e7\u00e3o","og_description":"This study, in addition to updating the data for the year 2022, sets out to analyse the changes that have taken place in the national&hellip;","og_url":"https:\/\/labcom.ubi.pt\/en\/news-deserts-europe-2025-portugal-report\/","og_site_name":"LabCom - Laborat\u00f3rio de Comunica\u00e7\u00e3o","article_publisher":"https:\/\/www.facebook.com\/labcom.ubi.pt\/","article_published_time":"2025-11-18T11:10:57+00:00","article_modified_time":"2025-11-18T11:12:12+00:00","og_image":[{"width":1810,"height":2560,"url":"https:\/\/labcom.ubi.pt\/wp-content\/uploads\/2025\/11\/DNE_relatorio-2025_ENG_CAPA-scaled.jpg","type":"image\/jpeg"}],"author":"Thais Longaray","twitter_card":"summary_large_image","twitter_misc":{"Written by":"Thais Longaray","Est. reading time":"1 minute"},"schema":{"@context":"https:\/\/schema.org","@graph":[{"@type":"Article","@id":"https:\/\/labcom.ubi.pt\/news-deserts-europe-2025-portugal-report\/#article","isPartOf":{"@id":"https:\/\/labcom.ubi.pt\/news-deserts-europe-2025-portugal-report\/"},"author":{"name":"Thais Longaray","@id":"https:\/\/labcom.ubi.pt\/#\/schema\/person\/4390877beddc8d3f5b945e3ca5e391ab"},"headline":"News Deserts Europe 2025: Portugal report","datePublished":"2025-11-18T11:10:57+00:00","dateModified":"2025-11-18T11:12:12+00:00","mainEntityOfPage":{"@id":"https:\/\/labcom.ubi.pt\/news-deserts-europe-2025-portugal-report\/"},"wordCount":116,"publisher":{"@id":"https:\/\/labcom.ubi.pt\/#organization"},"image":{"@id":"https:\/\/labcom.ubi.pt\/news-deserts-europe-2025-portugal-report\/#primaryimage"},"thumbnailUrl":"https:\/\/labcom.ubi.pt\/wp-content\/uploads\/2025\/11\/DNE_relatorio-2025_ENG_CAPA-scaled.jpg","articleSection":["Novas Publica\u00e7\u00f5es - Site Novo","Publica\u00e7\u00e3o","Relat\u00f3rio"],"inLanguage":"en-US"},{"@type":"WebPage","@id":"https:\/\/labcom.ubi.pt\/news-deserts-europe-2025-portugal-report\/","url":"https:\/\/labcom.ubi.pt\/news-deserts-europe-2025-portugal-report\/","name":"News Deserts Europe 2025: Portugal report - LabCom - Laborat\u00f3rio de Comunica\u00e7\u00e3o","isPartOf":{"@id":"https:\/\/labcom.ubi.pt\/#website"},"primaryImageOfPage":{"@id":"https:\/\/labcom.ubi.pt\/news-deserts-europe-2025-portugal-report\/#primaryimage"},"image":{"@id":"https:\/\/labcom.ubi.pt\/news-deserts-europe-2025-portugal-report\/#primaryimage"},"thumbnailUrl":"https:\/\/labcom.ubi.pt\/wp-content\/uploads\/2025\/11\/DNE_relatorio-2025_ENG_CAPA-scaled.jpg","datePublished":"2025-11-18T11:10:57+00:00","dateModified":"2025-11-18T11:12:12+00:00","breadcrumb":{"@id":"https:\/\/labcom.ubi.pt\/news-deserts-europe-2025-portugal-report\/#breadcrumb"},"inLanguage":"en-US","potentialAction":[{"@type":"ReadAction","target":["https:\/\/labcom.ubi.pt\/news-deserts-europe-2025-portugal-report\/"]}]},{"@type":"ImageObject","inLanguage":"en-US","@id":"https:\/\/labcom.ubi.pt\/news-deserts-europe-2025-portugal-report\/#primaryimage","url":"https:\/\/labcom.ubi.pt\/wp-content\/uploads\/2025\/11\/DNE_relatorio-2025_ENG_CAPA-scaled.jpg","contentUrl":"https:\/\/labcom.ubi.pt\/wp-content\/uploads\/2025\/11\/DNE_relatorio-2025_ENG_CAPA-scaled.jpg","width":1810,"height":2560},{"@type":"BreadcrumbList","@id":"https:\/\/labcom.ubi.pt\/news-deserts-europe-2025-portugal-report\/#breadcrumb","itemListElement":[{"@type":"ListItem","position":1,"name":"In\u00edcio","item":"https:\/\/labcom.ubi.pt\/"},{"@type":"ListItem","position":2,"name":"News Deserts Europe 2025: Portugal report"}]},{"@type":"WebSite","@id":"https:\/\/labcom.ubi.pt\/#website","url":"https:\/\/labcom.ubi.pt\/","name":"LabCom - Laborat\u00f3rio de Comunica\u00e7\u00e3o","description":"Unidade de Investiga\u00e7\u00e3o Cient\u00edfica da Faculdade de Artes e Letras da Universidade da Beira Interior","publisher":{"@id":"https:\/\/labcom.ubi.pt\/#organization"},"potentialAction":[{"@type":"SearchAction","target":{"@type":"EntryPoint","urlTemplate":"https:\/\/labcom.ubi.pt\/?s={search_term_string}"},"query-input":"required name=search_term_string"}],"inLanguage":"en-US"},{"@type":"Organization","@id":"https:\/\/labcom.ubi.pt\/#organization","name":"LabCom - Comunica\u00e7\u00e3o e Artes","url":"https:\/\/labcom.ubi.pt\/","logo":{"@type":"ImageObject","inLanguage":"en-US","@id":"https:\/\/labcom.ubi.pt\/#\/schema\/logo\/image\/","url":"https:\/\/labcom.ubi.pt\/wp-content\/uploads\/2021\/05\/LabCom_logo-1.png","contentUrl":"https:\/\/labcom.ubi.pt\/wp-content\/uploads\/2021\/05\/LabCom_logo-1.png","width":1920,"height":573,"caption":"LabCom - Comunica\u00e7\u00e3o e Artes"},"image":{"@id":"https:\/\/labcom.ubi.pt\/#\/schema\/logo\/image\/"},"sameAs":["https:\/\/www.facebook.com\/labcom.ubi.pt\/","https:\/\/www.instagram.com\/labcom_ubi\/"]},{"@type":"Person","@id":"https:\/\/labcom.ubi.pt\/#\/schema\/person\/4390877beddc8d3f5b945e3ca5e391ab","name":"Thais Longaray","image":{"@type":"ImageObject","inLanguage":"en-US","@id":"https:\/\/labcom.ubi.pt\/#\/schema\/person\/image\/","url":"https:\/\/secure.gravatar.com\/avatar\/6e2c57a90267f9f99342a03e715370da?s=96&d=mm&r=g","contentUrl":"https:\/\/secure.gravatar.com\/avatar\/6e2c57a90267f9f99342a03e715370da?s=96&d=mm&r=g","caption":"Thais Longaray"},"url":"https:\/\/labcom.ubi.pt\/en\/author\/thais-longaray\/"}]}},"_links":{"self":[{"href":"https:\/\/labcom.ubi.pt\/en\/wp-json\/wp\/v2\/posts\/37142","targetHints":{"allow":["GET"]}}],"collection":[{"href":"https:\/\/labcom.ubi.pt\/en\/wp-json\/wp\/v2\/posts"}],"about":[{"href":"https:\/\/labcom.ubi.pt\/en\/wp-json\/wp\/v2\/types\/post"}],"author":[{"embeddable":true,"href":"https:\/\/labcom.ubi.pt\/en\/wp-json\/wp\/v2\/users\/7"}],"replies":[{"embeddable":true,"href":"https:\/\/labcom.ubi.pt\/en\/wp-json\/wp\/v2\/comments?post=37142"}],"version-history":[{"count":2,"href":"https:\/\/labcom.ubi.pt\/en\/wp-json\/wp\/v2\/posts\/37142\/revisions"}],"predecessor-version":[{"id":37149,"href":"https:\/\/labcom.ubi.pt\/en\/wp-json\/wp\/v2\/posts\/37142\/revisions\/37149"}],"wp:featuredmedia":[{"embeddable":true,"href":"https:\/\/labcom.ubi.pt\/en\/wp-json\/wp\/v2\/media\/37146"}],"wp:attachment":[{"href":"https:\/\/labcom.ubi.pt\/en\/wp-json\/wp\/v2\/media?parent=37142"}],"wp:term":[{"taxonomy":"category","embeddable":true,"href":"https:\/\/labcom.ubi.pt\/en\/wp-json\/wp\/v2\/categories?post=37142"},{"taxonomy":"post_tag","embeddable":true,"href":"https:\/\/labcom.ubi.pt\/en\/wp-json\/wp\/v2\/tags?post=37142"}],"curies":[{"name":"wp","href":"https:\/\/api.w.org\/{rel}","templated":true}]}}