{"id":36449,"date":"2024-11-04T13:58:21","date_gmt":"2024-11-04T13:58:21","guid":{"rendered":"https:\/\/labcom.ubi.pt\/?p=36449"},"modified":"2024-11-06T14:25:59","modified_gmt":"2024-11-06T14:25:59","slug":"uma-historia-do-jornalismo-no-ocidente-genese-e-desenvolvimento-de-uma-instituicao-social-ate-ao-final-do-seculo-xx","status":"publish","type":"post","link":"https:\/\/labcom.ubi.pt\/en\/uma-historia-do-jornalismo-no-ocidente-genese-e-desenvolvimento-de-uma-instituicao-social-ate-ao-final-do-seculo-xx\/","title":{"rendered":"Uma hist\u00f3ria do jornalismo no Ocidente. G\u00e9nese e desenvolvimento de uma institui\u00e7\u00e3o social at\u00e9 ao final do s\u00e9culo XX"},"content":{"rendered":"<p class=\"p1\"><span class=\"s1\">As obras de s\u00edntese oferecem vis\u00f5es panor\u00e2micas e sistem\u00e1ticas sobre determinados fen\u00f3menos, sendo de fundamental import\u00e2ncia para todas as ci\u00eancias, mas particularmente para as Humanidades e para as Ci\u00eancias Sociais. Compensam a atomiza\u00e7\u00e3o do conhecimento que resulta da multiplica\u00e7\u00e3o de artigos cient\u00edficos cada vez mais especializados sobre singularidades. <i>Uma hist\u00f3ria do jornalismo no Ocidente: g\u00e9nese e desenvolvimento de uma institui\u00e7\u00e3o social at\u00e9 ao final do s\u00e9culo XX<\/i> \u00e9 uma obra de s\u00edntese sobre a hist\u00f3ria do jornalismo no Ocidente, uma das poucas obras historiogr\u00e1ficas gerais sobre a hist\u00f3ria do jornalismo global que existe escrita em portugu\u00eas, por um autor lus\u00f3fono e que d\u00e1 import\u00e2ncia \u00e0 hist\u00f3ria do jornalismo em Portugal e no Brasil. Embora parta de um trabalho mais reduzido publicado em 2008 e escrito em 2004, amplia-o, enriquece-o e corrige-o em alguns aspetos (as fontes dispon\u00edveis h\u00e1 vinte anos n\u00e3o eram tantas nem t\u00e3o acess\u00edveis como as atuais). <\/span><\/p>\n<p class=\"p1\"><span class=\"s1\">Prestando aten\u00e7\u00e3o, na narrativa hist\u00f3rica, ao encadeamento dos factos hist\u00f3ricos e \u00e0 periodiza\u00e7\u00e3o da hist\u00f3ria do jornalismo, obedece \u00e0 interpreta\u00e7\u00e3o pessoal e subjetiva do autor sobre os acontecimentos determinantes do passado que permitiram o surgimento e desenvolvimento do jornalismo como uma institui\u00e7\u00e3o social. Defende, assim, uma tese. Considera o jornalismo de hoje como um produto que resulta de uma longa evolu\u00e7\u00e3o hist\u00f3rica que tem as suas ra\u00edzes remotas na Antiguidade e as suas ra\u00edzes pr\u00f3ximas na Modernidade, antes de se transformar naquilo que \u00e9 hoje, na Contemporaneidade. \u00c9 uma obra que, possuindo inten\u00e7\u00f5es pedag\u00f3gicas e de divulga\u00e7\u00e3o da hist\u00f3ria do jornalismo, refugia-se em velhas formas e f\u00f3rmulas de <i>fazer hist\u00f3ria<\/i> e tenta fugir sempre que poss\u00edvel ao<i> cientific\u00eas <\/i>em favor da facilidade de leitura e da estrutura\u00e7\u00e3o flu\u00edda da narrativa, por vezes estruturada em pontos que sistematizam e condensam os aspetos fulcrais do relato hist\u00f3rico.<\/span><\/p>","protected":false},"excerpt":{"rendered":"<p>As obras de s\u00edntese oferecem vis\u00f5es panor\u00e2micas e sistem\u00e1ticas sobre determinados fen\u00f3menos, sendo de fundamental import\u00e2ncia para todas as ci\u00eancias, mas particularmente para as Humanidades&hellip;<\/p>","protected":false},"author":7,"featured_media":36450,"comment_status":"closed","ping_status":"open","sticky":false,"template":"","format":"standard","meta":{"_acf_changed":false,"footnotes":""},"categories":[14,54,10],"tags":[],"class_list":["post-36449","post","type-post","status-publish","format-standard","has-post-thumbnail","hentry","category-livro-comunicacao","category-novas-publicacoes-site-novo","category-publicacao"],"acf":[],"yoast_head":"<!-- This site is optimized with the Yoast SEO plugin v23.1 - https:\/\/yoast.com\/wordpress\/plugins\/seo\/ -->\n<title>Uma hist\u00f3ria do jornalismo no Ocidente. G\u00e9nese e desenvolvimento de uma institui\u00e7\u00e3o social at\u00e9 ao final do s\u00e9culo XX - LabCom - Laborat\u00f3rio de Comunica\u00e7\u00e3o<\/title>\n<meta name=\"robots\" content=\"index, follow, max-snippet:-1, max-image-preview:large, max-video-preview:-1\" \/>\n<link rel=\"canonical\" href=\"https:\/\/labcom.ubi.pt\/en\/uma-historia-do-jornalismo-no-ocidente-genese-e-desenvolvimento-de-uma-instituicao-social-ate-ao-final-do-seculo-xx\/\" \/>\n<meta property=\"og:locale\" content=\"en_US\" \/>\n<meta property=\"og:type\" content=\"article\" \/>\n<meta property=\"og:title\" content=\"Uma hist\u00f3ria do jornalismo no Ocidente. G\u00e9nese e desenvolvimento de uma institui\u00e7\u00e3o social at\u00e9 ao final do s\u00e9culo XX - LabCom - Laborat\u00f3rio de Comunica\u00e7\u00e3o\" \/>\n<meta property=\"og:description\" content=\"As obras de s\u00edntese oferecem vis\u00f5es panor\u00e2micas e sistem\u00e1ticas sobre determinados fen\u00f3menos, sendo de fundamental import\u00e2ncia para todas as ci\u00eancias, mas particularmente para as Humanidades&hellip;\" \/>\n<meta property=\"og:url\" content=\"https:\/\/labcom.ubi.pt\/en\/uma-historia-do-jornalismo-no-ocidente-genese-e-desenvolvimento-de-uma-instituicao-social-ate-ao-final-do-seculo-xx\/\" \/>\n<meta property=\"og:site_name\" content=\"LabCom - Laborat\u00f3rio de Comunica\u00e7\u00e3o\" \/>\n<meta property=\"article:publisher\" content=\"https:\/\/www.facebook.com\/labcom.ubi.pt\/\" \/>\n<meta property=\"article:published_time\" content=\"2024-11-04T13:58:21+00:00\" \/>\n<meta property=\"article:modified_time\" content=\"2024-11-06T14:25:59+00:00\" \/>\n<meta property=\"og:image\" content=\"https:\/\/labcom.ubi.pt\/wp-content\/uploads\/2024\/11\/capa-711x1024.jpg\" \/>\n\t<meta property=\"og:image:width\" content=\"711\" \/>\n\t<meta property=\"og:image:height\" content=\"1024\" \/>\n\t<meta property=\"og:image:type\" content=\"image\/jpeg\" \/>\n<meta name=\"author\" content=\"Thais Longaray\" \/>\n<meta name=\"twitter:card\" content=\"summary_large_image\" \/>\n<meta name=\"twitter:label1\" content=\"Written by\" \/>\n\t<meta name=\"twitter:data1\" content=\"Thais Longaray\" \/>\n\t<meta name=\"twitter:label2\" content=\"Est. reading time\" \/>\n\t<meta name=\"twitter:data2\" content=\"2 minutes\" \/>\n<script type=\"application\/ld+json\" class=\"yoast-schema-graph\">{\"@context\":\"https:\/\/schema.org\",\"@graph\":[{\"@type\":\"Article\",\"@id\":\"https:\/\/labcom.ubi.pt\/uma-historia-do-jornalismo-no-ocidente-genese-e-desenvolvimento-de-uma-instituicao-social-ate-ao-final-do-seculo-xx\/#article\",\"isPartOf\":{\"@id\":\"https:\/\/labcom.ubi.pt\/uma-historia-do-jornalismo-no-ocidente-genese-e-desenvolvimento-de-uma-instituicao-social-ate-ao-final-do-seculo-xx\/\"},\"author\":{\"name\":\"Thais Longaray\",\"@id\":\"https:\/\/labcom.ubi.pt\/#\/schema\/person\/4390877beddc8d3f5b945e3ca5e391ab\"},\"headline\":\"Uma hist\u00f3ria do jornalismo no Ocidente. G\u00e9nese e desenvolvimento de uma institui\u00e7\u00e3o social at\u00e9 ao final do s\u00e9culo XX\",\"datePublished\":\"2024-11-04T13:58:21+00:00\",\"dateModified\":\"2024-11-06T14:25:59+00:00\",\"mainEntityOfPage\":{\"@id\":\"https:\/\/labcom.ubi.pt\/uma-historia-do-jornalismo-no-ocidente-genese-e-desenvolvimento-de-uma-instituicao-social-ate-ao-final-do-seculo-xx\/\"},\"wordCount\":359,\"publisher\":{\"@id\":\"https:\/\/labcom.ubi.pt\/#organization\"},\"image\":{\"@id\":\"https:\/\/labcom.ubi.pt\/uma-historia-do-jornalismo-no-ocidente-genese-e-desenvolvimento-de-uma-instituicao-social-ate-ao-final-do-seculo-xx\/#primaryimage\"},\"thumbnailUrl\":\"https:\/\/labcom.ubi.pt\/wp-content\/uploads\/2024\/11\/capa.jpg\",\"articleSection\":[\"Livro Comunica\u00e7\u00e3o\",\"Novas Publica\u00e7\u00f5es - Site Novo\",\"Publica\u00e7\u00e3o\"],\"inLanguage\":\"en-US\"},{\"@type\":\"WebPage\",\"@id\":\"https:\/\/labcom.ubi.pt\/uma-historia-do-jornalismo-no-ocidente-genese-e-desenvolvimento-de-uma-instituicao-social-ate-ao-final-do-seculo-xx\/\",\"url\":\"https:\/\/labcom.ubi.pt\/uma-historia-do-jornalismo-no-ocidente-genese-e-desenvolvimento-de-uma-instituicao-social-ate-ao-final-do-seculo-xx\/\",\"name\":\"Uma hist\u00f3ria do jornalismo no Ocidente. G\u00e9nese e desenvolvimento de uma institui\u00e7\u00e3o social at\u00e9 ao final do s\u00e9culo XX - LabCom - Laborat\u00f3rio de Comunica\u00e7\u00e3o\",\"isPartOf\":{\"@id\":\"https:\/\/labcom.ubi.pt\/#website\"},\"primaryImageOfPage\":{\"@id\":\"https:\/\/labcom.ubi.pt\/uma-historia-do-jornalismo-no-ocidente-genese-e-desenvolvimento-de-uma-instituicao-social-ate-ao-final-do-seculo-xx\/#primaryimage\"},\"image\":{\"@id\":\"https:\/\/labcom.ubi.pt\/uma-historia-do-jornalismo-no-ocidente-genese-e-desenvolvimento-de-uma-instituicao-social-ate-ao-final-do-seculo-xx\/#primaryimage\"},\"thumbnailUrl\":\"https:\/\/labcom.ubi.pt\/wp-content\/uploads\/2024\/11\/capa.jpg\",\"datePublished\":\"2024-11-04T13:58:21+00:00\",\"dateModified\":\"2024-11-06T14:25:59+00:00\",\"breadcrumb\":{\"@id\":\"https:\/\/labcom.ubi.pt\/uma-historia-do-jornalismo-no-ocidente-genese-e-desenvolvimento-de-uma-instituicao-social-ate-ao-final-do-seculo-xx\/#breadcrumb\"},\"inLanguage\":\"en-US\",\"potentialAction\":[{\"@type\":\"ReadAction\",\"target\":[\"https:\/\/labcom.ubi.pt\/uma-historia-do-jornalismo-no-ocidente-genese-e-desenvolvimento-de-uma-instituicao-social-ate-ao-final-do-seculo-xx\/\"]}]},{\"@type\":\"ImageObject\",\"inLanguage\":\"en-US\",\"@id\":\"https:\/\/labcom.ubi.pt\/uma-historia-do-jornalismo-no-ocidente-genese-e-desenvolvimento-de-uma-instituicao-social-ate-ao-final-do-seculo-xx\/#primaryimage\",\"url\":\"https:\/\/labcom.ubi.pt\/wp-content\/uploads\/2024\/11\/capa.jpg\",\"contentUrl\":\"https:\/\/labcom.ubi.pt\/wp-content\/uploads\/2024\/11\/capa.jpg\",\"width\":1339,\"height\":1929},{\"@type\":\"BreadcrumbList\",\"@id\":\"https:\/\/labcom.ubi.pt\/uma-historia-do-jornalismo-no-ocidente-genese-e-desenvolvimento-de-uma-instituicao-social-ate-ao-final-do-seculo-xx\/#breadcrumb\",\"itemListElement\":[{\"@type\":\"ListItem\",\"position\":1,\"name\":\"In\u00edcio\",\"item\":\"https:\/\/labcom.ubi.pt\/\"},{\"@type\":\"ListItem\",\"position\":2,\"name\":\"Uma hist\u00f3ria do jornalismo no Ocidente. G\u00e9nese e desenvolvimento de uma institui\u00e7\u00e3o social at\u00e9 ao final do s\u00e9culo XX\"}]},{\"@type\":\"WebSite\",\"@id\":\"https:\/\/labcom.ubi.pt\/#website\",\"url\":\"https:\/\/labcom.ubi.pt\/\",\"name\":\"LabCom - Laborat\u00f3rio de Comunica\u00e7\u00e3o\",\"description\":\"Unidade de Investiga\u00e7\u00e3o Cient\u00edfica da Faculdade de Artes e Letras da Universidade da Beira Interior\",\"publisher\":{\"@id\":\"https:\/\/labcom.ubi.pt\/#organization\"},\"potentialAction\":[{\"@type\":\"SearchAction\",\"target\":{\"@type\":\"EntryPoint\",\"urlTemplate\":\"https:\/\/labcom.ubi.pt\/?s={search_term_string}\"},\"query-input\":\"required name=search_term_string\"}],\"inLanguage\":\"en-US\"},{\"@type\":\"Organization\",\"@id\":\"https:\/\/labcom.ubi.pt\/#organization\",\"name\":\"LabCom - Comunica\u00e7\u00e3o e Artes\",\"url\":\"https:\/\/labcom.ubi.pt\/\",\"logo\":{\"@type\":\"ImageObject\",\"inLanguage\":\"en-US\",\"@id\":\"https:\/\/labcom.ubi.pt\/#\/schema\/logo\/image\/\",\"url\":\"https:\/\/labcom.ubi.pt\/wp-content\/uploads\/2021\/05\/LabCom_logo-1.png\",\"contentUrl\":\"https:\/\/labcom.ubi.pt\/wp-content\/uploads\/2021\/05\/LabCom_logo-1.png\",\"width\":1920,\"height\":573,\"caption\":\"LabCom - Comunica\u00e7\u00e3o e Artes\"},\"image\":{\"@id\":\"https:\/\/labcom.ubi.pt\/#\/schema\/logo\/image\/\"},\"sameAs\":[\"https:\/\/www.facebook.com\/labcom.ubi.pt\/\",\"https:\/\/www.instagram.com\/labcom_ubi\/\"]},{\"@type\":\"Person\",\"@id\":\"https:\/\/labcom.ubi.pt\/#\/schema\/person\/4390877beddc8d3f5b945e3ca5e391ab\",\"name\":\"Thais Longaray\",\"image\":{\"@type\":\"ImageObject\",\"inLanguage\":\"en-US\",\"@id\":\"https:\/\/labcom.ubi.pt\/#\/schema\/person\/image\/\",\"url\":\"https:\/\/secure.gravatar.com\/avatar\/6e2c57a90267f9f99342a03e715370da?s=96&d=mm&r=g\",\"contentUrl\":\"https:\/\/secure.gravatar.com\/avatar\/6e2c57a90267f9f99342a03e715370da?s=96&d=mm&r=g\",\"caption\":\"Thais Longaray\"},\"url\":\"https:\/\/labcom.ubi.pt\/en\/author\/thais-longaray\/\"}]}<\/script>\n<!-- \/ Yoast SEO plugin. -->","yoast_head_json":{"title":"Uma hist\u00f3ria do jornalismo no Ocidente. G\u00e9nese e desenvolvimento de uma institui\u00e7\u00e3o social at\u00e9 ao final do s\u00e9culo XX - LabCom - Laborat\u00f3rio de Comunica\u00e7\u00e3o","robots":{"index":"index","follow":"follow","max-snippet":"max-snippet:-1","max-image-preview":"max-image-preview:large","max-video-preview":"max-video-preview:-1"},"canonical":"https:\/\/labcom.ubi.pt\/en\/uma-historia-do-jornalismo-no-ocidente-genese-e-desenvolvimento-de-uma-instituicao-social-ate-ao-final-do-seculo-xx\/","og_locale":"en_US","og_type":"article","og_title":"Uma hist\u00f3ria do jornalismo no Ocidente. G\u00e9nese e desenvolvimento de uma institui\u00e7\u00e3o social at\u00e9 ao final do s\u00e9culo XX - LabCom - Laborat\u00f3rio de Comunica\u00e7\u00e3o","og_description":"As obras de s\u00edntese oferecem vis\u00f5es panor\u00e2micas e sistem\u00e1ticas sobre determinados fen\u00f3menos, sendo de fundamental import\u00e2ncia para todas as ci\u00eancias, mas particularmente para as Humanidades&hellip;","og_url":"https:\/\/labcom.ubi.pt\/en\/uma-historia-do-jornalismo-no-ocidente-genese-e-desenvolvimento-de-uma-instituicao-social-ate-ao-final-do-seculo-xx\/","og_site_name":"LabCom - Laborat\u00f3rio de Comunica\u00e7\u00e3o","article_publisher":"https:\/\/www.facebook.com\/labcom.ubi.pt\/","article_published_time":"2024-11-04T13:58:21+00:00","article_modified_time":"2024-11-06T14:25:59+00:00","og_image":[{"width":711,"height":1024,"url":"https:\/\/labcom.ubi.pt\/wp-content\/uploads\/2024\/11\/capa-711x1024.jpg","type":"image\/jpeg"}],"author":"Thais Longaray","twitter_card":"summary_large_image","twitter_misc":{"Written by":"Thais Longaray","Est. reading time":"2 minutes"},"schema":{"@context":"https:\/\/schema.org","@graph":[{"@type":"Article","@id":"https:\/\/labcom.ubi.pt\/uma-historia-do-jornalismo-no-ocidente-genese-e-desenvolvimento-de-uma-instituicao-social-ate-ao-final-do-seculo-xx\/#article","isPartOf":{"@id":"https:\/\/labcom.ubi.pt\/uma-historia-do-jornalismo-no-ocidente-genese-e-desenvolvimento-de-uma-instituicao-social-ate-ao-final-do-seculo-xx\/"},"author":{"name":"Thais Longaray","@id":"https:\/\/labcom.ubi.pt\/#\/schema\/person\/4390877beddc8d3f5b945e3ca5e391ab"},"headline":"Uma hist\u00f3ria do jornalismo no Ocidente. G\u00e9nese e desenvolvimento de uma institui\u00e7\u00e3o social at\u00e9 ao final do s\u00e9culo XX","datePublished":"2024-11-04T13:58:21+00:00","dateModified":"2024-11-06T14:25:59+00:00","mainEntityOfPage":{"@id":"https:\/\/labcom.ubi.pt\/uma-historia-do-jornalismo-no-ocidente-genese-e-desenvolvimento-de-uma-instituicao-social-ate-ao-final-do-seculo-xx\/"},"wordCount":359,"publisher":{"@id":"https:\/\/labcom.ubi.pt\/#organization"},"image":{"@id":"https:\/\/labcom.ubi.pt\/uma-historia-do-jornalismo-no-ocidente-genese-e-desenvolvimento-de-uma-instituicao-social-ate-ao-final-do-seculo-xx\/#primaryimage"},"thumbnailUrl":"https:\/\/labcom.ubi.pt\/wp-content\/uploads\/2024\/11\/capa.jpg","articleSection":["Livro Comunica\u00e7\u00e3o","Novas Publica\u00e7\u00f5es - Site Novo","Publica\u00e7\u00e3o"],"inLanguage":"en-US"},{"@type":"WebPage","@id":"https:\/\/labcom.ubi.pt\/uma-historia-do-jornalismo-no-ocidente-genese-e-desenvolvimento-de-uma-instituicao-social-ate-ao-final-do-seculo-xx\/","url":"https:\/\/labcom.ubi.pt\/uma-historia-do-jornalismo-no-ocidente-genese-e-desenvolvimento-de-uma-instituicao-social-ate-ao-final-do-seculo-xx\/","name":"Uma hist\u00f3ria do jornalismo no Ocidente. G\u00e9nese e desenvolvimento de uma institui\u00e7\u00e3o social at\u00e9 ao final do s\u00e9culo XX - LabCom - Laborat\u00f3rio de Comunica\u00e7\u00e3o","isPartOf":{"@id":"https:\/\/labcom.ubi.pt\/#website"},"primaryImageOfPage":{"@id":"https:\/\/labcom.ubi.pt\/uma-historia-do-jornalismo-no-ocidente-genese-e-desenvolvimento-de-uma-instituicao-social-ate-ao-final-do-seculo-xx\/#primaryimage"},"image":{"@id":"https:\/\/labcom.ubi.pt\/uma-historia-do-jornalismo-no-ocidente-genese-e-desenvolvimento-de-uma-instituicao-social-ate-ao-final-do-seculo-xx\/#primaryimage"},"thumbnailUrl":"https:\/\/labcom.ubi.pt\/wp-content\/uploads\/2024\/11\/capa.jpg","datePublished":"2024-11-04T13:58:21+00:00","dateModified":"2024-11-06T14:25:59+00:00","breadcrumb":{"@id":"https:\/\/labcom.ubi.pt\/uma-historia-do-jornalismo-no-ocidente-genese-e-desenvolvimento-de-uma-instituicao-social-ate-ao-final-do-seculo-xx\/#breadcrumb"},"inLanguage":"en-US","potentialAction":[{"@type":"ReadAction","target":["https:\/\/labcom.ubi.pt\/uma-historia-do-jornalismo-no-ocidente-genese-e-desenvolvimento-de-uma-instituicao-social-ate-ao-final-do-seculo-xx\/"]}]},{"@type":"ImageObject","inLanguage":"en-US","@id":"https:\/\/labcom.ubi.pt\/uma-historia-do-jornalismo-no-ocidente-genese-e-desenvolvimento-de-uma-instituicao-social-ate-ao-final-do-seculo-xx\/#primaryimage","url":"https:\/\/labcom.ubi.pt\/wp-content\/uploads\/2024\/11\/capa.jpg","contentUrl":"https:\/\/labcom.ubi.pt\/wp-content\/uploads\/2024\/11\/capa.jpg","width":1339,"height":1929},{"@type":"BreadcrumbList","@id":"https:\/\/labcom.ubi.pt\/uma-historia-do-jornalismo-no-ocidente-genese-e-desenvolvimento-de-uma-instituicao-social-ate-ao-final-do-seculo-xx\/#breadcrumb","itemListElement":[{"@type":"ListItem","position":1,"name":"In\u00edcio","item":"https:\/\/labcom.ubi.pt\/"},{"@type":"ListItem","position":2,"name":"Uma hist\u00f3ria do jornalismo no Ocidente. G\u00e9nese e desenvolvimento de uma institui\u00e7\u00e3o social at\u00e9 ao final do s\u00e9culo XX"}]},{"@type":"WebSite","@id":"https:\/\/labcom.ubi.pt\/#website","url":"https:\/\/labcom.ubi.pt\/","name":"LabCom - Laborat\u00f3rio de Comunica\u00e7\u00e3o","description":"Unidade de Investiga\u00e7\u00e3o Cient\u00edfica da Faculdade de Artes e Letras da Universidade da Beira Interior","publisher":{"@id":"https:\/\/labcom.ubi.pt\/#organization"},"potentialAction":[{"@type":"SearchAction","target":{"@type":"EntryPoint","urlTemplate":"https:\/\/labcom.ubi.pt\/?s={search_term_string}"},"query-input":"required name=search_term_string"}],"inLanguage":"en-US"},{"@type":"Organization","@id":"https:\/\/labcom.ubi.pt\/#organization","name":"LabCom - Comunica\u00e7\u00e3o e Artes","url":"https:\/\/labcom.ubi.pt\/","logo":{"@type":"ImageObject","inLanguage":"en-US","@id":"https:\/\/labcom.ubi.pt\/#\/schema\/logo\/image\/","url":"https:\/\/labcom.ubi.pt\/wp-content\/uploads\/2021\/05\/LabCom_logo-1.png","contentUrl":"https:\/\/labcom.ubi.pt\/wp-content\/uploads\/2021\/05\/LabCom_logo-1.png","width":1920,"height":573,"caption":"LabCom - Comunica\u00e7\u00e3o e Artes"},"image":{"@id":"https:\/\/labcom.ubi.pt\/#\/schema\/logo\/image\/"},"sameAs":["https:\/\/www.facebook.com\/labcom.ubi.pt\/","https:\/\/www.instagram.com\/labcom_ubi\/"]},{"@type":"Person","@id":"https:\/\/labcom.ubi.pt\/#\/schema\/person\/4390877beddc8d3f5b945e3ca5e391ab","name":"Thais Longaray","image":{"@type":"ImageObject","inLanguage":"en-US","@id":"https:\/\/labcom.ubi.pt\/#\/schema\/person\/image\/","url":"https:\/\/secure.gravatar.com\/avatar\/6e2c57a90267f9f99342a03e715370da?s=96&d=mm&r=g","contentUrl":"https:\/\/secure.gravatar.com\/avatar\/6e2c57a90267f9f99342a03e715370da?s=96&d=mm&r=g","caption":"Thais Longaray"},"url":"https:\/\/labcom.ubi.pt\/en\/author\/thais-longaray\/"}]}},"_links":{"self":[{"href":"https:\/\/labcom.ubi.pt\/en\/wp-json\/wp\/v2\/posts\/36449","targetHints":{"allow":["GET"]}}],"collection":[{"href":"https:\/\/labcom.ubi.pt\/en\/wp-json\/wp\/v2\/posts"}],"about":[{"href":"https:\/\/labcom.ubi.pt\/en\/wp-json\/wp\/v2\/types\/post"}],"author":[{"embeddable":true,"href":"https:\/\/labcom.ubi.pt\/en\/wp-json\/wp\/v2\/users\/7"}],"replies":[{"embeddable":true,"href":"https:\/\/labcom.ubi.pt\/en\/wp-json\/wp\/v2\/comments?post=36449"}],"version-history":[{"count":2,"href":"https:\/\/labcom.ubi.pt\/en\/wp-json\/wp\/v2\/posts\/36449\/revisions"}],"predecessor-version":[{"id":36462,"href":"https:\/\/labcom.ubi.pt\/en\/wp-json\/wp\/v2\/posts\/36449\/revisions\/36462"}],"wp:featuredmedia":[{"embeddable":true,"href":"https:\/\/labcom.ubi.pt\/en\/wp-json\/wp\/v2\/media\/36450"}],"wp:attachment":[{"href":"https:\/\/labcom.ubi.pt\/en\/wp-json\/wp\/v2\/media?parent=36449"}],"wp:term":[{"taxonomy":"category","embeddable":true,"href":"https:\/\/labcom.ubi.pt\/en\/wp-json\/wp\/v2\/categories?post=36449"},{"taxonomy":"post_tag","embeddable":true,"href":"https:\/\/labcom.ubi.pt\/en\/wp-json\/wp\/v2\/tags?post=36449"}],"curies":[{"name":"wp","href":"https:\/\/api.w.org\/{rel}","templated":true}]}}