{"id":36259,"date":"2024-09-19T09:56:27","date_gmt":"2024-09-19T09:56:27","guid":{"rendered":"https:\/\/labcom.ubi.pt\/?p=36259"},"modified":"2025-04-22T11:25:00","modified_gmt":"2025-04-22T11:25:00","slug":"arts-research-and-shared-creation-lab","status":"publish","type":"post","link":"https:\/\/labcom.ubi.pt\/en\/arts-research-and-shared-creation-lab\/","title":{"rendered":"AfectaLab \u2013 Research and Shared Creation in Cinema and Multimedia"},"content":{"rendered":"<p><a href=\"https:\/\/labcom.ubi.pt\/laboratorio-de-investigacao-e-criacao-partilhada-em-cinema-e-outras-imagens-em-movimento\/\">Aceda ao conte\u00fado em portugu\u00eas<\/a>.<\/p>\n<p><span style=\"font-weight: 400;\">The <\/span>AfectaLab \u2013 Research and Shared Creation in Cinema and Multimedia <span style=\"font-weight: 400;\">is one of the initiatives of the Renata Ferraz project, awarded the Individual Scientific Employment Stimulus by the FCT. The objective is to create spaces for dialogue between artists and researchers from different universities in Portugal and other countries, focusing on Cinema and Media Arts. The Laboratory is a space for discussion and the production of artistic works and scientific texts by its participants. In addition to serving as a network for supporting individual projects, it is a space for the gestation of collective projects around the idea of Shared Creation and other non-canonical ways of creating-researching in Arts. Because of its transdisciplinary nature, the Laboratory proposes a practice that challenges power dynamics, prioritizes inclusion and diversity of thought and its creative processes. Without isolating itself, the Laboratory makes its productions available to the community, facilitating the communication of processes and results, and designs projects together with it.<\/span><\/p>\n<p><b>Biographical note:<\/b><\/p>\n<p><span style=\"font-weight: 400;\">Researcher-filmmaker-actress. Renata Ferraz obtained a PhD in Arts (Performative and Moving Image) from the University of Lisbon. She has a master&#8217;s degree in Multimedia Art &#8211; Audiovisual (FBAUL) and a degree in Performing Arts (Instituto de Artes \u2014 UNESP). Considering theory and practice as equivalent strands in the creation-research processes, she makes films and researches in the areas of Shared Creation in Cinema and Media Arts. She is currently an integrated researcher at Labcom\u2014Communication and Arts (University of Beira Interior) and a collaborator at CIEBA\u2014Research Center in Arts (University of Lisbon). While developing the script for her next film, part of her research involves following the trajectory of her first feature film, Rua dos Anjos (Rising Sun Blues), awarded at the Ann Arbor Film Festival, Queer Porto, and nominated for the Youth Award at Sheffield DocFest.<\/span><\/p>\n<p>&nbsp;<\/p>\n<p><b>ACTIVITIES\u00a0<\/b><\/p>\n<p><b>CYCLE 1<\/b><\/p>\n<p><span style=\"font-weight: 400;\">PARTICIPANTS<\/span><\/p>\n<p><span style=\"font-weight: 400;\">Silvia Wichan<\/span><\/p>\n<p><span style=\"font-weight: 400;\">Rodrigo Menck<\/span><\/p>\n<p><span style=\"font-weight: 400;\">Renata Ferraz<\/span><\/p>\n<p><span style=\"font-weight: 400;\">M. Parra<\/span><\/p>\n<p><span style=\"font-weight: 400;\">Marcela van Riemsdijk<\/span><\/p>\n<p><span style=\"font-weight: 400;\">Luis Frias<\/span><\/p>\n<p><span style=\"font-weight: 400;\">Luis Antonio Rosa\u00a0<\/span><\/p>\n<p><span style=\"font-weight: 400;\">L\u00edgia Ferraz\u00a0<\/span><\/p>\n<p><span style=\"font-weight: 400;\">Jo\u00e3o Sardinha\u00a0<\/span><\/p>\n<p><span style=\"font-weight: 400;\">Fran Casas-Cordero<\/span><\/p>\n<p><span style=\"font-weight: 400;\">Cyibele Mendes<\/span><\/p>\n<p><span style=\"font-weight: 400;\">Cristina Cavalcanti<\/span><\/p>\n<p><span style=\"font-weight: 400;\">Carolina Ramos<\/span><\/p>\n<p><span style=\"font-weight: 400;\">Camilo Cavalcante<\/span><\/p>\n<p><span style=\"font-weight: 400;\">Camila Rhodi<\/span><\/p>\n<p><span style=\"font-weight: 400;\">Alexia Sera<\/span><\/p>\n<p><strong>ACCOMPANIED PROJECTS\u00a0<\/strong><\/p>\n<p><b>My Favourite Things\u00a0<\/b><\/p>\n<p><span style=\"font-weight: 400;\">Film Treatment<\/span><\/p>\n<p><span style=\"font-weight: 400;\">Luis Rosa &#8211; Marcela van Riemsdijk\u00a0<\/span><\/p>\n<p><span style=\"font-weight: 400;\">Support: M. Parra<\/span><\/p>\n<p><b>Litoficar\u00a0<\/b><\/p>\n<p><span style=\"font-weight: 400;\">Film Experiment<\/span><\/p>\n<p><span style=\"font-weight: 400;\">Creation: Alex Sera &#8211; Cybelle Mendes\u00a0<\/span><\/p>\n<p><span style=\"font-weight: 400;\">Support: Silvia Wichan<\/span><\/p>\n<p><b>&#8220;The Milk of Sorrow&#8221; and &#8220;Lina from Lima&#8221;: song and agency from the border\u00a0<\/b><\/p>\n<p><i><span style=\"font-weight: 400;\">Scientific Article<\/span><\/i><\/p>\n<p><span style=\"font-weight: 400;\">L\u00edgia Ferraz &#8211; Fran Casas-Cordero<\/span><\/p>\n<p><b>Towards a shared writing process #1<\/b><\/p>\n<p><b>A shared scientific paper: figural and comparative analysis between Rua dos Anjos, Petra von Kant&#8217;s Bitter Tears and Paris, Texas Scientific Article<\/b><\/p>\n<p><i><span style=\"font-weight: 400;\">Scientific Article<\/span><\/i><\/p>\n<p><span style=\"font-weight: 400;\">Renata Ferraz &#8211; L\u00edgia Ferraz\u00a0<\/span><\/p>\n<p><span style=\"font-weight: 400;\">Support: Lu\u00eds Rosa and Cristina Cavalcanti<\/span><\/p>\n<p><b>Laboratory for Research and Shared Creation<\/b><\/p>\n<p><span style=\"font-weight: 400;\">Article for Cris\u00e1lida Journal<\/span><\/p>\n<p><span style=\"font-weight: 400;\">Carolina Ramos &#8211; Marcela van Riemsdijk<\/span><\/p>\n<p>&nbsp;<\/p>\n<p><b>CYCLE 2 (in progress)<\/b><\/p>\n<p><span style=\"font-weight: 400;\">ACCOMPANIED PROJECTS<\/span><\/p>\n<p><b>Vultos Im\u00f3veis<\/b><\/p>\n<p><i><span style=\"font-weight: 400;\">A photographic-literary experiment<\/span><\/i><\/p>\n<p><span style=\"font-weight: 400;\">Rodrigo Menck &#8211; Paulo Carvalho<\/span><\/p>\n<p><b>Intruder[s]<\/b><\/p>\n<p><i><span style=\"font-weight: 400;\">Film Experiment<\/span><\/i><\/p>\n<p><span style=\"font-weight: 400;\">Cristina Cavalcante &#8211; Matilde Dias<\/span><\/p>\n<p><b>Towards a shared writing process #1<\/b><\/p>\n<p><i><span style=\"font-weight: 400;\">Scientific Article<\/span><\/i><\/p>\n<p><span style=\"font-weight: 400;\">Renata Ferraz &#8211; Paulo Carvalho<\/span><\/p>\n<p><b>Anachronistic Panorama of Necropolitics<\/b><\/p>\n<p><i><span style=\"font-weight: 400;\">Multimedia Installation<\/span><\/i><\/p>\n<p><span style=\"font-weight: 400;\">Camilo Cavalcante. Colabora\u00e7\u00e3o: Carolina Ramos, Cybelle Mendes, Luanda Francine, Cristina Cavalcanti, Lu\u00eds Frias, Jo\u00e3o Sardinha.<\/span><\/p>\n<p>&nbsp;<\/p>\n<p><b>EVENTS<\/b><\/p>\n<p><span style=\"font-weight: 400;\">ORGANIZATION:<\/span><\/p>\n<p><b>1st International Meeting of Shared Creation<\/b><\/p>\n<p><span style=\"font-weight: 400;\">PARTICIPATION<\/span><\/p>\n<p><b>In the People&#8217;s Mouth<\/b><\/p>\n<p><b>September 2024<\/b><\/p>\n<p><span style=\"font-weight: 400;\">Casa do Povo do Paul<\/span><\/p>\n<p><b>NECS &#8211; European Network for Cinema and Media Studies<\/b><\/p>\n<p><b>June 2024 <\/b><span style=\"font-weight: 400;\">\u00a0<\/span><\/p>\n<p><span style=\"font-weight: 400;\">\u0130zmir University\u00a0<\/span><\/p>\n<p><a href=\"https:\/\/necs.org\/conference\/2024\/izmir\"><span style=\"font-weight: 400;\">https:\/\/necs.org\/conference\/2024\/izmir<\/span><\/a><\/p>\n<p><b>XIII AIM International Congress<\/b><\/p>\n<p><b>May 2024\u00a0\u00a0<\/b><\/p>\n<p><span style=\"font-weight: 400;\">Escola Superior Art\u00edstica do Porto\u00a0<\/span><\/p>\n<p><a href=\"https:\/\/aim.org.pt\/?p=meeting&amp;sp=cfp\"><span style=\"font-weight: 400;\">https:\/\/aim.org.pt\/?p=meeting&amp;sp=cfp<\/span><\/a><\/p>\n<p><b>The International Exploratory Workshop<\/b><\/p>\n<p><b>May 2024<\/b><\/p>\n<p><span style=\"font-weight: 400;\">University of Vest din Timi\u0219oara\u00a0<\/span><\/p>\n<p><b>Re-Unita Workshops<\/b><span style=\"font-weight: 400;\">\u00a0<\/span><\/p>\n<p><b>April 2024<\/b><\/p>\n<p><span style=\"font-weight: 400;\">University of Beira Interior\u00a0<\/span><\/p>\n<p><a href=\"https:\/\/www.ubi.pt\/Evento\/12178\"><span style=\"font-weight: 400;\">https:\/\/www.ubi.pt\/Evento\/12178<\/span><\/a><\/p>\n<p><b>International Day of Women and Girls in Science<\/b><span style=\"font-weight: 400;\">\u00a0\u00a0<\/span><\/p>\n<p><b>February 2024<\/b><\/p>\n<p><span style=\"font-weight: 400;\">University of Beira Interior\u00a0<\/span><\/p>\n<p><a href=\"https:\/\/www.ubi.pt\/Noticia\/7714\"><span style=\"font-weight: 400;\">https:\/\/www.ubi.pt\/Noticia\/7714<\/span><\/a><\/p>\n<p><b>Universidade Zero\u00a0<\/b><\/p>\n<p><b>February 2024<\/b><\/p>\n<p><span style=\"font-weight: 400;\">University Nova de Lisboa\u00a0<\/span><\/p>\n<p><a href=\"https:\/\/www.fcsh.unl.pt\/eventos\/universidade-zero-simposio-interuniversitario-cinema-e-pedagogia\/\"><span style=\"font-weight: 400;\">https:\/\/www.fcsh.unl.pt\/eventos\/universidade-zero-simposio-interuniversitario-cinema-e-pedagogia\/<\/span><\/a><\/p>\n<p><b>The Songs of Women: Resistance and Re-Existence<\/b><span style=\"font-weight: 400;\">\u00a0<\/span><\/p>\n<p><b>March 2023<\/b><\/p>\n<p><span style=\"font-weight: 400;\">Coolabora, social intervention\u00a0<\/span><\/p>\n<p><a href=\"https:\/\/urbietorbi.ubi.pt\/renata-ferraz-procura-mulheres-que-queiram-cantar\/\"><span style=\"font-weight: 400;\">https:\/\/urbietorbi.ubi.pt\/renata-ferraz-procura-mulheres-que-queiram-cantar\/<\/span><\/a><\/p>","protected":false},"excerpt":{"rendered":"<p>Aceda ao conte\u00fado em portugu\u00eas. The AfectaLab \u2013 Research and Shared Creation in Cinema and Multimedia is one of the initiatives of the Renata Ferraz&hellip;<\/p>","protected":false},"author":7,"featured_media":35280,"comment_status":"closed","ping_status":"open","sticky":false,"template":"","format":"standard","meta":{"_acf_changed":false,"footnotes":""},"categories":[21,29,58],"tags":[],"class_list":["post-36259","post","type-post","status-publish","format-standard","has-post-thumbnail","hentry","category-evento","category-evento-2019","category-evento-sem-site"],"acf":[],"yoast_head":"<!-- This site is optimized with the Yoast SEO plugin v23.1 - https:\/\/yoast.com\/wordpress\/plugins\/seo\/ -->\n<title>AfectaLab \u2013 Research and Shared Creation in Cinema and Multimedia - LabCom - Laborat\u00f3rio de Comunica\u00e7\u00e3o<\/title>\n<meta name=\"robots\" content=\"index, follow, max-snippet:-1, max-image-preview:large, max-video-preview:-1\" \/>\n<link rel=\"canonical\" href=\"https:\/\/labcom.ubi.pt\/en\/arts-research-and-shared-creation-lab\/\" \/>\n<meta property=\"og:locale\" content=\"en_US\" \/>\n<meta property=\"og:type\" content=\"article\" \/>\n<meta property=\"og:title\" content=\"AfectaLab \u2013 Research and Shared Creation in Cinema and Multimedia - LabCom - Laborat\u00f3rio de Comunica\u00e7\u00e3o\" \/>\n<meta property=\"og:description\" content=\"Aceda ao conte\u00fado em portugu\u00eas. The AfectaLab \u2013 Research and Shared Creation in Cinema and Multimedia is one of the initiatives of the Renata Ferraz&hellip;\" \/>\n<meta property=\"og:url\" content=\"https:\/\/labcom.ubi.pt\/en\/arts-research-and-shared-creation-lab\/\" \/>\n<meta property=\"og:site_name\" content=\"LabCom - Laborat\u00f3rio de Comunica\u00e7\u00e3o\" \/>\n<meta property=\"article:publisher\" content=\"https:\/\/www.facebook.com\/labcom.ubi.pt\/\" \/>\n<meta property=\"article:published_time\" content=\"2024-09-19T09:56:27+00:00\" \/>\n<meta property=\"article:modified_time\" content=\"2025-04-22T11:25:00+00:00\" \/>\n<meta property=\"og:image\" content=\"https:\/\/labcom.ubi.pt\/wp-content\/uploads\/2023\/06\/LabCCbannerLabCom.jpg\" \/>\n\t<meta property=\"og:image:width\" content=\"850\" \/>\n\t<meta property=\"og:image:height\" content=\"1200\" \/>\n\t<meta property=\"og:image:type\" content=\"image\/jpeg\" \/>\n<meta name=\"author\" content=\"Thais Longaray\" \/>\n<meta name=\"twitter:card\" content=\"summary_large_image\" \/>\n<meta name=\"twitter:label1\" content=\"Written by\" \/>\n\t<meta name=\"twitter:data1\" content=\"Thais Longaray\" \/>\n\t<meta name=\"twitter:label2\" content=\"Est. reading time\" \/>\n\t<meta name=\"twitter:data2\" content=\"4 minutes\" \/>\n<script type=\"application\/ld+json\" class=\"yoast-schema-graph\">{\"@context\":\"https:\/\/schema.org\",\"@graph\":[{\"@type\":\"Article\",\"@id\":\"https:\/\/labcom.ubi.pt\/arts-research-and-shared-creation-lab\/#article\",\"isPartOf\":{\"@id\":\"https:\/\/labcom.ubi.pt\/arts-research-and-shared-creation-lab\/\"},\"author\":{\"name\":\"Thais Longaray\",\"@id\":\"https:\/\/labcom.ubi.pt\/#\/schema\/person\/4390877beddc8d3f5b945e3ca5e391ab\"},\"headline\":\"AfectaLab \u2013 Research and Shared Creation in Cinema and Multimedia\",\"datePublished\":\"2024-09-19T09:56:27+00:00\",\"dateModified\":\"2025-04-22T11:25:00+00:00\",\"mainEntityOfPage\":{\"@id\":\"https:\/\/labcom.ubi.pt\/arts-research-and-shared-creation-lab\/\"},\"wordCount\":655,\"publisher\":{\"@id\":\"https:\/\/labcom.ubi.pt\/#organization\"},\"image\":{\"@id\":\"https:\/\/labcom.ubi.pt\/arts-research-and-shared-creation-lab\/#primaryimage\"},\"thumbnailUrl\":\"https:\/\/labcom.ubi.pt\/wp-content\/uploads\/2023\/06\/LabCCbannerLabCom.jpg\",\"articleSection\":[\"Evento\",\"Evento - 2019\",\"Evento sem Site\"],\"inLanguage\":\"en-US\"},{\"@type\":\"WebPage\",\"@id\":\"https:\/\/labcom.ubi.pt\/arts-research-and-shared-creation-lab\/\",\"url\":\"https:\/\/labcom.ubi.pt\/arts-research-and-shared-creation-lab\/\",\"name\":\"AfectaLab \u2013 Research and Shared Creation in Cinema and Multimedia - LabCom - Laborat\u00f3rio de Comunica\u00e7\u00e3o\",\"isPartOf\":{\"@id\":\"https:\/\/labcom.ubi.pt\/#website\"},\"primaryImageOfPage\":{\"@id\":\"https:\/\/labcom.ubi.pt\/arts-research-and-shared-creation-lab\/#primaryimage\"},\"image\":{\"@id\":\"https:\/\/labcom.ubi.pt\/arts-research-and-shared-creation-lab\/#primaryimage\"},\"thumbnailUrl\":\"https:\/\/labcom.ubi.pt\/wp-content\/uploads\/2023\/06\/LabCCbannerLabCom.jpg\",\"datePublished\":\"2024-09-19T09:56:27+00:00\",\"dateModified\":\"2025-04-22T11:25:00+00:00\",\"breadcrumb\":{\"@id\":\"https:\/\/labcom.ubi.pt\/arts-research-and-shared-creation-lab\/#breadcrumb\"},\"inLanguage\":\"en-US\",\"potentialAction\":[{\"@type\":\"ReadAction\",\"target\":[\"https:\/\/labcom.ubi.pt\/arts-research-and-shared-creation-lab\/\"]}]},{\"@type\":\"ImageObject\",\"inLanguage\":\"en-US\",\"@id\":\"https:\/\/labcom.ubi.pt\/arts-research-and-shared-creation-lab\/#primaryimage\",\"url\":\"https:\/\/labcom.ubi.pt\/wp-content\/uploads\/2023\/06\/LabCCbannerLabCom.jpg\",\"contentUrl\":\"https:\/\/labcom.ubi.pt\/wp-content\/uploads\/2023\/06\/LabCCbannerLabCom.jpg\",\"width\":850,\"height\":1200},{\"@type\":\"BreadcrumbList\",\"@id\":\"https:\/\/labcom.ubi.pt\/arts-research-and-shared-creation-lab\/#breadcrumb\",\"itemListElement\":[{\"@type\":\"ListItem\",\"position\":1,\"name\":\"In\u00edcio\",\"item\":\"https:\/\/labcom.ubi.pt\/\"},{\"@type\":\"ListItem\",\"position\":2,\"name\":\"AfectaLab \u2013 Research and Shared Creation in Cinema and Multimedia\"}]},{\"@type\":\"WebSite\",\"@id\":\"https:\/\/labcom.ubi.pt\/#website\",\"url\":\"https:\/\/labcom.ubi.pt\/\",\"name\":\"LabCom - Laborat\u00f3rio de Comunica\u00e7\u00e3o\",\"description\":\"Unidade de Investiga\u00e7\u00e3o Cient\u00edfica da Faculdade de Artes e Letras da Universidade da Beira Interior\",\"publisher\":{\"@id\":\"https:\/\/labcom.ubi.pt\/#organization\"},\"potentialAction\":[{\"@type\":\"SearchAction\",\"target\":{\"@type\":\"EntryPoint\",\"urlTemplate\":\"https:\/\/labcom.ubi.pt\/?s={search_term_string}\"},\"query-input\":\"required name=search_term_string\"}],\"inLanguage\":\"en-US\"},{\"@type\":\"Organization\",\"@id\":\"https:\/\/labcom.ubi.pt\/#organization\",\"name\":\"LabCom - Comunica\u00e7\u00e3o e Artes\",\"url\":\"https:\/\/labcom.ubi.pt\/\",\"logo\":{\"@type\":\"ImageObject\",\"inLanguage\":\"en-US\",\"@id\":\"https:\/\/labcom.ubi.pt\/#\/schema\/logo\/image\/\",\"url\":\"https:\/\/labcom.ubi.pt\/wp-content\/uploads\/2021\/05\/LabCom_logo-1.png\",\"contentUrl\":\"https:\/\/labcom.ubi.pt\/wp-content\/uploads\/2021\/05\/LabCom_logo-1.png\",\"width\":1920,\"height\":573,\"caption\":\"LabCom - Comunica\u00e7\u00e3o e Artes\"},\"image\":{\"@id\":\"https:\/\/labcom.ubi.pt\/#\/schema\/logo\/image\/\"},\"sameAs\":[\"https:\/\/www.facebook.com\/labcom.ubi.pt\/\",\"https:\/\/www.instagram.com\/labcom_ubi\/\"]},{\"@type\":\"Person\",\"@id\":\"https:\/\/labcom.ubi.pt\/#\/schema\/person\/4390877beddc8d3f5b945e3ca5e391ab\",\"name\":\"Thais Longaray\",\"image\":{\"@type\":\"ImageObject\",\"inLanguage\":\"en-US\",\"@id\":\"https:\/\/labcom.ubi.pt\/#\/schema\/person\/image\/\",\"url\":\"https:\/\/secure.gravatar.com\/avatar\/6e2c57a90267f9f99342a03e715370da?s=96&d=mm&r=g\",\"contentUrl\":\"https:\/\/secure.gravatar.com\/avatar\/6e2c57a90267f9f99342a03e715370da?s=96&d=mm&r=g\",\"caption\":\"Thais Longaray\"},\"url\":\"https:\/\/labcom.ubi.pt\/en\/author\/thais-longaray\/\"}]}<\/script>\n<!-- \/ Yoast SEO plugin. -->","yoast_head_json":{"title":"AfectaLab \u2013 Research and Shared Creation in Cinema and Multimedia - LabCom - Laborat\u00f3rio de Comunica\u00e7\u00e3o","robots":{"index":"index","follow":"follow","max-snippet":"max-snippet:-1","max-image-preview":"max-image-preview:large","max-video-preview":"max-video-preview:-1"},"canonical":"https:\/\/labcom.ubi.pt\/en\/arts-research-and-shared-creation-lab\/","og_locale":"en_US","og_type":"article","og_title":"AfectaLab \u2013 Research and Shared Creation in Cinema and Multimedia - LabCom - Laborat\u00f3rio de Comunica\u00e7\u00e3o","og_description":"Aceda ao conte\u00fado em portugu\u00eas. The AfectaLab \u2013 Research and Shared Creation in Cinema and Multimedia is one of the initiatives of the Renata Ferraz&hellip;","og_url":"https:\/\/labcom.ubi.pt\/en\/arts-research-and-shared-creation-lab\/","og_site_name":"LabCom - Laborat\u00f3rio de Comunica\u00e7\u00e3o","article_publisher":"https:\/\/www.facebook.com\/labcom.ubi.pt\/","article_published_time":"2024-09-19T09:56:27+00:00","article_modified_time":"2025-04-22T11:25:00+00:00","og_image":[{"width":850,"height":1200,"url":"https:\/\/labcom.ubi.pt\/wp-content\/uploads\/2023\/06\/LabCCbannerLabCom.jpg","type":"image\/jpeg"}],"author":"Thais Longaray","twitter_card":"summary_large_image","twitter_misc":{"Written by":"Thais Longaray","Est. reading time":"4 minutes"},"schema":{"@context":"https:\/\/schema.org","@graph":[{"@type":"Article","@id":"https:\/\/labcom.ubi.pt\/arts-research-and-shared-creation-lab\/#article","isPartOf":{"@id":"https:\/\/labcom.ubi.pt\/arts-research-and-shared-creation-lab\/"},"author":{"name":"Thais Longaray","@id":"https:\/\/labcom.ubi.pt\/#\/schema\/person\/4390877beddc8d3f5b945e3ca5e391ab"},"headline":"AfectaLab \u2013 Research and Shared Creation in Cinema and Multimedia","datePublished":"2024-09-19T09:56:27+00:00","dateModified":"2025-04-22T11:25:00+00:00","mainEntityOfPage":{"@id":"https:\/\/labcom.ubi.pt\/arts-research-and-shared-creation-lab\/"},"wordCount":655,"publisher":{"@id":"https:\/\/labcom.ubi.pt\/#organization"},"image":{"@id":"https:\/\/labcom.ubi.pt\/arts-research-and-shared-creation-lab\/#primaryimage"},"thumbnailUrl":"https:\/\/labcom.ubi.pt\/wp-content\/uploads\/2023\/06\/LabCCbannerLabCom.jpg","articleSection":["Evento","Evento - 2019","Evento sem Site"],"inLanguage":"en-US"},{"@type":"WebPage","@id":"https:\/\/labcom.ubi.pt\/arts-research-and-shared-creation-lab\/","url":"https:\/\/labcom.ubi.pt\/arts-research-and-shared-creation-lab\/","name":"AfectaLab \u2013 Research and Shared Creation in Cinema and Multimedia - LabCom - Laborat\u00f3rio de Comunica\u00e7\u00e3o","isPartOf":{"@id":"https:\/\/labcom.ubi.pt\/#website"},"primaryImageOfPage":{"@id":"https:\/\/labcom.ubi.pt\/arts-research-and-shared-creation-lab\/#primaryimage"},"image":{"@id":"https:\/\/labcom.ubi.pt\/arts-research-and-shared-creation-lab\/#primaryimage"},"thumbnailUrl":"https:\/\/labcom.ubi.pt\/wp-content\/uploads\/2023\/06\/LabCCbannerLabCom.jpg","datePublished":"2024-09-19T09:56:27+00:00","dateModified":"2025-04-22T11:25:00+00:00","breadcrumb":{"@id":"https:\/\/labcom.ubi.pt\/arts-research-and-shared-creation-lab\/#breadcrumb"},"inLanguage":"en-US","potentialAction":[{"@type":"ReadAction","target":["https:\/\/labcom.ubi.pt\/arts-research-and-shared-creation-lab\/"]}]},{"@type":"ImageObject","inLanguage":"en-US","@id":"https:\/\/labcom.ubi.pt\/arts-research-and-shared-creation-lab\/#primaryimage","url":"https:\/\/labcom.ubi.pt\/wp-content\/uploads\/2023\/06\/LabCCbannerLabCom.jpg","contentUrl":"https:\/\/labcom.ubi.pt\/wp-content\/uploads\/2023\/06\/LabCCbannerLabCom.jpg","width":850,"height":1200},{"@type":"BreadcrumbList","@id":"https:\/\/labcom.ubi.pt\/arts-research-and-shared-creation-lab\/#breadcrumb","itemListElement":[{"@type":"ListItem","position":1,"name":"In\u00edcio","item":"https:\/\/labcom.ubi.pt\/"},{"@type":"ListItem","position":2,"name":"AfectaLab \u2013 Research and Shared Creation in Cinema and Multimedia"}]},{"@type":"WebSite","@id":"https:\/\/labcom.ubi.pt\/#website","url":"https:\/\/labcom.ubi.pt\/","name":"LabCom - Laborat\u00f3rio de Comunica\u00e7\u00e3o","description":"Unidade de Investiga\u00e7\u00e3o Cient\u00edfica da Faculdade de Artes e Letras da Universidade da Beira Interior","publisher":{"@id":"https:\/\/labcom.ubi.pt\/#organization"},"potentialAction":[{"@type":"SearchAction","target":{"@type":"EntryPoint","urlTemplate":"https:\/\/labcom.ubi.pt\/?s={search_term_string}"},"query-input":"required name=search_term_string"}],"inLanguage":"en-US"},{"@type":"Organization","@id":"https:\/\/labcom.ubi.pt\/#organization","name":"LabCom - Comunica\u00e7\u00e3o e Artes","url":"https:\/\/labcom.ubi.pt\/","logo":{"@type":"ImageObject","inLanguage":"en-US","@id":"https:\/\/labcom.ubi.pt\/#\/schema\/logo\/image\/","url":"https:\/\/labcom.ubi.pt\/wp-content\/uploads\/2021\/05\/LabCom_logo-1.png","contentUrl":"https:\/\/labcom.ubi.pt\/wp-content\/uploads\/2021\/05\/LabCom_logo-1.png","width":1920,"height":573,"caption":"LabCom - Comunica\u00e7\u00e3o e Artes"},"image":{"@id":"https:\/\/labcom.ubi.pt\/#\/schema\/logo\/image\/"},"sameAs":["https:\/\/www.facebook.com\/labcom.ubi.pt\/","https:\/\/www.instagram.com\/labcom_ubi\/"]},{"@type":"Person","@id":"https:\/\/labcom.ubi.pt\/#\/schema\/person\/4390877beddc8d3f5b945e3ca5e391ab","name":"Thais Longaray","image":{"@type":"ImageObject","inLanguage":"en-US","@id":"https:\/\/labcom.ubi.pt\/#\/schema\/person\/image\/","url":"https:\/\/secure.gravatar.com\/avatar\/6e2c57a90267f9f99342a03e715370da?s=96&d=mm&r=g","contentUrl":"https:\/\/secure.gravatar.com\/avatar\/6e2c57a90267f9f99342a03e715370da?s=96&d=mm&r=g","caption":"Thais Longaray"},"url":"https:\/\/labcom.ubi.pt\/en\/author\/thais-longaray\/"}]}},"_links":{"self":[{"href":"https:\/\/labcom.ubi.pt\/en\/wp-json\/wp\/v2\/posts\/36259","targetHints":{"allow":["GET"]}}],"collection":[{"href":"https:\/\/labcom.ubi.pt\/en\/wp-json\/wp\/v2\/posts"}],"about":[{"href":"https:\/\/labcom.ubi.pt\/en\/wp-json\/wp\/v2\/types\/post"}],"author":[{"embeddable":true,"href":"https:\/\/labcom.ubi.pt\/en\/wp-json\/wp\/v2\/users\/7"}],"replies":[{"embeddable":true,"href":"https:\/\/labcom.ubi.pt\/en\/wp-json\/wp\/v2\/comments?post=36259"}],"version-history":[{"count":2,"href":"https:\/\/labcom.ubi.pt\/en\/wp-json\/wp\/v2\/posts\/36259\/revisions"}],"predecessor-version":[{"id":36809,"href":"https:\/\/labcom.ubi.pt\/en\/wp-json\/wp\/v2\/posts\/36259\/revisions\/36809"}],"wp:featuredmedia":[{"embeddable":true,"href":"https:\/\/labcom.ubi.pt\/en\/wp-json\/wp\/v2\/media\/35280"}],"wp:attachment":[{"href":"https:\/\/labcom.ubi.pt\/en\/wp-json\/wp\/v2\/media?parent=36259"}],"wp:term":[{"taxonomy":"category","embeddable":true,"href":"https:\/\/labcom.ubi.pt\/en\/wp-json\/wp\/v2\/categories?post=36259"},{"taxonomy":"post_tag","embeddable":true,"href":"https:\/\/labcom.ubi.pt\/en\/wp-json\/wp\/v2\/tags?post=36259"}],"curies":[{"name":"wp","href":"https:\/\/api.w.org\/{rel}","templated":true}]}}