{"id":36184,"date":"2024-07-26T10:04:14","date_gmt":"2024-07-26T10:04:14","guid":{"rendered":"https:\/\/labcom.ubi.pt\/?p=36184"},"modified":"2024-11-11T13:26:26","modified_gmt":"2024-11-11T13:26:26","slug":"matter-of-type-12th-typography-meeting-book-of-proceedings","status":"publish","type":"post","link":"https:\/\/labcom.ubi.pt\/en\/matter-of-type-12th-typography-meeting-book-of-proceedings\/","title":{"rendered":"Matter of Type, 12th Typography Meeting Book of Proceedings"},"content":{"rendered":"<p><span style=\"font-weight: 400;\">Matter, in its classical sense, is that amorphous mass from which our world gains physical existence. Wood and metal matter began by materializing typographic forms, giving them substance while, simultaneously, meaning was being attributed to the former. Today, digital forms\/formulas (Flusser, 1999: 35-38) seem to have no matter\u2014although their existence is made possible through material technological infrastructures\u2014yet they continue to materialize our experience in the world.\u00a0<\/span><\/p>\n<p><span style=\"font-weight: 400;\">In an era where we witness a return to traditional typographic practices, bringing them to the present, where typographic forms and uses without physical existence are created and metamorphosed, and also where design and typography are configured in the articulation between the tangible and digital, the word &#8220;matter&#8221;\u2014in its diverse senses\u2014 opens up horizons for questioning contemporary typographic practices.\u00a0<\/span><\/p>\n<p><span style=\"font-weight: 400;\">The meanings of matter thus lead us to think and interrogate design, and particularly typography, from the following perspectives: Matter as a substance which, once informed by letters, becomes intelligible and creates meanings. What constitutes this substance in current typography?\u00a0<\/span><\/p>\n<p><span style=\"font-weight: 400;\">Additionally, its formless characteristic reveals the breadth of formal, ductile, possibilities, in line with the different means by which typography is produced. Between the analog and the digital, physical space and the virtual, and all possible combinations. What are these flows, and what implications do they have on design? How does the same (metaphorical) matter metamorphose into different materials? What are the metamorphoses of typography(ies)?\u00a0<\/span><\/p>\n<p><span style=\"font-weight: 400;\">Also, through the conception of matter as what is tangible\u2014referring us to the physical world that simultaneously enables, organizes, and conditions our individual and shared experience\u2014we can question the different senses in which typography becomes tangible, that is, according to which it participates in shaping our experience of the world? In this aspect, the contextual matter of typography, in practice, its media, is also particularly relevant.\u00a0<\/span><\/p>\n<p><span style=\"font-weight: 400;\">Finally, political, social, historical, cultural, and environmental project dimensions, and others that challenge the role of design, are threads that run through all those questions and intersect with each other, thus configuring the web of the <strong>matter<\/strong><em>of<\/em>Type.<\/span><\/p>","protected":false},"excerpt":{"rendered":"<p>Matter, in its classical sense, is that amorphous mass from which our world gains physical existence. Wood and metal matter began by materializing typographic forms,&hellip;<\/p>","protected":false},"author":6,"featured_media":36190,"comment_status":"closed","ping_status":"open","sticky":false,"template":"","format":"standard","meta":{"_acf_changed":false,"footnotes":""},"categories":[13,54,10],"tags":[],"class_list":["post-36184","post","type-post","status-publish","format-standard","has-post-thumbnail","hentry","category-livro-artes","category-novas-publicacoes-site-novo","category-publicacao"],"acf":[],"yoast_head":"<!-- This site is optimized with the Yoast SEO plugin v23.1 - https:\/\/yoast.com\/wordpress\/plugins\/seo\/ -->\n<title>Matter of Type, 12th Typography Meeting Book of Proceedings - LabCom - Laborat\u00f3rio de Comunica\u00e7\u00e3o<\/title>\n<meta name=\"robots\" content=\"index, follow, max-snippet:-1, max-image-preview:large, max-video-preview:-1\" \/>\n<link rel=\"canonical\" href=\"https:\/\/labcom.ubi.pt\/en\/matter-of-type-12th-typography-meeting-book-of-proceedings\/\" \/>\n<meta property=\"og:locale\" content=\"en_US\" \/>\n<meta property=\"og:type\" content=\"article\" \/>\n<meta property=\"og:title\" content=\"Matter of Type, 12th Typography Meeting Book of Proceedings - LabCom - Laborat\u00f3rio de Comunica\u00e7\u00e3o\" \/>\n<meta property=\"og:description\" content=\"Matter, in its classical sense, is that amorphous mass from which our world gains physical existence. Wood and metal matter began by materializing typographic forms,&hellip;\" \/>\n<meta property=\"og:url\" content=\"https:\/\/labcom.ubi.pt\/en\/matter-of-type-12th-typography-meeting-book-of-proceedings\/\" \/>\n<meta property=\"og:site_name\" content=\"LabCom - Laborat\u00f3rio de Comunica\u00e7\u00e3o\" \/>\n<meta property=\"article:publisher\" content=\"https:\/\/www.facebook.com\/labcom.ubi.pt\/\" \/>\n<meta property=\"article:published_time\" content=\"2024-07-26T10:04:14+00:00\" \/>\n<meta property=\"article:modified_time\" content=\"2024-11-11T13:26:26+00:00\" \/>\n<meta property=\"og:image\" content=\"https:\/\/labcom.ubi.pt\/wp-content\/uploads\/2024\/07\/12ET_Book-001.png\" \/>\n\t<meta property=\"og:image:width\" content=\"1497\" \/>\n\t<meta property=\"og:image:height\" content=\"1969\" \/>\n\t<meta property=\"og:image:type\" content=\"image\/png\" \/>\n<meta name=\"author\" content=\"Miguel Manteigueiro\" \/>\n<meta name=\"twitter:card\" content=\"summary_large_image\" \/>\n<meta name=\"twitter:label1\" content=\"Written by\" \/>\n\t<meta name=\"twitter:data1\" content=\"Miguel Manteigueiro\" \/>\n\t<meta name=\"twitter:label2\" content=\"Est. reading time\" \/>\n\t<meta name=\"twitter:data2\" content=\"3 minutes\" \/>\n<script type=\"application\/ld+json\" class=\"yoast-schema-graph\">{\"@context\":\"https:\/\/schema.org\",\"@graph\":[{\"@type\":\"Article\",\"@id\":\"https:\/\/labcom.ubi.pt\/matter-of-type-12th-typography-meeting-book-of-proceedings\/#article\",\"isPartOf\":{\"@id\":\"https:\/\/labcom.ubi.pt\/matter-of-type-12th-typography-meeting-book-of-proceedings\/\"},\"author\":{\"name\":\"Miguel Manteigueiro\",\"@id\":\"https:\/\/labcom.ubi.pt\/#\/schema\/person\/740932980315d1312ac43e94bab103c4\"},\"headline\":\"Matter of Type, 12th Typography Meeting Book of Proceedings\",\"datePublished\":\"2024-07-26T10:04:14+00:00\",\"dateModified\":\"2024-11-11T13:26:26+00:00\",\"mainEntityOfPage\":{\"@id\":\"https:\/\/labcom.ubi.pt\/matter-of-type-12th-typography-meeting-book-of-proceedings\/\"},\"wordCount\":349,\"publisher\":{\"@id\":\"https:\/\/labcom.ubi.pt\/#organization\"},\"image\":{\"@id\":\"https:\/\/labcom.ubi.pt\/matter-of-type-12th-typography-meeting-book-of-proceedings\/#primaryimage\"},\"thumbnailUrl\":\"https:\/\/labcom.ubi.pt\/wp-content\/uploads\/2024\/07\/12ET_Book-001.png\",\"articleSection\":[\"Livro Artes\",\"Novas Publica\u00e7\u00f5es - Site Novo\",\"Publica\u00e7\u00e3o\"],\"inLanguage\":\"en-US\"},{\"@type\":\"WebPage\",\"@id\":\"https:\/\/labcom.ubi.pt\/matter-of-type-12th-typography-meeting-book-of-proceedings\/\",\"url\":\"https:\/\/labcom.ubi.pt\/matter-of-type-12th-typography-meeting-book-of-proceedings\/\",\"name\":\"Matter of Type, 12th Typography Meeting Book of Proceedings - LabCom - Laborat\u00f3rio de Comunica\u00e7\u00e3o\",\"isPartOf\":{\"@id\":\"https:\/\/labcom.ubi.pt\/#website\"},\"primaryImageOfPage\":{\"@id\":\"https:\/\/labcom.ubi.pt\/matter-of-type-12th-typography-meeting-book-of-proceedings\/#primaryimage\"},\"image\":{\"@id\":\"https:\/\/labcom.ubi.pt\/matter-of-type-12th-typography-meeting-book-of-proceedings\/#primaryimage\"},\"thumbnailUrl\":\"https:\/\/labcom.ubi.pt\/wp-content\/uploads\/2024\/07\/12ET_Book-001.png\",\"datePublished\":\"2024-07-26T10:04:14+00:00\",\"dateModified\":\"2024-11-11T13:26:26+00:00\",\"breadcrumb\":{\"@id\":\"https:\/\/labcom.ubi.pt\/matter-of-type-12th-typography-meeting-book-of-proceedings\/#breadcrumb\"},\"inLanguage\":\"en-US\",\"potentialAction\":[{\"@type\":\"ReadAction\",\"target\":[\"https:\/\/labcom.ubi.pt\/matter-of-type-12th-typography-meeting-book-of-proceedings\/\"]}]},{\"@type\":\"ImageObject\",\"inLanguage\":\"en-US\",\"@id\":\"https:\/\/labcom.ubi.pt\/matter-of-type-12th-typography-meeting-book-of-proceedings\/#primaryimage\",\"url\":\"https:\/\/labcom.ubi.pt\/wp-content\/uploads\/2024\/07\/12ET_Book-001.png\",\"contentUrl\":\"https:\/\/labcom.ubi.pt\/wp-content\/uploads\/2024\/07\/12ET_Book-001.png\",\"width\":1497,\"height\":1969},{\"@type\":\"BreadcrumbList\",\"@id\":\"https:\/\/labcom.ubi.pt\/matter-of-type-12th-typography-meeting-book-of-proceedings\/#breadcrumb\",\"itemListElement\":[{\"@type\":\"ListItem\",\"position\":1,\"name\":\"In\u00edcio\",\"item\":\"https:\/\/labcom.ubi.pt\/\"},{\"@type\":\"ListItem\",\"position\":2,\"name\":\"Matter of Type, 12th Typography Meeting Book of Proceedings\"}]},{\"@type\":\"WebSite\",\"@id\":\"https:\/\/labcom.ubi.pt\/#website\",\"url\":\"https:\/\/labcom.ubi.pt\/\",\"name\":\"LabCom - Laborat\u00f3rio de Comunica\u00e7\u00e3o\",\"description\":\"Unidade de Investiga\u00e7\u00e3o Cient\u00edfica da Faculdade de Artes e Letras da Universidade da Beira Interior\",\"publisher\":{\"@id\":\"https:\/\/labcom.ubi.pt\/#organization\"},\"potentialAction\":[{\"@type\":\"SearchAction\",\"target\":{\"@type\":\"EntryPoint\",\"urlTemplate\":\"https:\/\/labcom.ubi.pt\/?s={search_term_string}\"},\"query-input\":\"required name=search_term_string\"}],\"inLanguage\":\"en-US\"},{\"@type\":\"Organization\",\"@id\":\"https:\/\/labcom.ubi.pt\/#organization\",\"name\":\"LabCom - Comunica\u00e7\u00e3o e Artes\",\"url\":\"https:\/\/labcom.ubi.pt\/\",\"logo\":{\"@type\":\"ImageObject\",\"inLanguage\":\"en-US\",\"@id\":\"https:\/\/labcom.ubi.pt\/#\/schema\/logo\/image\/\",\"url\":\"https:\/\/labcom.ubi.pt\/wp-content\/uploads\/2021\/05\/LabCom_logo-1.png\",\"contentUrl\":\"https:\/\/labcom.ubi.pt\/wp-content\/uploads\/2021\/05\/LabCom_logo-1.png\",\"width\":1920,\"height\":573,\"caption\":\"LabCom - Comunica\u00e7\u00e3o e Artes\"},\"image\":{\"@id\":\"https:\/\/labcom.ubi.pt\/#\/schema\/logo\/image\/\"},\"sameAs\":[\"https:\/\/www.facebook.com\/labcom.ubi.pt\/\",\"https:\/\/www.instagram.com\/labcom_ubi\/\"]},{\"@type\":\"Person\",\"@id\":\"https:\/\/labcom.ubi.pt\/#\/schema\/person\/740932980315d1312ac43e94bab103c4\",\"name\":\"Miguel Manteigueiro\",\"image\":{\"@type\":\"ImageObject\",\"inLanguage\":\"en-US\",\"@id\":\"https:\/\/labcom.ubi.pt\/#\/schema\/person\/image\/\",\"url\":\"https:\/\/secure.gravatar.com\/avatar\/1156be82ae5c8ae7aebcc0091e0ac8c6?s=96&d=mm&r=g\",\"contentUrl\":\"https:\/\/secure.gravatar.com\/avatar\/1156be82ae5c8ae7aebcc0091e0ac8c6?s=96&d=mm&r=g\",\"caption\":\"Miguel Manteigueiro\"},\"url\":\"https:\/\/labcom.ubi.pt\/en\/author\/manteigueiro\/\"}]}<\/script>\n<!-- \/ Yoast SEO plugin. -->","yoast_head_json":{"title":"Matter of Type, 12th Typography Meeting Book of Proceedings - LabCom - Laborat\u00f3rio de Comunica\u00e7\u00e3o","robots":{"index":"index","follow":"follow","max-snippet":"max-snippet:-1","max-image-preview":"max-image-preview:large","max-video-preview":"max-video-preview:-1"},"canonical":"https:\/\/labcom.ubi.pt\/en\/matter-of-type-12th-typography-meeting-book-of-proceedings\/","og_locale":"en_US","og_type":"article","og_title":"Matter of Type, 12th Typography Meeting Book of Proceedings - LabCom - Laborat\u00f3rio de Comunica\u00e7\u00e3o","og_description":"Matter, in its classical sense, is that amorphous mass from which our world gains physical existence. Wood and metal matter began by materializing typographic forms,&hellip;","og_url":"https:\/\/labcom.ubi.pt\/en\/matter-of-type-12th-typography-meeting-book-of-proceedings\/","og_site_name":"LabCom - Laborat\u00f3rio de Comunica\u00e7\u00e3o","article_publisher":"https:\/\/www.facebook.com\/labcom.ubi.pt\/","article_published_time":"2024-07-26T10:04:14+00:00","article_modified_time":"2024-11-11T13:26:26+00:00","og_image":[{"width":1497,"height":1969,"url":"https:\/\/labcom.ubi.pt\/wp-content\/uploads\/2024\/07\/12ET_Book-001.png","type":"image\/png"}],"author":"Miguel Manteigueiro","twitter_card":"summary_large_image","twitter_misc":{"Written by":"Miguel Manteigueiro","Est. reading time":"3 minutes"},"schema":{"@context":"https:\/\/schema.org","@graph":[{"@type":"Article","@id":"https:\/\/labcom.ubi.pt\/matter-of-type-12th-typography-meeting-book-of-proceedings\/#article","isPartOf":{"@id":"https:\/\/labcom.ubi.pt\/matter-of-type-12th-typography-meeting-book-of-proceedings\/"},"author":{"name":"Miguel Manteigueiro","@id":"https:\/\/labcom.ubi.pt\/#\/schema\/person\/740932980315d1312ac43e94bab103c4"},"headline":"Matter of Type, 12th Typography Meeting Book of Proceedings","datePublished":"2024-07-26T10:04:14+00:00","dateModified":"2024-11-11T13:26:26+00:00","mainEntityOfPage":{"@id":"https:\/\/labcom.ubi.pt\/matter-of-type-12th-typography-meeting-book-of-proceedings\/"},"wordCount":349,"publisher":{"@id":"https:\/\/labcom.ubi.pt\/#organization"},"image":{"@id":"https:\/\/labcom.ubi.pt\/matter-of-type-12th-typography-meeting-book-of-proceedings\/#primaryimage"},"thumbnailUrl":"https:\/\/labcom.ubi.pt\/wp-content\/uploads\/2024\/07\/12ET_Book-001.png","articleSection":["Livro Artes","Novas Publica\u00e7\u00f5es - Site Novo","Publica\u00e7\u00e3o"],"inLanguage":"en-US"},{"@type":"WebPage","@id":"https:\/\/labcom.ubi.pt\/matter-of-type-12th-typography-meeting-book-of-proceedings\/","url":"https:\/\/labcom.ubi.pt\/matter-of-type-12th-typography-meeting-book-of-proceedings\/","name":"Matter of Type, 12th Typography Meeting Book of Proceedings - LabCom - Laborat\u00f3rio de Comunica\u00e7\u00e3o","isPartOf":{"@id":"https:\/\/labcom.ubi.pt\/#website"},"primaryImageOfPage":{"@id":"https:\/\/labcom.ubi.pt\/matter-of-type-12th-typography-meeting-book-of-proceedings\/#primaryimage"},"image":{"@id":"https:\/\/labcom.ubi.pt\/matter-of-type-12th-typography-meeting-book-of-proceedings\/#primaryimage"},"thumbnailUrl":"https:\/\/labcom.ubi.pt\/wp-content\/uploads\/2024\/07\/12ET_Book-001.png","datePublished":"2024-07-26T10:04:14+00:00","dateModified":"2024-11-11T13:26:26+00:00","breadcrumb":{"@id":"https:\/\/labcom.ubi.pt\/matter-of-type-12th-typography-meeting-book-of-proceedings\/#breadcrumb"},"inLanguage":"en-US","potentialAction":[{"@type":"ReadAction","target":["https:\/\/labcom.ubi.pt\/matter-of-type-12th-typography-meeting-book-of-proceedings\/"]}]},{"@type":"ImageObject","inLanguage":"en-US","@id":"https:\/\/labcom.ubi.pt\/matter-of-type-12th-typography-meeting-book-of-proceedings\/#primaryimage","url":"https:\/\/labcom.ubi.pt\/wp-content\/uploads\/2024\/07\/12ET_Book-001.png","contentUrl":"https:\/\/labcom.ubi.pt\/wp-content\/uploads\/2024\/07\/12ET_Book-001.png","width":1497,"height":1969},{"@type":"BreadcrumbList","@id":"https:\/\/labcom.ubi.pt\/matter-of-type-12th-typography-meeting-book-of-proceedings\/#breadcrumb","itemListElement":[{"@type":"ListItem","position":1,"name":"In\u00edcio","item":"https:\/\/labcom.ubi.pt\/"},{"@type":"ListItem","position":2,"name":"Matter of Type, 12th Typography Meeting Book of Proceedings"}]},{"@type":"WebSite","@id":"https:\/\/labcom.ubi.pt\/#website","url":"https:\/\/labcom.ubi.pt\/","name":"LabCom - Laborat\u00f3rio de Comunica\u00e7\u00e3o","description":"Unidade de Investiga\u00e7\u00e3o Cient\u00edfica da Faculdade de Artes e Letras da Universidade da Beira Interior","publisher":{"@id":"https:\/\/labcom.ubi.pt\/#organization"},"potentialAction":[{"@type":"SearchAction","target":{"@type":"EntryPoint","urlTemplate":"https:\/\/labcom.ubi.pt\/?s={search_term_string}"},"query-input":"required name=search_term_string"}],"inLanguage":"en-US"},{"@type":"Organization","@id":"https:\/\/labcom.ubi.pt\/#organization","name":"LabCom - Comunica\u00e7\u00e3o e Artes","url":"https:\/\/labcom.ubi.pt\/","logo":{"@type":"ImageObject","inLanguage":"en-US","@id":"https:\/\/labcom.ubi.pt\/#\/schema\/logo\/image\/","url":"https:\/\/labcom.ubi.pt\/wp-content\/uploads\/2021\/05\/LabCom_logo-1.png","contentUrl":"https:\/\/labcom.ubi.pt\/wp-content\/uploads\/2021\/05\/LabCom_logo-1.png","width":1920,"height":573,"caption":"LabCom - Comunica\u00e7\u00e3o e Artes"},"image":{"@id":"https:\/\/labcom.ubi.pt\/#\/schema\/logo\/image\/"},"sameAs":["https:\/\/www.facebook.com\/labcom.ubi.pt\/","https:\/\/www.instagram.com\/labcom_ubi\/"]},{"@type":"Person","@id":"https:\/\/labcom.ubi.pt\/#\/schema\/person\/740932980315d1312ac43e94bab103c4","name":"Miguel Manteigueiro","image":{"@type":"ImageObject","inLanguage":"en-US","@id":"https:\/\/labcom.ubi.pt\/#\/schema\/person\/image\/","url":"https:\/\/secure.gravatar.com\/avatar\/1156be82ae5c8ae7aebcc0091e0ac8c6?s=96&d=mm&r=g","contentUrl":"https:\/\/secure.gravatar.com\/avatar\/1156be82ae5c8ae7aebcc0091e0ac8c6?s=96&d=mm&r=g","caption":"Miguel Manteigueiro"},"url":"https:\/\/labcom.ubi.pt\/en\/author\/manteigueiro\/"}]}},"_links":{"self":[{"href":"https:\/\/labcom.ubi.pt\/en\/wp-json\/wp\/v2\/posts\/36184","targetHints":{"allow":["GET"]}}],"collection":[{"href":"https:\/\/labcom.ubi.pt\/en\/wp-json\/wp\/v2\/posts"}],"about":[{"href":"https:\/\/labcom.ubi.pt\/en\/wp-json\/wp\/v2\/types\/post"}],"author":[{"embeddable":true,"href":"https:\/\/labcom.ubi.pt\/en\/wp-json\/wp\/v2\/users\/6"}],"replies":[{"embeddable":true,"href":"https:\/\/labcom.ubi.pt\/en\/wp-json\/wp\/v2\/comments?post=36184"}],"version-history":[{"count":2,"href":"https:\/\/labcom.ubi.pt\/en\/wp-json\/wp\/v2\/posts\/36184\/revisions"}],"predecessor-version":[{"id":36472,"href":"https:\/\/labcom.ubi.pt\/en\/wp-json\/wp\/v2\/posts\/36184\/revisions\/36472"}],"wp:featuredmedia":[{"embeddable":true,"href":"https:\/\/labcom.ubi.pt\/en\/wp-json\/wp\/v2\/media\/36190"}],"wp:attachment":[{"href":"https:\/\/labcom.ubi.pt\/en\/wp-json\/wp\/v2\/media?parent=36184"}],"wp:term":[{"taxonomy":"category","embeddable":true,"href":"https:\/\/labcom.ubi.pt\/en\/wp-json\/wp\/v2\/categories?post=36184"},{"taxonomy":"post_tag","embeddable":true,"href":"https:\/\/labcom.ubi.pt\/en\/wp-json\/wp\/v2\/tags?post=36184"}],"curies":[{"name":"wp","href":"https:\/\/api.w.org\/{rel}","templated":true}]}}