{"id":35335,"date":"2024-02-16T15:09:14","date_gmt":"2024-02-16T15:09:14","guid":{"rendered":"https:\/\/labcom.ubi.pt\/?p=35335"},"modified":"2024-02-09T15:09:54","modified_gmt":"2024-02-09T15:09:54","slug":"montanha-magica-arte-e-paisagem-2024-residencia-artistica-em-mirandela-criacao-cinematografica-no-coracao-transmontano","status":"publish","type":"post","link":"https:\/\/labcom.ubi.pt\/en\/montanha-magica-arte-e-paisagem-2024-residencia-artistica-em-mirandela-criacao-cinematografica-no-coracao-transmontano\/","title":{"rendered":"Montanha M\u00e1gica* Arte e Paisagem 2024 | Resid\u00eancia Art\u00edstica em Mirandela \u2013 cria\u00e7\u00e3o cinematogr\u00e1fica no cora\u00e7\u00e3o transmontano"},"content":{"rendered":"<p>Depois do sucesso das edi\u00e7\u00f5es anteriores, em Vinhais (2019) e em Seia (2021), a RAMM &#8211; Resid\u00eancia Art\u00edstica Montanha M\u00e1gica* regressa em 2024, tendo Mirandela como cen\u00e1rio.<\/p>\n<p>Este \u00e9 o resultado de uma parceria entre a EsACT-IPB e o Departamento de Artes da Universidade da Beira Interior &#8211; UBI, que envolve estudantes de ambas as institui\u00e7\u00f5es de ensino superior. Mais uma vez, os participantes ter\u00e3o oportunidade de viver uma experi\u00eancia extremamente enriquecedora, tanto no plano criativo como pessoal, potenciada pela intensa troca de viv\u00eancias com a comunidade local e pelo posterior debate dos resultados, no \u00e2mbito do Simp\u00f3sio Montanha M\u00e1gica* Arte e Paisagem (www.montanhamagica.ubi.pt), a realizar em novembro.<\/p>\n<p>O trabalho de documenta\u00e7\u00e3o e preserva\u00e7\u00e3o da mem\u00f3ria coletiva, tradi\u00e7\u00f5es e paisagens visuais e sonoras do territ\u00f3rio transmontano ter\u00e1 a orienta\u00e7\u00e3o de docentes das duas institui\u00e7\u00f5es e do realizador transmontano R\u00faben Sevivas.<\/p>\n<p>As candidaturas para a RAMM* 2024, que decorrer\u00e1 de 11 a 16 de mar\u00e7o, em Mirandela, est\u00e3o abertas at\u00e9 16 de fevereiro.\u00a0 A participa\u00e7\u00e3o \u00e9 limitada a 4 estudantes de cada institui\u00e7\u00e3o.<\/p>\n<p>Se pretendes participar, envia uma Nota de Inten\u00e7\u00f5es (1 p\u00e1g. A4) e CV para os endere\u00e7os de e-mail: tiago.fernandes@ipb.pt e penafria@ubi.pt. Os resultados ser\u00e3o comunicados pela mesma via at\u00e9 23 de fevereiro.<\/p>\n<p>Nota: a participa\u00e7\u00e3o inclui estadia, alimenta\u00e7\u00e3o, desloca\u00e7\u00f5es e equipamento cinematogr\u00e1fico.<\/p>\n<p>\u2014<\/p>\n<p>Coordena\u00e7\u00e3o Cient\u00edfica e Art\u00edstica:<br \/>\nTiago Fernandes (IPB, LabCom \/ iA*)<br \/>\nFerdinando Silva (IPB)<br \/>\nManuela Penafria (UBI, LabCom\/ iA*)<\/p>\n<p>Produ\u00e7\u00e3o:<br \/>\nMontanha M\u00e1gica* Arte e Paisagem<\/p>\n<p>Apoios institucionais:<br \/>\nInstituto Polit\u00e9cnico de Bragan\u00e7a<br \/>\nUniversidade da Beira Interior &#8211; UBI<br \/>\nLabCom &#8211; Comunica\u00e7\u00e3o e Artes<br \/>\nIA Unidade de Investiga\u00e7\u00e3o em Artes<br \/>\nMunic\u00edpio de Mirandela<br \/>\nFreguesia de Vale de Telhas<\/p>","protected":false},"excerpt":{"rendered":"<p>Depois do sucesso das edi\u00e7\u00f5es anteriores, em Vinhais (2019) e em Seia (2021), a RAMM &#8211; Resid\u00eancia Art\u00edstica Montanha M\u00e1gica* regressa em 2024, tendo Mirandela&hellip;<\/p>","protected":false},"author":3,"featured_media":35336,"comment_status":"closed","ping_status":"open","sticky":false,"template":"","format":"standard","meta":{"_acf_changed":false,"footnotes":""},"categories":[21,72,61,58],"tags":[],"class_list":["post-35335","post","type-post","status-publish","format-standard","has-post-thumbnail","hentry","category-evento","category-evento-2024","category-evento-sem-programa","category-evento-sem-site"],"acf":[],"yoast_head":"<!-- This site is optimized with the Yoast SEO plugin v23.1 - https:\/\/yoast.com\/wordpress\/plugins\/seo\/ -->\n<title>Montanha M\u00e1gica* Arte e Paisagem 2024 | Resid\u00eancia Art\u00edstica em Mirandela \u2013 cria\u00e7\u00e3o cinematogr\u00e1fica no cora\u00e7\u00e3o transmontano - LabCom - Laborat\u00f3rio de Comunica\u00e7\u00e3o<\/title>\n<meta name=\"robots\" content=\"index, follow, max-snippet:-1, max-image-preview:large, max-video-preview:-1\" \/>\n<link rel=\"canonical\" href=\"https:\/\/labcom.ubi.pt\/en\/montanha-magica-arte-e-paisagem-2024-residencia-artistica-em-mirandela-criacao-cinematografica-no-coracao-transmontano\/\" \/>\n<meta property=\"og:locale\" content=\"en_US\" \/>\n<meta property=\"og:type\" content=\"article\" \/>\n<meta property=\"og:title\" content=\"Montanha M\u00e1gica* Arte e Paisagem 2024 | Resid\u00eancia Art\u00edstica em Mirandela \u2013 cria\u00e7\u00e3o cinematogr\u00e1fica no cora\u00e7\u00e3o transmontano - LabCom - Laborat\u00f3rio de Comunica\u00e7\u00e3o\" \/>\n<meta property=\"og:description\" content=\"Depois do sucesso das edi\u00e7\u00f5es anteriores, em Vinhais (2019) e em Seia (2021), a RAMM &#8211; Resid\u00eancia Art\u00edstica Montanha M\u00e1gica* regressa em 2024, tendo Mirandela&hellip;\" \/>\n<meta property=\"og:url\" content=\"https:\/\/labcom.ubi.pt\/en\/montanha-magica-arte-e-paisagem-2024-residencia-artistica-em-mirandela-criacao-cinematografica-no-coracao-transmontano\/\" \/>\n<meta property=\"og:site_name\" content=\"LabCom - Laborat\u00f3rio de Comunica\u00e7\u00e3o\" \/>\n<meta property=\"article:publisher\" content=\"https:\/\/www.facebook.com\/labcom.ubi.pt\/\" \/>\n<meta property=\"article:published_time\" content=\"2024-02-16T15:09:14+00:00\" \/>\n<meta property=\"article:modified_time\" content=\"2024-02-09T15:09:54+00:00\" \/>\n<meta property=\"og:image\" content=\"https:\/\/labcom.ubi.pt\/wp-content\/uploads\/2024\/02\/421966304_870433861541246_6054842774369946421_n.jpg\" \/>\n\t<meta property=\"og:image:width\" content=\"2048\" \/>\n\t<meta property=\"og:image:height\" content=\"2048\" \/>\n\t<meta property=\"og:image:type\" content=\"image\/jpeg\" \/>\n<meta name=\"author\" content=\"Cristina Lopes\" \/>\n<meta name=\"twitter:card\" content=\"summary_large_image\" \/>\n<meta name=\"twitter:label1\" content=\"Written by\" \/>\n\t<meta name=\"twitter:data1\" content=\"Cristina Lopes\" \/>\n\t<meta name=\"twitter:label2\" content=\"Est. reading time\" \/>\n\t<meta name=\"twitter:data2\" content=\"2 minutes\" \/>\n<script type=\"application\/ld+json\" class=\"yoast-schema-graph\">{\"@context\":\"https:\/\/schema.org\",\"@graph\":[{\"@type\":\"Article\",\"@id\":\"https:\/\/labcom.ubi.pt\/montanha-magica-arte-e-paisagem-2024-residencia-artistica-em-mirandela-criacao-cinematografica-no-coracao-transmontano\/#article\",\"isPartOf\":{\"@id\":\"https:\/\/labcom.ubi.pt\/montanha-magica-arte-e-paisagem-2024-residencia-artistica-em-mirandela-criacao-cinematografica-no-coracao-transmontano\/\"},\"author\":{\"name\":\"Cristina Lopes\",\"@id\":\"https:\/\/labcom.ubi.pt\/#\/schema\/person\/dc1cd2f735b08caf9fa2cb5bcfc18622\"},\"headline\":\"Montanha M\u00e1gica* Arte e Paisagem 2024 | Resid\u00eancia Art\u00edstica em Mirandela \u2013 cria\u00e7\u00e3o cinematogr\u00e1fica no cora\u00e7\u00e3o transmontano\",\"datePublished\":\"2024-02-16T15:09:14+00:00\",\"dateModified\":\"2024-02-09T15:09:54+00:00\",\"mainEntityOfPage\":{\"@id\":\"https:\/\/labcom.ubi.pt\/montanha-magica-arte-e-paisagem-2024-residencia-artistica-em-mirandela-criacao-cinematografica-no-coracao-transmontano\/\"},\"wordCount\":325,\"publisher\":{\"@id\":\"https:\/\/labcom.ubi.pt\/#organization\"},\"image\":{\"@id\":\"https:\/\/labcom.ubi.pt\/montanha-magica-arte-e-paisagem-2024-residencia-artistica-em-mirandela-criacao-cinematografica-no-coracao-transmontano\/#primaryimage\"},\"thumbnailUrl\":\"https:\/\/labcom.ubi.pt\/wp-content\/uploads\/2024\/02\/421966304_870433861541246_6054842774369946421_n.jpg\",\"articleSection\":[\"Evento\",\"Evento - 2024\",\"Evento sem Programa\",\"Evento sem Site\"],\"inLanguage\":\"en-US\"},{\"@type\":\"WebPage\",\"@id\":\"https:\/\/labcom.ubi.pt\/montanha-magica-arte-e-paisagem-2024-residencia-artistica-em-mirandela-criacao-cinematografica-no-coracao-transmontano\/\",\"url\":\"https:\/\/labcom.ubi.pt\/montanha-magica-arte-e-paisagem-2024-residencia-artistica-em-mirandela-criacao-cinematografica-no-coracao-transmontano\/\",\"name\":\"Montanha M\u00e1gica* Arte e Paisagem 2024 | Resid\u00eancia Art\u00edstica em Mirandela \u2013 cria\u00e7\u00e3o cinematogr\u00e1fica no cora\u00e7\u00e3o transmontano - LabCom - Laborat\u00f3rio de Comunica\u00e7\u00e3o\",\"isPartOf\":{\"@id\":\"https:\/\/labcom.ubi.pt\/#website\"},\"primaryImageOfPage\":{\"@id\":\"https:\/\/labcom.ubi.pt\/montanha-magica-arte-e-paisagem-2024-residencia-artistica-em-mirandela-criacao-cinematografica-no-coracao-transmontano\/#primaryimage\"},\"image\":{\"@id\":\"https:\/\/labcom.ubi.pt\/montanha-magica-arte-e-paisagem-2024-residencia-artistica-em-mirandela-criacao-cinematografica-no-coracao-transmontano\/#primaryimage\"},\"thumbnailUrl\":\"https:\/\/labcom.ubi.pt\/wp-content\/uploads\/2024\/02\/421966304_870433861541246_6054842774369946421_n.jpg\",\"datePublished\":\"2024-02-16T15:09:14+00:00\",\"dateModified\":\"2024-02-09T15:09:54+00:00\",\"breadcrumb\":{\"@id\":\"https:\/\/labcom.ubi.pt\/montanha-magica-arte-e-paisagem-2024-residencia-artistica-em-mirandela-criacao-cinematografica-no-coracao-transmontano\/#breadcrumb\"},\"inLanguage\":\"en-US\",\"potentialAction\":[{\"@type\":\"ReadAction\",\"target\":[\"https:\/\/labcom.ubi.pt\/montanha-magica-arte-e-paisagem-2024-residencia-artistica-em-mirandela-criacao-cinematografica-no-coracao-transmontano\/\"]}]},{\"@type\":\"ImageObject\",\"inLanguage\":\"en-US\",\"@id\":\"https:\/\/labcom.ubi.pt\/montanha-magica-arte-e-paisagem-2024-residencia-artistica-em-mirandela-criacao-cinematografica-no-coracao-transmontano\/#primaryimage\",\"url\":\"https:\/\/labcom.ubi.pt\/wp-content\/uploads\/2024\/02\/421966304_870433861541246_6054842774369946421_n.jpg\",\"contentUrl\":\"https:\/\/labcom.ubi.pt\/wp-content\/uploads\/2024\/02\/421966304_870433861541246_6054842774369946421_n.jpg\",\"width\":2048,\"height\":2048},{\"@type\":\"BreadcrumbList\",\"@id\":\"https:\/\/labcom.ubi.pt\/montanha-magica-arte-e-paisagem-2024-residencia-artistica-em-mirandela-criacao-cinematografica-no-coracao-transmontano\/#breadcrumb\",\"itemListElement\":[{\"@type\":\"ListItem\",\"position\":1,\"name\":\"In\u00edcio\",\"item\":\"https:\/\/labcom.ubi.pt\/\"},{\"@type\":\"ListItem\",\"position\":2,\"name\":\"Montanha M\u00e1gica* Arte e Paisagem 2024 | Resid\u00eancia Art\u00edstica em Mirandela \u2013 cria\u00e7\u00e3o cinematogr\u00e1fica no cora\u00e7\u00e3o transmontano\"}]},{\"@type\":\"WebSite\",\"@id\":\"https:\/\/labcom.ubi.pt\/#website\",\"url\":\"https:\/\/labcom.ubi.pt\/\",\"name\":\"LabCom - Laborat\u00f3rio de Comunica\u00e7\u00e3o\",\"description\":\"Unidade de Investiga\u00e7\u00e3o Cient\u00edfica da Faculdade de Artes e Letras da Universidade da Beira Interior\",\"publisher\":{\"@id\":\"https:\/\/labcom.ubi.pt\/#organization\"},\"potentialAction\":[{\"@type\":\"SearchAction\",\"target\":{\"@type\":\"EntryPoint\",\"urlTemplate\":\"https:\/\/labcom.ubi.pt\/?s={search_term_string}\"},\"query-input\":\"required name=search_term_string\"}],\"inLanguage\":\"en-US\"},{\"@type\":\"Organization\",\"@id\":\"https:\/\/labcom.ubi.pt\/#organization\",\"name\":\"LabCom - Comunica\u00e7\u00e3o e Artes\",\"url\":\"https:\/\/labcom.ubi.pt\/\",\"logo\":{\"@type\":\"ImageObject\",\"inLanguage\":\"en-US\",\"@id\":\"https:\/\/labcom.ubi.pt\/#\/schema\/logo\/image\/\",\"url\":\"https:\/\/labcom.ubi.pt\/wp-content\/uploads\/2021\/05\/LabCom_logo-1.png\",\"contentUrl\":\"https:\/\/labcom.ubi.pt\/wp-content\/uploads\/2021\/05\/LabCom_logo-1.png\",\"width\":1920,\"height\":573,\"caption\":\"LabCom - Comunica\u00e7\u00e3o e Artes\"},\"image\":{\"@id\":\"https:\/\/labcom.ubi.pt\/#\/schema\/logo\/image\/\"},\"sameAs\":[\"https:\/\/www.facebook.com\/labcom.ubi.pt\/\",\"https:\/\/www.instagram.com\/labcom_ubi\/\"]},{\"@type\":\"Person\",\"@id\":\"https:\/\/labcom.ubi.pt\/#\/schema\/person\/dc1cd2f735b08caf9fa2cb5bcfc18622\",\"name\":\"Cristina Lopes\",\"image\":{\"@type\":\"ImageObject\",\"inLanguage\":\"en-US\",\"@id\":\"https:\/\/labcom.ubi.pt\/#\/schema\/person\/image\/\",\"url\":\"https:\/\/secure.gravatar.com\/avatar\/10faa0dd9aaa78e385d2cce4a9955b1d?s=96&d=mm&r=g\",\"contentUrl\":\"https:\/\/secure.gravatar.com\/avatar\/10faa0dd9aaa78e385d2cce4a9955b1d?s=96&d=mm&r=g\",\"caption\":\"Cristina Lopes\"},\"url\":\"https:\/\/labcom.ubi.pt\/en\/author\/cristina_lopes\/\"}]}<\/script>\n<!-- \/ Yoast SEO plugin. -->","yoast_head_json":{"title":"Montanha M\u00e1gica* Arte e Paisagem 2024 | Resid\u00eancia Art\u00edstica em Mirandela \u2013 cria\u00e7\u00e3o cinematogr\u00e1fica no cora\u00e7\u00e3o transmontano - LabCom - Laborat\u00f3rio de Comunica\u00e7\u00e3o","robots":{"index":"index","follow":"follow","max-snippet":"max-snippet:-1","max-image-preview":"max-image-preview:large","max-video-preview":"max-video-preview:-1"},"canonical":"https:\/\/labcom.ubi.pt\/en\/montanha-magica-arte-e-paisagem-2024-residencia-artistica-em-mirandela-criacao-cinematografica-no-coracao-transmontano\/","og_locale":"en_US","og_type":"article","og_title":"Montanha M\u00e1gica* Arte e Paisagem 2024 | Resid\u00eancia Art\u00edstica em Mirandela \u2013 cria\u00e7\u00e3o cinematogr\u00e1fica no cora\u00e7\u00e3o transmontano - LabCom - Laborat\u00f3rio de Comunica\u00e7\u00e3o","og_description":"Depois do sucesso das edi\u00e7\u00f5es anteriores, em Vinhais (2019) e em Seia (2021), a RAMM &#8211; Resid\u00eancia Art\u00edstica Montanha M\u00e1gica* regressa em 2024, tendo Mirandela&hellip;","og_url":"https:\/\/labcom.ubi.pt\/en\/montanha-magica-arte-e-paisagem-2024-residencia-artistica-em-mirandela-criacao-cinematografica-no-coracao-transmontano\/","og_site_name":"LabCom - Laborat\u00f3rio de Comunica\u00e7\u00e3o","article_publisher":"https:\/\/www.facebook.com\/labcom.ubi.pt\/","article_published_time":"2024-02-16T15:09:14+00:00","article_modified_time":"2024-02-09T15:09:54+00:00","og_image":[{"width":2048,"height":2048,"url":"https:\/\/labcom.ubi.pt\/wp-content\/uploads\/2024\/02\/421966304_870433861541246_6054842774369946421_n.jpg","type":"image\/jpeg"}],"author":"Cristina Lopes","twitter_card":"summary_large_image","twitter_misc":{"Written by":"Cristina Lopes","Est. reading time":"2 minutes"},"schema":{"@context":"https:\/\/schema.org","@graph":[{"@type":"Article","@id":"https:\/\/labcom.ubi.pt\/montanha-magica-arte-e-paisagem-2024-residencia-artistica-em-mirandela-criacao-cinematografica-no-coracao-transmontano\/#article","isPartOf":{"@id":"https:\/\/labcom.ubi.pt\/montanha-magica-arte-e-paisagem-2024-residencia-artistica-em-mirandela-criacao-cinematografica-no-coracao-transmontano\/"},"author":{"name":"Cristina Lopes","@id":"https:\/\/labcom.ubi.pt\/#\/schema\/person\/dc1cd2f735b08caf9fa2cb5bcfc18622"},"headline":"Montanha M\u00e1gica* Arte e Paisagem 2024 | Resid\u00eancia Art\u00edstica em Mirandela \u2013 cria\u00e7\u00e3o cinematogr\u00e1fica no cora\u00e7\u00e3o transmontano","datePublished":"2024-02-16T15:09:14+00:00","dateModified":"2024-02-09T15:09:54+00:00","mainEntityOfPage":{"@id":"https:\/\/labcom.ubi.pt\/montanha-magica-arte-e-paisagem-2024-residencia-artistica-em-mirandela-criacao-cinematografica-no-coracao-transmontano\/"},"wordCount":325,"publisher":{"@id":"https:\/\/labcom.ubi.pt\/#organization"},"image":{"@id":"https:\/\/labcom.ubi.pt\/montanha-magica-arte-e-paisagem-2024-residencia-artistica-em-mirandela-criacao-cinematografica-no-coracao-transmontano\/#primaryimage"},"thumbnailUrl":"https:\/\/labcom.ubi.pt\/wp-content\/uploads\/2024\/02\/421966304_870433861541246_6054842774369946421_n.jpg","articleSection":["Evento","Evento - 2024","Evento sem Programa","Evento sem Site"],"inLanguage":"en-US"},{"@type":"WebPage","@id":"https:\/\/labcom.ubi.pt\/montanha-magica-arte-e-paisagem-2024-residencia-artistica-em-mirandela-criacao-cinematografica-no-coracao-transmontano\/","url":"https:\/\/labcom.ubi.pt\/montanha-magica-arte-e-paisagem-2024-residencia-artistica-em-mirandela-criacao-cinematografica-no-coracao-transmontano\/","name":"Montanha M\u00e1gica* Arte e Paisagem 2024 | Resid\u00eancia Art\u00edstica em Mirandela \u2013 cria\u00e7\u00e3o cinematogr\u00e1fica no cora\u00e7\u00e3o transmontano - LabCom - Laborat\u00f3rio de Comunica\u00e7\u00e3o","isPartOf":{"@id":"https:\/\/labcom.ubi.pt\/#website"},"primaryImageOfPage":{"@id":"https:\/\/labcom.ubi.pt\/montanha-magica-arte-e-paisagem-2024-residencia-artistica-em-mirandela-criacao-cinematografica-no-coracao-transmontano\/#primaryimage"},"image":{"@id":"https:\/\/labcom.ubi.pt\/montanha-magica-arte-e-paisagem-2024-residencia-artistica-em-mirandela-criacao-cinematografica-no-coracao-transmontano\/#primaryimage"},"thumbnailUrl":"https:\/\/labcom.ubi.pt\/wp-content\/uploads\/2024\/02\/421966304_870433861541246_6054842774369946421_n.jpg","datePublished":"2024-02-16T15:09:14+00:00","dateModified":"2024-02-09T15:09:54+00:00","breadcrumb":{"@id":"https:\/\/labcom.ubi.pt\/montanha-magica-arte-e-paisagem-2024-residencia-artistica-em-mirandela-criacao-cinematografica-no-coracao-transmontano\/#breadcrumb"},"inLanguage":"en-US","potentialAction":[{"@type":"ReadAction","target":["https:\/\/labcom.ubi.pt\/montanha-magica-arte-e-paisagem-2024-residencia-artistica-em-mirandela-criacao-cinematografica-no-coracao-transmontano\/"]}]},{"@type":"ImageObject","inLanguage":"en-US","@id":"https:\/\/labcom.ubi.pt\/montanha-magica-arte-e-paisagem-2024-residencia-artistica-em-mirandela-criacao-cinematografica-no-coracao-transmontano\/#primaryimage","url":"https:\/\/labcom.ubi.pt\/wp-content\/uploads\/2024\/02\/421966304_870433861541246_6054842774369946421_n.jpg","contentUrl":"https:\/\/labcom.ubi.pt\/wp-content\/uploads\/2024\/02\/421966304_870433861541246_6054842774369946421_n.jpg","width":2048,"height":2048},{"@type":"BreadcrumbList","@id":"https:\/\/labcom.ubi.pt\/montanha-magica-arte-e-paisagem-2024-residencia-artistica-em-mirandela-criacao-cinematografica-no-coracao-transmontano\/#breadcrumb","itemListElement":[{"@type":"ListItem","position":1,"name":"In\u00edcio","item":"https:\/\/labcom.ubi.pt\/"},{"@type":"ListItem","position":2,"name":"Montanha M\u00e1gica* Arte e Paisagem 2024 | Resid\u00eancia Art\u00edstica em Mirandela \u2013 cria\u00e7\u00e3o cinematogr\u00e1fica no cora\u00e7\u00e3o transmontano"}]},{"@type":"WebSite","@id":"https:\/\/labcom.ubi.pt\/#website","url":"https:\/\/labcom.ubi.pt\/","name":"LabCom - Laborat\u00f3rio de Comunica\u00e7\u00e3o","description":"Unidade de Investiga\u00e7\u00e3o Cient\u00edfica da Faculdade de Artes e Letras da Universidade da Beira Interior","publisher":{"@id":"https:\/\/labcom.ubi.pt\/#organization"},"potentialAction":[{"@type":"SearchAction","target":{"@type":"EntryPoint","urlTemplate":"https:\/\/labcom.ubi.pt\/?s={search_term_string}"},"query-input":"required name=search_term_string"}],"inLanguage":"en-US"},{"@type":"Organization","@id":"https:\/\/labcom.ubi.pt\/#organization","name":"LabCom - Comunica\u00e7\u00e3o e Artes","url":"https:\/\/labcom.ubi.pt\/","logo":{"@type":"ImageObject","inLanguage":"en-US","@id":"https:\/\/labcom.ubi.pt\/#\/schema\/logo\/image\/","url":"https:\/\/labcom.ubi.pt\/wp-content\/uploads\/2021\/05\/LabCom_logo-1.png","contentUrl":"https:\/\/labcom.ubi.pt\/wp-content\/uploads\/2021\/05\/LabCom_logo-1.png","width":1920,"height":573,"caption":"LabCom - Comunica\u00e7\u00e3o e Artes"},"image":{"@id":"https:\/\/labcom.ubi.pt\/#\/schema\/logo\/image\/"},"sameAs":["https:\/\/www.facebook.com\/labcom.ubi.pt\/","https:\/\/www.instagram.com\/labcom_ubi\/"]},{"@type":"Person","@id":"https:\/\/labcom.ubi.pt\/#\/schema\/person\/dc1cd2f735b08caf9fa2cb5bcfc18622","name":"Cristina Lopes","image":{"@type":"ImageObject","inLanguage":"en-US","@id":"https:\/\/labcom.ubi.pt\/#\/schema\/person\/image\/","url":"https:\/\/secure.gravatar.com\/avatar\/10faa0dd9aaa78e385d2cce4a9955b1d?s=96&d=mm&r=g","contentUrl":"https:\/\/secure.gravatar.com\/avatar\/10faa0dd9aaa78e385d2cce4a9955b1d?s=96&d=mm&r=g","caption":"Cristina Lopes"},"url":"https:\/\/labcom.ubi.pt\/en\/author\/cristina_lopes\/"}]}},"_links":{"self":[{"href":"https:\/\/labcom.ubi.pt\/en\/wp-json\/wp\/v2\/posts\/35335","targetHints":{"allow":["GET"]}}],"collection":[{"href":"https:\/\/labcom.ubi.pt\/en\/wp-json\/wp\/v2\/posts"}],"about":[{"href":"https:\/\/labcom.ubi.pt\/en\/wp-json\/wp\/v2\/types\/post"}],"author":[{"embeddable":true,"href":"https:\/\/labcom.ubi.pt\/en\/wp-json\/wp\/v2\/users\/3"}],"replies":[{"embeddable":true,"href":"https:\/\/labcom.ubi.pt\/en\/wp-json\/wp\/v2\/comments?post=35335"}],"version-history":[{"count":1,"href":"https:\/\/labcom.ubi.pt\/en\/wp-json\/wp\/v2\/posts\/35335\/revisions"}],"predecessor-version":[{"id":35337,"href":"https:\/\/labcom.ubi.pt\/en\/wp-json\/wp\/v2\/posts\/35335\/revisions\/35337"}],"wp:featuredmedia":[{"embeddable":true,"href":"https:\/\/labcom.ubi.pt\/en\/wp-json\/wp\/v2\/media\/35336"}],"wp:attachment":[{"href":"https:\/\/labcom.ubi.pt\/en\/wp-json\/wp\/v2\/media?parent=35335"}],"wp:term":[{"taxonomy":"category","embeddable":true,"href":"https:\/\/labcom.ubi.pt\/en\/wp-json\/wp\/v2\/categories?post=35335"},{"taxonomy":"post_tag","embeddable":true,"href":"https:\/\/labcom.ubi.pt\/en\/wp-json\/wp\/v2\/tags?post=35335"}],"curies":[{"name":"wp","href":"https:\/\/api.w.org\/{rel}","templated":true}]}}