{"id":34032,"date":"2024-03-06T12:00:01","date_gmt":"2024-03-06T12:00:01","guid":{"rendered":"https:\/\/labcom.ubi.pt\/?p=34032"},"modified":"2025-04-22T11:22:46","modified_gmt":"2025-04-22T11:22:46","slug":"laboratorio-de-investigacao-e-criacao-partilhada-em-cinema-e-outras-imagens-em-movimento","status":"publish","type":"post","link":"https:\/\/labcom.ubi.pt\/en\/laboratorio-de-investigacao-e-criacao-partilhada-em-cinema-e-outras-imagens-em-movimento\/","title":{"rendered":"AfectaLab &#8211; Investiga\u00e7\u00e3o e Cria\u00e7\u00e3o Partilhada em Cinema e Multim\u00e9dia"},"content":{"rendered":"<p><a href=\"https:\/\/labcom.ubi.pt\/arts-research-and-shared-creation-lab\/\">Access content in English.<\/a><\/p>\n<p>O AfectaLab &#8211; Investiga\u00e7\u00e3o e Cria\u00e7\u00e3o Partilhada em Cinema e Multim\u00e9dia \u00e9 uma das a\u00e7\u00f5es do projeto de Renata Ferraz, contemplado pelo Pr\u00e9mio de Emprego Cient\u00edfico Individual da FCT. O objetivo \u00e9 criar espa\u00e7os de di\u00e1logo entre artistas-investigadoras e investigadores de diferentes Universidades de Portugal e de outros pa\u00edses, em torno da Investiga\u00e7\u00e3o em Cinema e Outras Imagens em Movimento. O Laborat\u00f3rio \u00e9 um espa\u00e7o de discuss\u00e3o e produ\u00e7\u00e3o de trabalhos art\u00edsticos e textos cient\u00edficos pelas pessoas que dele fazem parte. Al\u00e9m de servir como rede de acompanhamento de projetos individuais, \u00e9 um espa\u00e7o de gesta\u00e7\u00e3o de projetos coletivos em torno da ideia de Cria\u00e7\u00e3o Partilhada e outras formas n\u00e3o can\u00f3nicas de criar-investigar em Artes. Porque tem um car\u00e1ter transdisciplinar, o Laborat\u00f3rio prop\u00f5e uma pr\u00e1tica que desafia as din\u00e2micas de poder, d\u00e1 prioridade \u00e0 inclus\u00e3o e \u00e0 diversidade de pensamento e dos seus processos criativos. Sem se fechar nele pr\u00f3prio, o Laborat\u00f3rio disponibiliza as produ\u00e7\u00f5es para a comunidade, facilitando a comunica\u00e7\u00e3o de processos e resultados, al\u00e9m de desenhar projetos em conjunto com ela.<\/p>\n<p><strong>Nota biogr\u00e1fica:<\/strong><\/p>\n<p>Investigadora-cineasta-atriz. Renata Ferraz \u00e9 doutorada em Artes (Performativas e da Imagem em Movimento) pela Universidade de Lisboa. \u00c9 mestre em Arte Multim\u00e9dia \u2013 Audiovisual (FBAUL) e licenciada em Artes do Espet\u00e1culo (Instituto de Artes \u2013 UNESP). Ao considerar teoria e pr\u00e1tica como vertentes equivalentes nos processos de cria\u00e7\u00e3o-investiga\u00e7\u00e3o, faz filmes e investiga nas \u00e1reas de Cria\u00e7\u00e3o Partilhada em Cinema e Media Artes. Atualmente \u00e9 investigadora integrada no Labcom \u2013 Comunica\u00e7\u00e3o e Arte (Universidade da Beira Interior) e colaboradora do CIEBA \u2013 Centro de Investiga\u00e7\u00e3o em Belas Artes, (Universidade de Lisboa). Enquanto desenvolve o argumento do seu pr\u00f3ximo filme, parte da sua investiga\u00e7\u00e3o, segue a trajet\u00f3ria da sua primeira longa- metragem, Rua dos Anjos (Rising Sun Blues), premiado no Ann Arbor Film Festival, Queer Porto e indicado para o Youth Award em Sheffield DocFest.<\/p>\n<p><b>ATIVIDADES\u00a0<\/b><\/p>\n<p><b>CICLO 1<\/b><\/p>\n<p>PARTICIPANTES<\/p>\n<p>Silvia Wichan<br \/>\nRodrigo Menck<br \/>\nRenata Ferraz<br \/>\nM. Parra<br \/>\nMarcela van Riemsdijk<br \/>\nLuis Frias<br \/>\nLuis Antonio Rosa<br \/>\nL\u00edgia Ferraz<br \/>\nJo\u00e3o Sardinha<br \/>\nFran Casas-Cordero<br \/>\nCyibele Mendes<br \/>\nCristina Cavalcanti<br \/>\nCarolina Ramos<br \/>\nCamilo Cavalcante<br \/>\nAlexia Sera<\/p>\n<p>PROJETOS ACOMPANHADOS<\/p>\n<p><b>My Favorite Things<\/b><br \/>\n<i>Tratamento F\u00edlmico<\/i><br \/>\nLuis Rosa &#8211; Marcela van Riemsdijk<br \/>\nApoio: M. Parra<\/p>\n<p><b>Litoficar\u00a0<\/b><br \/>\n<i>Experimento F\u00edlmico<\/i><br \/>\nCria\u00e7\u00e3o: Alex Sera &#8211; Cybelle Mendes<br \/>\nApoio: Silvia Wichan<\/p>\n<p><b>&#8220;La Teta Asustada&#8221; e &#8220;Lina de Lima&#8221;: canto e ag\u00eancia desde a fronteira<\/b><br \/>\n<i>Artigo Cient\u00edfico<\/i><br \/>\nL\u00edgia Ferraz &#8211; Fran Casas-Cordero<\/p>\n<p><b>Por uma escrita partilhada #1\u00a0<\/b><br \/>\n<b>Um artigo partilhado: an\u00e1lise figural e comparada entre Rua dos Anjos, As L\u00e1grimas Amargas de Petra von Kant e Paris, Texas<\/b><br \/>\n<i>Artigo Cient\u00edfico<\/i><br \/>\nRenata Ferraz &#8211; L\u00edgia Ferraz<br \/>\nApoio: Lu\u00eds Rosa e Cristina Cavalcanti<\/p>\n<p><b>Laborat\u00f3rio de Investiga\u00e7\u00e3o e Cria\u00e7\u00e3o Partilhada<\/b><br \/>\n<i>Artigo para a Revista Cris\u00e1lida<\/i><br \/>\nCarolina Ramos &#8211; Marcela van Riemsdijk<\/p>\n<p>&nbsp;<\/p>\n<p><b>CICLO 2<\/b><\/p>\n<p>PARTICIPANTES<\/p>\n<p>Rodrigo Menck<br \/>\nRenata Ferraz<br \/>\nPaulo Carvalho<br \/>\nMatilde Dias<br \/>\nMarcela van Riemsdijk<br \/>\nM. Parra<br \/>\nLuis Frias<br \/>\nLuis Antonio Rosa<br \/>\nLuanda Francine<br \/>\nLuana Lobato<br \/>\nL\u00edgia Ferraz<br \/>\nJo\u00e3o Sardinha<br \/>\nIzabelle Monteiro<br \/>\nCybelle Mendes<br \/>\nCristina Cavalcante<br \/>\nCarolina Ramos<br \/>\nCamilo Cavalcanti<\/p>\n<p>&nbsp;<\/p>\n<p>PROJETOS ACOMPANHADOS (EM ANDAMENTO)<\/p>\n<p><b>Vultos Im\u00f3veis<\/b><br \/>\n<i>Experimento fotogr\u00e1fico-liter\u00e1rio<\/i><br \/>\nRodrigo Menck &#8211; Paulo Carvalho<\/p>\n<p><b>Intrusa[s]<\/b><br \/>\n<i>Experimento F\u00edlmico<\/i><br \/>\nCristina Cavalcante &#8211; Matilde Dias<\/p>\n<p><b>Por uma escrita partilhada #2<\/b><br \/>\n<i>Artigo Cient\u00edfico<\/i><br \/>\nRenata Ferraz &#8211; Paulo Carvalho<\/p>\n<p><b>Panorama Anacr\u00f3nico da Necropol\u00edtica<\/b><br \/>\n<i>Instala\u00e7\u00e3o Multim\u00e9dia<\/i><br \/>\nCamilo Cavalcante. Colabora\u00e7\u00e3o: Carolina Ramos, Cybelle Mendes, Luanda Francine, Cristina Cavalcanti, Lu\u00eds Frias, Jo\u00e3o Sardinha.<\/p>\n<p>&nbsp;<\/p>\n<p><b>EVENTS<\/b><\/p>\n<p>ORGANIZA\u00c7\u00c3O:<\/p>\n<p><b>1\u00b0 Encontro Internacional de Cria\u00e7\u00e3o Partilhada\u00a0<\/b><br \/>\n<b>Outubro de 2024<\/b><br \/>\nUniversity of Beira Interior and Online<\/p>\n<p>PARTICIPA\u00c7\u00c3O:<\/p>\n<p><b>Na Boca do Povo<\/b><br \/>\n<b>Setembro de 2024<\/b><br \/>\nCasa do Povo do Paul<\/p>\n<p><b>NECS &#8211; European Network for Cinema and Media Studies \/\u00a0<\/b><br \/>\n<b>Junho de 2024<\/b><br \/>\n\u0130zmir University<br \/>\n<a href=\"https:\/\/necs.org\/conference\/2024\/izmir\">https:\/\/necs.org\/conference\/2024\/izmir<\/a><\/p>\n<p><b>XIII Congresso Internacional da AIM\u00a0<\/b><br \/>\n<b>Maio de 2024<\/b><br \/>\nEscola Superior Art\u00edstica do Porto <b>\u00a0<\/b><br \/>\n<a href=\"https:\/\/aim.org.pt\/?p=meeting&amp;sp=cfp\">https:\/\/aim.org.pt\/?p=meeting&amp;sp=cfp<\/a><\/p>\n<p><b>The International Exploratory Workshop\u00a0<\/b><br \/>\n<b>Maio de 2024<\/b><br \/>\nUniversitatea de Vest din Timi\u0219oara <b>\u00a0<\/b><\/p>\n<p><b>Re-Unita Workshops \/<\/b> <b>Abril de 2024<\/b><br \/>\nUniversidade da Beira Interior<br \/>\n<a href=\"https:\/\/www.ubi.pt\/Evento\/12178\">https:\/\/www.ubi.pt\/Evento\/12178<\/a><\/p>\n<p><b>Dia Internacional das Mulheres e Raparigas na Ci\u00eancia \/Fevereiro de 2024<\/b><br \/>\nUniversidade da Beira Interior<br \/>\n<a href=\"https:\/\/www.ubi.pt\/Noticia\/7714\">https:\/\/www.ubi.pt\/Noticia\/7714<\/a><\/p>\n<p><b>Universidade Zero\u00a0<\/b><br \/>\n<b>Fevereiro de 2024<\/b><br \/>\nFCSH Universidade Nova de Lisboa<br \/>\n<a href=\"https:\/\/www.fcsh.unl.pt\/eventos\/universidade-zero-simposio-interuniversitario-cinema-e-pedagogia\/\">https:\/\/www.fcsh.unl.pt\/eventos\/universidade-zero-simposio-interuniversitario-cinema-e-pedagogia\/<\/a><\/p>\n<p><b>Os Cantos das Mulheres: Resist\u00eancia e Re-Exist\u00eancia<\/b><br \/>\n<b>Mar\u00e7o de 2023<\/b><br \/>\nCoolabora, interven\u00e7\u00e3o social<br \/>\n<a href=\"https:\/\/urbietorbi.ubi.pt\/renata-ferraz-procura-mulheres-que-queiram-cantar\/\">https:\/\/urbietorbi.ubi.pt\/renata-ferraz-procura-mulheres-que-queiram-cantar\/<\/a><\/p>","protected":false},"excerpt":{"rendered":"<p>Access content in English. O AfectaLab &#8211; Investiga\u00e7\u00e3o e Cria\u00e7\u00e3o Partilhada em Cinema e Multim\u00e9dia \u00e9 uma das a\u00e7\u00f5es do projeto de Renata Ferraz, contemplado&hellip;<\/p>","protected":false},"author":6,"featured_media":35280,"comment_status":"closed","ping_status":"open","sticky":false,"template":"","format":"standard","meta":{"_acf_changed":false,"footnotes":""},"categories":[21,72,58],"tags":[],"class_list":["post-34032","post","type-post","status-publish","format-standard","has-post-thumbnail","hentry","category-evento","category-evento-2024","category-evento-sem-site"],"acf":[],"yoast_head":"<!-- This site is optimized with the Yoast SEO plugin v23.1 - https:\/\/yoast.com\/wordpress\/plugins\/seo\/ -->\n<title>AfectaLab - Investiga\u00e7\u00e3o e Cria\u00e7\u00e3o Partilhada em Cinema e Multim\u00e9dia<\/title>\n<meta name=\"robots\" content=\"index, follow, max-snippet:-1, max-image-preview:large, max-video-preview:-1\" \/>\n<link rel=\"canonical\" href=\"https:\/\/labcom.ubi.pt\/en\/laboratorio-de-investigacao-e-criacao-partilhada-em-cinema-e-outras-imagens-em-movimento\/\" \/>\n<meta property=\"og:locale\" content=\"en_US\" \/>\n<meta property=\"og:type\" content=\"article\" \/>\n<meta property=\"og:title\" content=\"AfectaLab - Investiga\u00e7\u00e3o e Cria\u00e7\u00e3o Partilhada em Cinema e Multim\u00e9dia\" \/>\n<meta property=\"og:description\" content=\"Access content in English. O AfectaLab &#8211; Investiga\u00e7\u00e3o e Cria\u00e7\u00e3o Partilhada em Cinema e Multim\u00e9dia \u00e9 uma das a\u00e7\u00f5es do projeto de Renata Ferraz, contemplado&hellip;\" \/>\n<meta property=\"og:url\" content=\"https:\/\/labcom.ubi.pt\/en\/laboratorio-de-investigacao-e-criacao-partilhada-em-cinema-e-outras-imagens-em-movimento\/\" \/>\n<meta property=\"og:site_name\" content=\"LabCom - Laborat\u00f3rio de Comunica\u00e7\u00e3o\" \/>\n<meta property=\"article:publisher\" content=\"https:\/\/www.facebook.com\/labcom.ubi.pt\/\" \/>\n<meta property=\"article:published_time\" content=\"2024-03-06T12:00:01+00:00\" \/>\n<meta property=\"article:modified_time\" content=\"2025-04-22T11:22:46+00:00\" \/>\n<meta property=\"og:image\" content=\"https:\/\/labcom.ubi.pt\/wp-content\/uploads\/2023\/06\/LabCCbannerLabCom.jpg\" \/>\n\t<meta property=\"og:image:width\" content=\"850\" \/>\n\t<meta property=\"og:image:height\" content=\"1200\" \/>\n\t<meta property=\"og:image:type\" content=\"image\/jpeg\" \/>\n<meta name=\"author\" content=\"Miguel Manteigueiro\" \/>\n<meta name=\"twitter:card\" content=\"summary_large_image\" \/>\n<meta name=\"twitter:label1\" content=\"Written by\" \/>\n\t<meta name=\"twitter:data1\" content=\"Miguel Manteigueiro\" \/>\n\t<meta name=\"twitter:label2\" content=\"Est. reading time\" \/>\n\t<meta name=\"twitter:data2\" content=\"4 minutes\" \/>\n<script type=\"application\/ld+json\" class=\"yoast-schema-graph\">{\"@context\":\"https:\/\/schema.org\",\"@graph\":[{\"@type\":\"Article\",\"@id\":\"https:\/\/labcom.ubi.pt\/laboratorio-de-investigacao-e-criacao-partilhada-em-cinema-e-outras-imagens-em-movimento\/#article\",\"isPartOf\":{\"@id\":\"https:\/\/labcom.ubi.pt\/laboratorio-de-investigacao-e-criacao-partilhada-em-cinema-e-outras-imagens-em-movimento\/\"},\"author\":{\"name\":\"Miguel Manteigueiro\",\"@id\":\"https:\/\/labcom.ubi.pt\/#\/schema\/person\/740932980315d1312ac43e94bab103c4\"},\"headline\":\"AfectaLab &#8211; Investiga\u00e7\u00e3o e Cria\u00e7\u00e3o Partilhada em Cinema e Multim\u00e9dia\",\"datePublished\":\"2024-03-06T12:00:01+00:00\",\"dateModified\":\"2025-04-22T11:22:46+00:00\",\"mainEntityOfPage\":{\"@id\":\"https:\/\/labcom.ubi.pt\/laboratorio-de-investigacao-e-criacao-partilhada-em-cinema-e-outras-imagens-em-movimento\/\"},\"wordCount\":773,\"publisher\":{\"@id\":\"https:\/\/labcom.ubi.pt\/#organization\"},\"image\":{\"@id\":\"https:\/\/labcom.ubi.pt\/laboratorio-de-investigacao-e-criacao-partilhada-em-cinema-e-outras-imagens-em-movimento\/#primaryimage\"},\"thumbnailUrl\":\"https:\/\/labcom.ubi.pt\/wp-content\/uploads\/2023\/06\/LabCCbannerLabCom.jpg\",\"articleSection\":[\"Evento\",\"Evento - 2024\",\"Evento sem Site\"],\"inLanguage\":\"en-US\"},{\"@type\":\"WebPage\",\"@id\":\"https:\/\/labcom.ubi.pt\/laboratorio-de-investigacao-e-criacao-partilhada-em-cinema-e-outras-imagens-em-movimento\/\",\"url\":\"https:\/\/labcom.ubi.pt\/laboratorio-de-investigacao-e-criacao-partilhada-em-cinema-e-outras-imagens-em-movimento\/\",\"name\":\"AfectaLab - Investiga\u00e7\u00e3o e Cria\u00e7\u00e3o Partilhada em Cinema e Multim\u00e9dia\",\"isPartOf\":{\"@id\":\"https:\/\/labcom.ubi.pt\/#website\"},\"primaryImageOfPage\":{\"@id\":\"https:\/\/labcom.ubi.pt\/laboratorio-de-investigacao-e-criacao-partilhada-em-cinema-e-outras-imagens-em-movimento\/#primaryimage\"},\"image\":{\"@id\":\"https:\/\/labcom.ubi.pt\/laboratorio-de-investigacao-e-criacao-partilhada-em-cinema-e-outras-imagens-em-movimento\/#primaryimage\"},\"thumbnailUrl\":\"https:\/\/labcom.ubi.pt\/wp-content\/uploads\/2023\/06\/LabCCbannerLabCom.jpg\",\"datePublished\":\"2024-03-06T12:00:01+00:00\",\"dateModified\":\"2025-04-22T11:22:46+00:00\",\"breadcrumb\":{\"@id\":\"https:\/\/labcom.ubi.pt\/laboratorio-de-investigacao-e-criacao-partilhada-em-cinema-e-outras-imagens-em-movimento\/#breadcrumb\"},\"inLanguage\":\"en-US\",\"potentialAction\":[{\"@type\":\"ReadAction\",\"target\":[\"https:\/\/labcom.ubi.pt\/laboratorio-de-investigacao-e-criacao-partilhada-em-cinema-e-outras-imagens-em-movimento\/\"]}]},{\"@type\":\"ImageObject\",\"inLanguage\":\"en-US\",\"@id\":\"https:\/\/labcom.ubi.pt\/laboratorio-de-investigacao-e-criacao-partilhada-em-cinema-e-outras-imagens-em-movimento\/#primaryimage\",\"url\":\"https:\/\/labcom.ubi.pt\/wp-content\/uploads\/2023\/06\/LabCCbannerLabCom.jpg\",\"contentUrl\":\"https:\/\/labcom.ubi.pt\/wp-content\/uploads\/2023\/06\/LabCCbannerLabCom.jpg\",\"width\":850,\"height\":1200},{\"@type\":\"BreadcrumbList\",\"@id\":\"https:\/\/labcom.ubi.pt\/laboratorio-de-investigacao-e-criacao-partilhada-em-cinema-e-outras-imagens-em-movimento\/#breadcrumb\",\"itemListElement\":[{\"@type\":\"ListItem\",\"position\":1,\"name\":\"In\u00edcio\",\"item\":\"https:\/\/labcom.ubi.pt\/\"},{\"@type\":\"ListItem\",\"position\":2,\"name\":\"AfectaLab &#8211; Investiga\u00e7\u00e3o e Cria\u00e7\u00e3o Partilhada em Cinema e Multim\u00e9dia\"}]},{\"@type\":\"WebSite\",\"@id\":\"https:\/\/labcom.ubi.pt\/#website\",\"url\":\"https:\/\/labcom.ubi.pt\/\",\"name\":\"LabCom - Laborat\u00f3rio de Comunica\u00e7\u00e3o\",\"description\":\"Unidade de Investiga\u00e7\u00e3o Cient\u00edfica da Faculdade de Artes e Letras da Universidade da Beira Interior\",\"publisher\":{\"@id\":\"https:\/\/labcom.ubi.pt\/#organization\"},\"potentialAction\":[{\"@type\":\"SearchAction\",\"target\":{\"@type\":\"EntryPoint\",\"urlTemplate\":\"https:\/\/labcom.ubi.pt\/?s={search_term_string}\"},\"query-input\":\"required name=search_term_string\"}],\"inLanguage\":\"en-US\"},{\"@type\":\"Organization\",\"@id\":\"https:\/\/labcom.ubi.pt\/#organization\",\"name\":\"LabCom - Comunica\u00e7\u00e3o e Artes\",\"url\":\"https:\/\/labcom.ubi.pt\/\",\"logo\":{\"@type\":\"ImageObject\",\"inLanguage\":\"en-US\",\"@id\":\"https:\/\/labcom.ubi.pt\/#\/schema\/logo\/image\/\",\"url\":\"https:\/\/labcom.ubi.pt\/wp-content\/uploads\/2021\/05\/LabCom_logo-1.png\",\"contentUrl\":\"https:\/\/labcom.ubi.pt\/wp-content\/uploads\/2021\/05\/LabCom_logo-1.png\",\"width\":1920,\"height\":573,\"caption\":\"LabCom - Comunica\u00e7\u00e3o e Artes\"},\"image\":{\"@id\":\"https:\/\/labcom.ubi.pt\/#\/schema\/logo\/image\/\"},\"sameAs\":[\"https:\/\/www.facebook.com\/labcom.ubi.pt\/\",\"https:\/\/www.instagram.com\/labcom_ubi\/\"]},{\"@type\":\"Person\",\"@id\":\"https:\/\/labcom.ubi.pt\/#\/schema\/person\/740932980315d1312ac43e94bab103c4\",\"name\":\"Miguel Manteigueiro\",\"image\":{\"@type\":\"ImageObject\",\"inLanguage\":\"en-US\",\"@id\":\"https:\/\/labcom.ubi.pt\/#\/schema\/person\/image\/\",\"url\":\"https:\/\/secure.gravatar.com\/avatar\/1156be82ae5c8ae7aebcc0091e0ac8c6?s=96&d=mm&r=g\",\"contentUrl\":\"https:\/\/secure.gravatar.com\/avatar\/1156be82ae5c8ae7aebcc0091e0ac8c6?s=96&d=mm&r=g\",\"caption\":\"Miguel Manteigueiro\"},\"url\":\"https:\/\/labcom.ubi.pt\/en\/author\/manteigueiro\/\"}]}<\/script>\n<!-- \/ Yoast SEO plugin. -->","yoast_head_json":{"title":"AfectaLab - Investiga\u00e7\u00e3o e Cria\u00e7\u00e3o Partilhada em Cinema e Multim\u00e9dia","robots":{"index":"index","follow":"follow","max-snippet":"max-snippet:-1","max-image-preview":"max-image-preview:large","max-video-preview":"max-video-preview:-1"},"canonical":"https:\/\/labcom.ubi.pt\/en\/laboratorio-de-investigacao-e-criacao-partilhada-em-cinema-e-outras-imagens-em-movimento\/","og_locale":"en_US","og_type":"article","og_title":"AfectaLab - Investiga\u00e7\u00e3o e Cria\u00e7\u00e3o Partilhada em Cinema e Multim\u00e9dia","og_description":"Access content in English. O AfectaLab &#8211; Investiga\u00e7\u00e3o e Cria\u00e7\u00e3o Partilhada em Cinema e Multim\u00e9dia \u00e9 uma das a\u00e7\u00f5es do projeto de Renata Ferraz, contemplado&hellip;","og_url":"https:\/\/labcom.ubi.pt\/en\/laboratorio-de-investigacao-e-criacao-partilhada-em-cinema-e-outras-imagens-em-movimento\/","og_site_name":"LabCom - Laborat\u00f3rio de Comunica\u00e7\u00e3o","article_publisher":"https:\/\/www.facebook.com\/labcom.ubi.pt\/","article_published_time":"2024-03-06T12:00:01+00:00","article_modified_time":"2025-04-22T11:22:46+00:00","og_image":[{"width":850,"height":1200,"url":"https:\/\/labcom.ubi.pt\/wp-content\/uploads\/2023\/06\/LabCCbannerLabCom.jpg","type":"image\/jpeg"}],"author":"Miguel Manteigueiro","twitter_card":"summary_large_image","twitter_misc":{"Written by":"Miguel Manteigueiro","Est. reading time":"4 minutes"},"schema":{"@context":"https:\/\/schema.org","@graph":[{"@type":"Article","@id":"https:\/\/labcom.ubi.pt\/laboratorio-de-investigacao-e-criacao-partilhada-em-cinema-e-outras-imagens-em-movimento\/#article","isPartOf":{"@id":"https:\/\/labcom.ubi.pt\/laboratorio-de-investigacao-e-criacao-partilhada-em-cinema-e-outras-imagens-em-movimento\/"},"author":{"name":"Miguel Manteigueiro","@id":"https:\/\/labcom.ubi.pt\/#\/schema\/person\/740932980315d1312ac43e94bab103c4"},"headline":"AfectaLab &#8211; Investiga\u00e7\u00e3o e Cria\u00e7\u00e3o Partilhada em Cinema e Multim\u00e9dia","datePublished":"2024-03-06T12:00:01+00:00","dateModified":"2025-04-22T11:22:46+00:00","mainEntityOfPage":{"@id":"https:\/\/labcom.ubi.pt\/laboratorio-de-investigacao-e-criacao-partilhada-em-cinema-e-outras-imagens-em-movimento\/"},"wordCount":773,"publisher":{"@id":"https:\/\/labcom.ubi.pt\/#organization"},"image":{"@id":"https:\/\/labcom.ubi.pt\/laboratorio-de-investigacao-e-criacao-partilhada-em-cinema-e-outras-imagens-em-movimento\/#primaryimage"},"thumbnailUrl":"https:\/\/labcom.ubi.pt\/wp-content\/uploads\/2023\/06\/LabCCbannerLabCom.jpg","articleSection":["Evento","Evento - 2024","Evento sem Site"],"inLanguage":"en-US"},{"@type":"WebPage","@id":"https:\/\/labcom.ubi.pt\/laboratorio-de-investigacao-e-criacao-partilhada-em-cinema-e-outras-imagens-em-movimento\/","url":"https:\/\/labcom.ubi.pt\/laboratorio-de-investigacao-e-criacao-partilhada-em-cinema-e-outras-imagens-em-movimento\/","name":"AfectaLab - Investiga\u00e7\u00e3o e Cria\u00e7\u00e3o Partilhada em Cinema e Multim\u00e9dia","isPartOf":{"@id":"https:\/\/labcom.ubi.pt\/#website"},"primaryImageOfPage":{"@id":"https:\/\/labcom.ubi.pt\/laboratorio-de-investigacao-e-criacao-partilhada-em-cinema-e-outras-imagens-em-movimento\/#primaryimage"},"image":{"@id":"https:\/\/labcom.ubi.pt\/laboratorio-de-investigacao-e-criacao-partilhada-em-cinema-e-outras-imagens-em-movimento\/#primaryimage"},"thumbnailUrl":"https:\/\/labcom.ubi.pt\/wp-content\/uploads\/2023\/06\/LabCCbannerLabCom.jpg","datePublished":"2024-03-06T12:00:01+00:00","dateModified":"2025-04-22T11:22:46+00:00","breadcrumb":{"@id":"https:\/\/labcom.ubi.pt\/laboratorio-de-investigacao-e-criacao-partilhada-em-cinema-e-outras-imagens-em-movimento\/#breadcrumb"},"inLanguage":"en-US","potentialAction":[{"@type":"ReadAction","target":["https:\/\/labcom.ubi.pt\/laboratorio-de-investigacao-e-criacao-partilhada-em-cinema-e-outras-imagens-em-movimento\/"]}]},{"@type":"ImageObject","inLanguage":"en-US","@id":"https:\/\/labcom.ubi.pt\/laboratorio-de-investigacao-e-criacao-partilhada-em-cinema-e-outras-imagens-em-movimento\/#primaryimage","url":"https:\/\/labcom.ubi.pt\/wp-content\/uploads\/2023\/06\/LabCCbannerLabCom.jpg","contentUrl":"https:\/\/labcom.ubi.pt\/wp-content\/uploads\/2023\/06\/LabCCbannerLabCom.jpg","width":850,"height":1200},{"@type":"BreadcrumbList","@id":"https:\/\/labcom.ubi.pt\/laboratorio-de-investigacao-e-criacao-partilhada-em-cinema-e-outras-imagens-em-movimento\/#breadcrumb","itemListElement":[{"@type":"ListItem","position":1,"name":"In\u00edcio","item":"https:\/\/labcom.ubi.pt\/"},{"@type":"ListItem","position":2,"name":"AfectaLab &#8211; Investiga\u00e7\u00e3o e Cria\u00e7\u00e3o Partilhada em Cinema e Multim\u00e9dia"}]},{"@type":"WebSite","@id":"https:\/\/labcom.ubi.pt\/#website","url":"https:\/\/labcom.ubi.pt\/","name":"LabCom - Laborat\u00f3rio de Comunica\u00e7\u00e3o","description":"Unidade de Investiga\u00e7\u00e3o Cient\u00edfica da Faculdade de Artes e Letras da Universidade da Beira Interior","publisher":{"@id":"https:\/\/labcom.ubi.pt\/#organization"},"potentialAction":[{"@type":"SearchAction","target":{"@type":"EntryPoint","urlTemplate":"https:\/\/labcom.ubi.pt\/?s={search_term_string}"},"query-input":"required name=search_term_string"}],"inLanguage":"en-US"},{"@type":"Organization","@id":"https:\/\/labcom.ubi.pt\/#organization","name":"LabCom - Comunica\u00e7\u00e3o e Artes","url":"https:\/\/labcom.ubi.pt\/","logo":{"@type":"ImageObject","inLanguage":"en-US","@id":"https:\/\/labcom.ubi.pt\/#\/schema\/logo\/image\/","url":"https:\/\/labcom.ubi.pt\/wp-content\/uploads\/2021\/05\/LabCom_logo-1.png","contentUrl":"https:\/\/labcom.ubi.pt\/wp-content\/uploads\/2021\/05\/LabCom_logo-1.png","width":1920,"height":573,"caption":"LabCom - Comunica\u00e7\u00e3o e Artes"},"image":{"@id":"https:\/\/labcom.ubi.pt\/#\/schema\/logo\/image\/"},"sameAs":["https:\/\/www.facebook.com\/labcom.ubi.pt\/","https:\/\/www.instagram.com\/labcom_ubi\/"]},{"@type":"Person","@id":"https:\/\/labcom.ubi.pt\/#\/schema\/person\/740932980315d1312ac43e94bab103c4","name":"Miguel Manteigueiro","image":{"@type":"ImageObject","inLanguage":"en-US","@id":"https:\/\/labcom.ubi.pt\/#\/schema\/person\/image\/","url":"https:\/\/secure.gravatar.com\/avatar\/1156be82ae5c8ae7aebcc0091e0ac8c6?s=96&d=mm&r=g","contentUrl":"https:\/\/secure.gravatar.com\/avatar\/1156be82ae5c8ae7aebcc0091e0ac8c6?s=96&d=mm&r=g","caption":"Miguel Manteigueiro"},"url":"https:\/\/labcom.ubi.pt\/en\/author\/manteigueiro\/"}]}},"_links":{"self":[{"href":"https:\/\/labcom.ubi.pt\/en\/wp-json\/wp\/v2\/posts\/34032","targetHints":{"allow":["GET"]}}],"collection":[{"href":"https:\/\/labcom.ubi.pt\/en\/wp-json\/wp\/v2\/posts"}],"about":[{"href":"https:\/\/labcom.ubi.pt\/en\/wp-json\/wp\/v2\/types\/post"}],"author":[{"embeddable":true,"href":"https:\/\/labcom.ubi.pt\/en\/wp-json\/wp\/v2\/users\/6"}],"replies":[{"embeddable":true,"href":"https:\/\/labcom.ubi.pt\/en\/wp-json\/wp\/v2\/comments?post=34032"}],"version-history":[{"count":2,"href":"https:\/\/labcom.ubi.pt\/en\/wp-json\/wp\/v2\/posts\/34032\/revisions"}],"predecessor-version":[{"id":36807,"href":"https:\/\/labcom.ubi.pt\/en\/wp-json\/wp\/v2\/posts\/34032\/revisions\/36807"}],"wp:featuredmedia":[{"embeddable":true,"href":"https:\/\/labcom.ubi.pt\/en\/wp-json\/wp\/v2\/media\/35280"}],"wp:attachment":[{"href":"https:\/\/labcom.ubi.pt\/en\/wp-json\/wp\/v2\/media?parent=34032"}],"wp:term":[{"taxonomy":"category","embeddable":true,"href":"https:\/\/labcom.ubi.pt\/en\/wp-json\/wp\/v2\/categories?post=34032"},{"taxonomy":"post_tag","embeddable":true,"href":"https:\/\/labcom.ubi.pt\/en\/wp-json\/wp\/v2\/tags?post=34032"}],"curies":[{"name":"wp","href":"https:\/\/api.w.org\/{rel}","templated":true}]}}