{"id":32951,"date":"2023-02-10T14:06:30","date_gmt":"2023-02-10T14:06:30","guid":{"rendered":"https:\/\/labcom.ubi.pt\/?p=32951"},"modified":"2023-02-10T14:22:15","modified_gmt":"2023-02-10T14:22:15","slug":"news-deserts-europe-2022-portugal-report","status":"publish","type":"post","link":"https:\/\/labcom.ubi.pt\/en\/news-deserts-europe-2022-portugal-report\/","title":{"rendered":"NEWS DESERTS EUROPE 2022: PORTUGAL REPORT"},"content":{"rendered":"<p>More than half of the Portuguese municipalities are news deserts or are on the verge of becoming so. Out of the 308 existing municipalities, 166 (53.9%) are news deserts or semi-deserts or at risk of becoming one. These are municipalities in a red flag situation regarding news coverage.<\/p>\n<p>Over a quarter of Portugal\u2019s municipalities are in some type of news desert, which means they don\u2019t have frequent or satisfactory news coverage. Out of the 308 municipalities, 78 (25.3%) are in some type of news desert, that is, they do not have media outlets based in the municipality that create local news or the ones they have, have insufficient news coverage. Out of these 78 municipalities, 54 (17.5%) are in a total news desert, which means that they don\u2019t have any media outlets producing news about these territories, and 24 (7.8%) are in semi-desert status, that is, they only have less frequent or not satisfactory news coverage. It should also be noted that 88 (28.6%) are at risk of entering into the status of news desert, as they have only one media outlet with regular news coverage.<\/p>\n<p>\u201cFor three months and referring to the data available in the ERC database on May 31, 2022, we tried to determine which municipalities have media, which do not or which are in an alert situation. A process that involved dozens of searches and contacts, in addition to the collaboration of multiple entities, journalists and other citizens, whom we thank in advance. In summary, we have tried to present the most accurate information about each municipality in this report. We hope that it will help to better understand the media scenario in Portugal and perhaps it can serve as support for the definition of public policies for the sector. Because the spaces left empty by journalism are quickly occupied by other realities, less or even not at all committed to the search for truth, ethics, and deontology. Perhaps that is why the European Commission is so concerned about the possible growth of these gaps and with them misinformation. From this perspective, this report is also an initial contribution to the study of &amp;#39;news deserts&amp;#39; in Europe&amp;quot;, reads in the introduction of the study.<\/p>\n<p>The bilingual report is the result of a MediaTrust.Lab study. Thus, Portugal is the first European country to study \u201cnews deserts\u201d, following what has been done in the US since 2016 and in Brazil since 2017.<\/p>\n<p>This study had the collaboration of the Aveiro Media Competence Center.<\/p>\n<p><strong>See Portuguese version:<\/strong> <a href=\"https:\/\/labcom.ubi.pt\/desertos-de-noticias-europa-2022-relatorio-de-portugal\/\">https:\/\/labcom.ubi.pt\/desertos-de-noticias-europa-2022-relatorio-de-portugal\/<\/a><\/p>","protected":false},"excerpt":{"rendered":"<p>The bilingual report is the result of a MediaTrust.Lab study. Thus, Portugal is the first European country to study \u201cnews deserts\u201d, following what has been done in the US since 2016 and in Brazil since 2017.<\/p>","protected":false},"author":2,"featured_media":32954,"comment_status":"closed","ping_status":"open","sticky":false,"template":"","format":"standard","meta":{"_acf_changed":false,"footnotes":""},"categories":[54,10,59],"tags":[],"class_list":["post-32951","post","type-post","status-publish","format-standard","has-post-thumbnail","hentry","category-novas-publicacoes-site-novo","category-publicacao","category-relatorio"],"acf":[],"yoast_head":"<!-- This site is optimized with the Yoast SEO plugin v23.1 - https:\/\/yoast.com\/wordpress\/plugins\/seo\/ -->\n<title>NEWS DESERTS EUROPE 2022: PORTUGAL REPORT - LabCom - Laborat\u00f3rio de Comunica\u00e7\u00e3o<\/title>\n<meta name=\"robots\" content=\"index, follow, max-snippet:-1, max-image-preview:large, max-video-preview:-1\" \/>\n<link rel=\"canonical\" href=\"https:\/\/labcom.ubi.pt\/en\/news-deserts-europe-2022-portugal-report\/\" \/>\n<meta property=\"og:locale\" content=\"en_US\" \/>\n<meta property=\"og:type\" content=\"article\" \/>\n<meta property=\"og:title\" content=\"NEWS DESERTS EUROPE 2022: PORTUGAL REPORT - LabCom - Laborat\u00f3rio de Comunica\u00e7\u00e3o\" \/>\n<meta property=\"og:description\" content=\"The bilingual report is the result of a MediaTrust.Lab study. Thus, Portugal is the first European country to study \u201cnews deserts\u201d, following what has been done in the US since 2016 and in Brazil since 2017.\" \/>\n<meta property=\"og:url\" content=\"https:\/\/labcom.ubi.pt\/en\/news-deserts-europe-2022-portugal-report\/\" \/>\n<meta property=\"og:site_name\" content=\"LabCom - Laborat\u00f3rio de Comunica\u00e7\u00e3o\" \/>\n<meta property=\"article:publisher\" content=\"https:\/\/www.facebook.com\/labcom.ubi.pt\/\" \/>\n<meta property=\"article:published_time\" content=\"2023-02-10T14:06:30+00:00\" \/>\n<meta property=\"article:modified_time\" content=\"2023-02-10T14:22:15+00:00\" \/>\n<meta property=\"og:image\" content=\"https:\/\/labcom.ubi.pt\/wp-content\/uploads\/2023\/02\/Captura-de-ecra\u0303-2023-02-10-a\u0300s-14.06.01.png\" \/>\n\t<meta property=\"og:image:width\" content=\"1218\" \/>\n\t<meta property=\"og:image:height\" content=\"1728\" \/>\n\t<meta property=\"og:image:type\" content=\"image\/png\" \/>\n<meta name=\"author\" content=\"Beatriz Botelho\" \/>\n<meta name=\"twitter:card\" content=\"summary_large_image\" \/>\n<meta name=\"twitter:label1\" content=\"Written by\" \/>\n\t<meta name=\"twitter:data1\" content=\"Beatriz Botelho\" \/>\n\t<meta name=\"twitter:label2\" content=\"Est. reading time\" \/>\n\t<meta name=\"twitter:data2\" content=\"2 minutes\" \/>\n<script type=\"application\/ld+json\" class=\"yoast-schema-graph\">{\"@context\":\"https:\/\/schema.org\",\"@graph\":[{\"@type\":\"Article\",\"@id\":\"https:\/\/labcom.ubi.pt\/news-deserts-europe-2022-portugal-report\/#article\",\"isPartOf\":{\"@id\":\"https:\/\/labcom.ubi.pt\/news-deserts-europe-2022-portugal-report\/\"},\"author\":{\"name\":\"Beatriz Botelho\",\"@id\":\"https:\/\/labcom.ubi.pt\/#\/schema\/person\/617550ce7f64e8a2ca3fdeb37ae2d25a\"},\"headline\":\"NEWS DESERTS EUROPE 2022: PORTUGAL REPORT\",\"datePublished\":\"2023-02-10T14:06:30+00:00\",\"dateModified\":\"2023-02-10T14:22:15+00:00\",\"mainEntityOfPage\":{\"@id\":\"https:\/\/labcom.ubi.pt\/news-deserts-europe-2022-portugal-report\/\"},\"wordCount\":420,\"publisher\":{\"@id\":\"https:\/\/labcom.ubi.pt\/#organization\"},\"image\":{\"@id\":\"https:\/\/labcom.ubi.pt\/news-deserts-europe-2022-portugal-report\/#primaryimage\"},\"thumbnailUrl\":\"https:\/\/labcom.ubi.pt\/wp-content\/uploads\/2023\/02\/Captura-de-ecra\u0303-2023-02-10-a\u0300s-14.06.01.png\",\"articleSection\":[\"Novas Publica\u00e7\u00f5es - Site Novo\",\"Publica\u00e7\u00e3o\",\"Relat\u00f3rio\"],\"inLanguage\":\"en-US\"},{\"@type\":\"WebPage\",\"@id\":\"https:\/\/labcom.ubi.pt\/news-deserts-europe-2022-portugal-report\/\",\"url\":\"https:\/\/labcom.ubi.pt\/news-deserts-europe-2022-portugal-report\/\",\"name\":\"NEWS DESERTS EUROPE 2022: PORTUGAL REPORT - LabCom - Laborat\u00f3rio de Comunica\u00e7\u00e3o\",\"isPartOf\":{\"@id\":\"https:\/\/labcom.ubi.pt\/#website\"},\"primaryImageOfPage\":{\"@id\":\"https:\/\/labcom.ubi.pt\/news-deserts-europe-2022-portugal-report\/#primaryimage\"},\"image\":{\"@id\":\"https:\/\/labcom.ubi.pt\/news-deserts-europe-2022-portugal-report\/#primaryimage\"},\"thumbnailUrl\":\"https:\/\/labcom.ubi.pt\/wp-content\/uploads\/2023\/02\/Captura-de-ecra\u0303-2023-02-10-a\u0300s-14.06.01.png\",\"datePublished\":\"2023-02-10T14:06:30+00:00\",\"dateModified\":\"2023-02-10T14:22:15+00:00\",\"breadcrumb\":{\"@id\":\"https:\/\/labcom.ubi.pt\/news-deserts-europe-2022-portugal-report\/#breadcrumb\"},\"inLanguage\":\"en-US\",\"potentialAction\":[{\"@type\":\"ReadAction\",\"target\":[\"https:\/\/labcom.ubi.pt\/news-deserts-europe-2022-portugal-report\/\"]}]},{\"@type\":\"ImageObject\",\"inLanguage\":\"en-US\",\"@id\":\"https:\/\/labcom.ubi.pt\/news-deserts-europe-2022-portugal-report\/#primaryimage\",\"url\":\"https:\/\/labcom.ubi.pt\/wp-content\/uploads\/2023\/02\/Captura-de-ecra\u0303-2023-02-10-a\u0300s-14.06.01.png\",\"contentUrl\":\"https:\/\/labcom.ubi.pt\/wp-content\/uploads\/2023\/02\/Captura-de-ecra\u0303-2023-02-10-a\u0300s-14.06.01.png\",\"width\":1218,\"height\":1728,\"caption\":\"NEWS DESERTS EUROPE 2022: PORTUGAL REPORT\"},{\"@type\":\"BreadcrumbList\",\"@id\":\"https:\/\/labcom.ubi.pt\/news-deserts-europe-2022-portugal-report\/#breadcrumb\",\"itemListElement\":[{\"@type\":\"ListItem\",\"position\":1,\"name\":\"In\u00edcio\",\"item\":\"https:\/\/labcom.ubi.pt\/\"},{\"@type\":\"ListItem\",\"position\":2,\"name\":\"NEWS DESERTS EUROPE 2022: PORTUGAL REPORT\"}]},{\"@type\":\"WebSite\",\"@id\":\"https:\/\/labcom.ubi.pt\/#website\",\"url\":\"https:\/\/labcom.ubi.pt\/\",\"name\":\"LabCom - Laborat\u00f3rio de Comunica\u00e7\u00e3o\",\"description\":\"Unidade de Investiga\u00e7\u00e3o Cient\u00edfica da Faculdade de Artes e Letras da Universidade da Beira Interior\",\"publisher\":{\"@id\":\"https:\/\/labcom.ubi.pt\/#organization\"},\"potentialAction\":[{\"@type\":\"SearchAction\",\"target\":{\"@type\":\"EntryPoint\",\"urlTemplate\":\"https:\/\/labcom.ubi.pt\/?s={search_term_string}\"},\"query-input\":\"required name=search_term_string\"}],\"inLanguage\":\"en-US\"},{\"@type\":\"Organization\",\"@id\":\"https:\/\/labcom.ubi.pt\/#organization\",\"name\":\"LabCom - Comunica\u00e7\u00e3o e Artes\",\"url\":\"https:\/\/labcom.ubi.pt\/\",\"logo\":{\"@type\":\"ImageObject\",\"inLanguage\":\"en-US\",\"@id\":\"https:\/\/labcom.ubi.pt\/#\/schema\/logo\/image\/\",\"url\":\"https:\/\/labcom.ubi.pt\/wp-content\/uploads\/2021\/05\/LabCom_logo-1.png\",\"contentUrl\":\"https:\/\/labcom.ubi.pt\/wp-content\/uploads\/2021\/05\/LabCom_logo-1.png\",\"width\":1920,\"height\":573,\"caption\":\"LabCom - Comunica\u00e7\u00e3o e Artes\"},\"image\":{\"@id\":\"https:\/\/labcom.ubi.pt\/#\/schema\/logo\/image\/\"},\"sameAs\":[\"https:\/\/www.facebook.com\/labcom.ubi.pt\/\",\"https:\/\/www.instagram.com\/labcom_ubi\/\"]},{\"@type\":\"Person\",\"@id\":\"https:\/\/labcom.ubi.pt\/#\/schema\/person\/617550ce7f64e8a2ca3fdeb37ae2d25a\",\"name\":\"Beatriz Botelho\",\"image\":{\"@type\":\"ImageObject\",\"inLanguage\":\"en-US\",\"@id\":\"https:\/\/labcom.ubi.pt\/#\/schema\/person\/image\/\",\"url\":\"https:\/\/secure.gravatar.com\/avatar\/605b66aaba7800f944c8f15a1c6fa7dd?s=96&d=mm&r=g\",\"contentUrl\":\"https:\/\/secure.gravatar.com\/avatar\/605b66aaba7800f944c8f15a1c6fa7dd?s=96&d=mm&r=g\",\"caption\":\"Beatriz Botelho\"},\"url\":\"https:\/\/labcom.ubi.pt\/en\/author\/beatriz\/\"}]}<\/script>\n<!-- \/ Yoast SEO plugin. -->","yoast_head_json":{"title":"NEWS DESERTS EUROPE 2022: PORTUGAL REPORT - LabCom - Laborat\u00f3rio de Comunica\u00e7\u00e3o","robots":{"index":"index","follow":"follow","max-snippet":"max-snippet:-1","max-image-preview":"max-image-preview:large","max-video-preview":"max-video-preview:-1"},"canonical":"https:\/\/labcom.ubi.pt\/en\/news-deserts-europe-2022-portugal-report\/","og_locale":"en_US","og_type":"article","og_title":"NEWS DESERTS EUROPE 2022: PORTUGAL REPORT - LabCom - Laborat\u00f3rio de Comunica\u00e7\u00e3o","og_description":"The bilingual report is the result of a MediaTrust.Lab study. Thus, Portugal is the first European country to study \u201cnews deserts\u201d, following what has been done in the US since 2016 and in Brazil since 2017.","og_url":"https:\/\/labcom.ubi.pt\/en\/news-deserts-europe-2022-portugal-report\/","og_site_name":"LabCom - Laborat\u00f3rio de Comunica\u00e7\u00e3o","article_publisher":"https:\/\/www.facebook.com\/labcom.ubi.pt\/","article_published_time":"2023-02-10T14:06:30+00:00","article_modified_time":"2023-02-10T14:22:15+00:00","og_image":[{"width":1218,"height":1728,"url":"https:\/\/labcom.ubi.pt\/wp-content\/uploads\/2023\/02\/Captura-de-ecra\u0303-2023-02-10-a\u0300s-14.06.01.png","type":"image\/png"}],"author":"Beatriz Botelho","twitter_card":"summary_large_image","twitter_misc":{"Written by":"Beatriz Botelho","Est. reading time":"2 minutes"},"schema":{"@context":"https:\/\/schema.org","@graph":[{"@type":"Article","@id":"https:\/\/labcom.ubi.pt\/news-deserts-europe-2022-portugal-report\/#article","isPartOf":{"@id":"https:\/\/labcom.ubi.pt\/news-deserts-europe-2022-portugal-report\/"},"author":{"name":"Beatriz Botelho","@id":"https:\/\/labcom.ubi.pt\/#\/schema\/person\/617550ce7f64e8a2ca3fdeb37ae2d25a"},"headline":"NEWS DESERTS EUROPE 2022: PORTUGAL REPORT","datePublished":"2023-02-10T14:06:30+00:00","dateModified":"2023-02-10T14:22:15+00:00","mainEntityOfPage":{"@id":"https:\/\/labcom.ubi.pt\/news-deserts-europe-2022-portugal-report\/"},"wordCount":420,"publisher":{"@id":"https:\/\/labcom.ubi.pt\/#organization"},"image":{"@id":"https:\/\/labcom.ubi.pt\/news-deserts-europe-2022-portugal-report\/#primaryimage"},"thumbnailUrl":"https:\/\/labcom.ubi.pt\/wp-content\/uploads\/2023\/02\/Captura-de-ecra\u0303-2023-02-10-a\u0300s-14.06.01.png","articleSection":["Novas Publica\u00e7\u00f5es - Site Novo","Publica\u00e7\u00e3o","Relat\u00f3rio"],"inLanguage":"en-US"},{"@type":"WebPage","@id":"https:\/\/labcom.ubi.pt\/news-deserts-europe-2022-portugal-report\/","url":"https:\/\/labcom.ubi.pt\/news-deserts-europe-2022-portugal-report\/","name":"NEWS DESERTS EUROPE 2022: PORTUGAL REPORT - LabCom - Laborat\u00f3rio de Comunica\u00e7\u00e3o","isPartOf":{"@id":"https:\/\/labcom.ubi.pt\/#website"},"primaryImageOfPage":{"@id":"https:\/\/labcom.ubi.pt\/news-deserts-europe-2022-portugal-report\/#primaryimage"},"image":{"@id":"https:\/\/labcom.ubi.pt\/news-deserts-europe-2022-portugal-report\/#primaryimage"},"thumbnailUrl":"https:\/\/labcom.ubi.pt\/wp-content\/uploads\/2023\/02\/Captura-de-ecra\u0303-2023-02-10-a\u0300s-14.06.01.png","datePublished":"2023-02-10T14:06:30+00:00","dateModified":"2023-02-10T14:22:15+00:00","breadcrumb":{"@id":"https:\/\/labcom.ubi.pt\/news-deserts-europe-2022-portugal-report\/#breadcrumb"},"inLanguage":"en-US","potentialAction":[{"@type":"ReadAction","target":["https:\/\/labcom.ubi.pt\/news-deserts-europe-2022-portugal-report\/"]}]},{"@type":"ImageObject","inLanguage":"en-US","@id":"https:\/\/labcom.ubi.pt\/news-deserts-europe-2022-portugal-report\/#primaryimage","url":"https:\/\/labcom.ubi.pt\/wp-content\/uploads\/2023\/02\/Captura-de-ecra\u0303-2023-02-10-a\u0300s-14.06.01.png","contentUrl":"https:\/\/labcom.ubi.pt\/wp-content\/uploads\/2023\/02\/Captura-de-ecra\u0303-2023-02-10-a\u0300s-14.06.01.png","width":1218,"height":1728,"caption":"NEWS DESERTS EUROPE 2022: PORTUGAL REPORT"},{"@type":"BreadcrumbList","@id":"https:\/\/labcom.ubi.pt\/news-deserts-europe-2022-portugal-report\/#breadcrumb","itemListElement":[{"@type":"ListItem","position":1,"name":"In\u00edcio","item":"https:\/\/labcom.ubi.pt\/"},{"@type":"ListItem","position":2,"name":"NEWS DESERTS EUROPE 2022: PORTUGAL REPORT"}]},{"@type":"WebSite","@id":"https:\/\/labcom.ubi.pt\/#website","url":"https:\/\/labcom.ubi.pt\/","name":"LabCom - Laborat\u00f3rio de Comunica\u00e7\u00e3o","description":"Unidade de Investiga\u00e7\u00e3o Cient\u00edfica da Faculdade de Artes e Letras da Universidade da Beira Interior","publisher":{"@id":"https:\/\/labcom.ubi.pt\/#organization"},"potentialAction":[{"@type":"SearchAction","target":{"@type":"EntryPoint","urlTemplate":"https:\/\/labcom.ubi.pt\/?s={search_term_string}"},"query-input":"required name=search_term_string"}],"inLanguage":"en-US"},{"@type":"Organization","@id":"https:\/\/labcom.ubi.pt\/#organization","name":"LabCom - Comunica\u00e7\u00e3o e Artes","url":"https:\/\/labcom.ubi.pt\/","logo":{"@type":"ImageObject","inLanguage":"en-US","@id":"https:\/\/labcom.ubi.pt\/#\/schema\/logo\/image\/","url":"https:\/\/labcom.ubi.pt\/wp-content\/uploads\/2021\/05\/LabCom_logo-1.png","contentUrl":"https:\/\/labcom.ubi.pt\/wp-content\/uploads\/2021\/05\/LabCom_logo-1.png","width":1920,"height":573,"caption":"LabCom - Comunica\u00e7\u00e3o e Artes"},"image":{"@id":"https:\/\/labcom.ubi.pt\/#\/schema\/logo\/image\/"},"sameAs":["https:\/\/www.facebook.com\/labcom.ubi.pt\/","https:\/\/www.instagram.com\/labcom_ubi\/"]},{"@type":"Person","@id":"https:\/\/labcom.ubi.pt\/#\/schema\/person\/617550ce7f64e8a2ca3fdeb37ae2d25a","name":"Beatriz Botelho","image":{"@type":"ImageObject","inLanguage":"en-US","@id":"https:\/\/labcom.ubi.pt\/#\/schema\/person\/image\/","url":"https:\/\/secure.gravatar.com\/avatar\/605b66aaba7800f944c8f15a1c6fa7dd?s=96&d=mm&r=g","contentUrl":"https:\/\/secure.gravatar.com\/avatar\/605b66aaba7800f944c8f15a1c6fa7dd?s=96&d=mm&r=g","caption":"Beatriz Botelho"},"url":"https:\/\/labcom.ubi.pt\/en\/author\/beatriz\/"}]}},"_links":{"self":[{"href":"https:\/\/labcom.ubi.pt\/en\/wp-json\/wp\/v2\/posts\/32951","targetHints":{"allow":["GET"]}}],"collection":[{"href":"https:\/\/labcom.ubi.pt\/en\/wp-json\/wp\/v2\/posts"}],"about":[{"href":"https:\/\/labcom.ubi.pt\/en\/wp-json\/wp\/v2\/types\/post"}],"author":[{"embeddable":true,"href":"https:\/\/labcom.ubi.pt\/en\/wp-json\/wp\/v2\/users\/2"}],"replies":[{"embeddable":true,"href":"https:\/\/labcom.ubi.pt\/en\/wp-json\/wp\/v2\/comments?post=32951"}],"version-history":[{"count":0,"href":"https:\/\/labcom.ubi.pt\/en\/wp-json\/wp\/v2\/posts\/32951\/revisions"}],"wp:featuredmedia":[{"embeddable":true,"href":"https:\/\/labcom.ubi.pt\/en\/wp-json\/wp\/v2\/media\/32954"}],"wp:attachment":[{"href":"https:\/\/labcom.ubi.pt\/en\/wp-json\/wp\/v2\/media?parent=32951"}],"wp:term":[{"taxonomy":"category","embeddable":true,"href":"https:\/\/labcom.ubi.pt\/en\/wp-json\/wp\/v2\/categories?post=32951"},{"taxonomy":"post_tag","embeddable":true,"href":"https:\/\/labcom.ubi.pt\/en\/wp-json\/wp\/v2\/tags?post=32951"}],"curies":[{"name":"wp","href":"https:\/\/api.w.org\/{rel}","templated":true}]}}