{"id":32006,"date":"2022-12-28T14:07:14","date_gmt":"2022-12-28T14:07:14","guid":{"rendered":"https:\/\/labcom.ubi.pt\/?p=32006"},"modified":"2022-12-13T14:16:51","modified_gmt":"2022-12-13T14:16:51","slug":"atribuicao-de-bolsa-de-investigacao-na-area-de-informatica","status":"publish","type":"post","link":"https:\/\/labcom.ubi.pt\/en\/atribuicao-de-bolsa-de-investigacao-na-area-de-informatica\/","title":{"rendered":"ATRIBUI\u00c7\u00c3O de BOLSA de INVESTIGA\u00c7\u00c3O na \u00e1rea de Inform\u00e1tica"},"content":{"rendered":"<p>Encontra-se aberto concurso para a atribui\u00e7\u00e3o de 1 Bolsa de Investiga\u00e7\u00e3o (BI) na \u00e1rea de Inform\u00e1tica, no \u00e2mbito da UI&amp;amp;D \u2013 LabCom-Comunica\u00e7\u00e3o e Artes (UIDB\/00661\/2020), financiado por Contrato-Programa com a FCT (verbas OE), a decorrer na mesma Unidade de Investiga\u00e7\u00e3o, da Universidade da Beira Interior, nas seguintes condi\u00e7\u00f5es:<\/p>\n<p>1. \u00c1rea Cient\u00edfica: Engenharia Inform\u00e1tica ou Inform\u00e1tica.<br \/>\n2. Objetivo da atividade &#8211; Administra\u00e7\u00e3o dos sistemas de informa\u00e7\u00e3o da Unidade, desenvolvimento de pr\u00e1ticas, estrat\u00e9gias e conte\u00fados digitais.<br \/>\n3. Requisitos de admiss\u00e3o: &#8211; Ser titular do Grau de Licenciado em Engenharia Inform\u00e1tica ou Inform\u00e1tica, preferencialmente com compet\u00eancias na \u00e1rea do desenvolvimento Web para Design responsivo (destinado a dispositivos m\u00f3veis);<\/p>\n<p>&#8211; Ter conhecimentos de administra\u00e7\u00e3o de sistemas de informa\u00e7\u00e3o.- Possuir conhecimentos em:<br \/>\n* Cria\u00e7\u00e3o de plataformas web, m\u00f3veis, gest\u00e3o de conte\u00fados e streaming;<br \/>\n* Linguagens de programa\u00e7\u00e3o (HTML5, CSS\/CSS3, PHP, MYSQL, Javascript, JQuery, AJAX), bem como outras linguagens de desenvolvimento web;<br \/>\n* Desenvolvimento de aplica\u00e7\u00f5es Android (Java ou Kotlin e XML);<br \/>\n* Desenvolvimento de FrontEnd e BackEnd;<br \/>\n* Responsive Webdesign para Mobile e Tablet;<br \/>\n* Framework .NET 4.0;<br \/>\n* Gest\u00e3o de dom\u00ednios e alojamentos (usando CPanel);<br \/>\n* Desenvolvimento de sites em WordPress (conhecimentos em Joomla e Bootstrap), \u00e9 condi\u00e7\u00e3o preferencial.<br \/>\n&#8211; Ser estudante inscrito num ciclo de estudos conducente ao grau de Mestre, ou inscrito num<br \/>\ncurso n\u00e3o conferente de grau acad\u00e9mico;<br \/>\nCaso o grau acad\u00e9mico requerido para este concurso tenha sido conferido por institui\u00e7\u00e3o de<br \/>\nensino superior estrangeira dever-se-\u00e1 obedecer ao constante do Decreto-Lei 66\/2018, de 16 de<br \/>\nagosto\u00a0e da Portaria n.\u00ba 33\/2019, de 25 de janeiro.<\/p>\n<p>4. Plano de trabalho:<br \/>\n1. Organiza\u00e7\u00e3o e execu\u00e7\u00e3o de atividades inscritas no plano de atividades da Unidade.<br \/>\n2. Administra\u00e7\u00e3o dos sistemas de informa\u00e7\u00e3o da Unidade, desenvolvimento de pr\u00e1ticas, estrat\u00e9gias e conte\u00fados digitais. As pr\u00e1ticas, estrat\u00e9gias e conte\u00fados digitais incluir\u00e3o:<br \/>\na) O desenvolvimento de plataformas digitais para computadores, laptops e dispositivos m\u00f3veis;<br \/>\nb) Explora\u00e7\u00e3o de novas linguagens para reportagem multim\u00e9dia;<br \/>\nc) Desenvolver conte\u00fados digitais espec\u00edficos para novos p\u00fablicos.<br \/>\n3. Apoio \u00e0 elabora\u00e7\u00e3o de relat\u00f3rios e desenvolvimento de produ\u00e7\u00e3o cient\u00edfica na \u00e1rea.<br \/>\n4. Presen\u00e7a di\u00e1ria com hor\u00e1rio definido nas instala\u00e7\u00f5es do Centro na Universidade da Beira Interior.<br \/>\n5. Legisla\u00e7\u00e3o e regulamenta\u00e7\u00e3o aplic\u00e1vel:<\/p>\n<p>Estatuto do Bolseiro de Investiga\u00e7\u00e3o Cient\u00edfica, aprovado pela Lei n\u00ba 40\/2004, de 18 de agosto, na sua redac\u00e7\u00e3o em vigor (alterada pelo Decreto-Lei n\u00ba 123\/2019, de 28 de agosto);<\/p>\n<p>Regulamento de Bolsas de Investiga\u00e7\u00e3o da Funda\u00e7\u00e3o para a Ci\u00eancia e Tecnologia em vigor (Reg. n\u00ba950\/2019);<\/p>\n<p>Regulamento de Bolsas de Investiga\u00e7\u00e3o da Universidade da Beira Interior (RBIUBI) (Regulamento n\u00ba 100\/2020).<\/p>\n<p>Link:<a href=\"https:\/\/www.fct.pt\/apoios\/bolsas\/regulamento.phtml.pt\"> https:\/\/www.fct.pt\/apoios\/bolsas\/regulamento.phtml.pt<\/a><\/p>\n<p>6. Local de trabalho:<br \/>\nO trabalho ser\u00e1 desenvolvido no LabCom-Comunica\u00e7\u00e3o e Artes, Unidade de Investiga\u00e7\u00e3o da Faculdade de Artes e Letras da Universidade da Beira Interior, sob a coordena\u00e7\u00e3o cient\u00edfica da Professora Doutora Anabela Maria Gradim Alves.<\/p>\n<p>7. Dura\u00e7\u00e3o e regime de atividade <strong>1<\/strong><br \/>\nA bolsa ter\u00e1 a dura\u00e7\u00e3o de 12 meses, com in\u00edcio previsto em dezembro de 2022\/janeiro de 2023.<br \/>\nA atividade decorrer\u00e1 em regime de dedica\u00e7\u00e3o exclusiva, conforme o RGIUBI.<br \/>\nO contrato de bolsa poder\u00e1 ser renovado por um per\u00edodo de 12 meses, n\u00e3o podendo exceder a<br \/>\ndura\u00e7\u00e3o m\u00e1xima do projecto\/contrato-programa <strong>2<\/strong> :<br \/>\n&#8211; a dura\u00e7\u00e3o da bolsa pode ir at\u00e9 2 anos, se o candidato selecionado for estudante de mestrado;<\/p>\n<p><strong>1<\/strong> De acordo com os artigos 5\u00ba, 6\u00ba e 7\u00ba do RBIUBI.<br \/>\n<strong>2<\/strong> De acordo com n\u00ba 4 do artigo 6\u00ba do RBIUBI.<\/p>\n<p>&#8211; a dura\u00e7\u00e3o da bolsa ter\u00e1 a dura\u00e7\u00e3o m\u00e1xima de 1 ano, no caso de ser selecionado um licenciado<br \/>\ninscrito em curso n\u00e3o conferente de grau acad\u00e9mico.<\/p>\n<p>8. Condi\u00e7\u00f5es financeiras da Bolsa<br \/>\nSubs\u00eddio mensal de manuten\u00e7\u00e3o de acordo com o Anexo I do Regulamento de Bolsas de Investiga\u00e7\u00e3o da UBI, no valor de \u20ac 875,98. A este valor acresce o seguro social volunt\u00e1rio, caso o candidato opte pela sua atribui\u00e7\u00e3o, bem como o seguro de acidentes pessoais.<br \/>\nLink da Tabela de valores das bolsas: <a href=\"https:\/\/www.fct.pt\/apoios\/bolsas\/valores\">https:\/\/www.fct.pt\/apoios\/bolsas\/valores<\/a><\/p>\n<p>9. Crit\u00e9rios de Avalia\u00e7\u00e3o e Sele\u00e7\u00e3o: <strong>3<\/strong><br \/>\nOs m\u00e9todos de sele\u00e7\u00e3o a utilizar baseiam-se nos seguintes par\u00e2metros: o m\u00e9rito e produ\u00e7\u00e3o cient\u00edfica, a adequa\u00e7\u00e3o entre o perfil dos candidatos e as atividades a desenvolver, a motiva\u00e7\u00e3o e a experi\u00eancia relevante para o projeto (experi\u00eancia comprovada atrav\u00e9s de portf\u00f3lio e outros documentos nas ferramentas, linguagens e tecnologias adequadas e referidas nos requisitos de admiss\u00e3o), participa\u00e7\u00e3o em projetos de investiga\u00e7\u00e3o e forma\u00e7\u00e3o. A avalia\u00e7\u00e3o destes itens ser\u00e1 feita documentalmente e por entrevista. A nota final resultar\u00e1 em: pondera\u00e7\u00e3o curricular=70%; entrevista=30%.<\/p>\n<p>10. Composi\u00e7\u00e3o do J\u00fari de Sele\u00e7\u00e3o:<\/p>\n<p>Presidente:<\/p>\n<p>Doutora Anabela Maria Gradim Alves, Professora Associada da Universidade da Beira Interior;<\/p>\n<p>Vogais efetivos:<br \/>\nDoutor Pedro Ricardo Morais In\u00e1cio, Professor Associado da Universidade da Beira Interior;<br \/>\nDoutora Gisela Marques Pereira Gon\u00e7alves, Professora Auxiliar da Universidade da beira Interior;<\/p>\n<p>Vogais suplentes:<br \/>\nDoutor Jos\u00e9 Ricardo Pinto Carvalheiro, Professor Auxiliar da Universidade da Beira Interior;<br \/>\nDoutora Catarina Isabel Gr\u00e1cio de Moura, Professora Auxiliar da Universidade da Beira Interior.<\/p>\n<p><strong>3<\/strong> De acordo com o artigo 12\u00ba do RBIUBI.<\/p>\n<p>11. Forma de publicita\u00e7\u00e3o\/notifica\u00e7\u00e3o dos resultados:<br \/>\nOs resultados finais da avalia\u00e7\u00e3o ser\u00e3o publicitados atrav\u00e9s de lista ordenada, por nota final obtida, afixada em local vis\u00edvel e p\u00fablico da Faculdade de Artes e Letras da Universidade da Beira Interior. Todos os candidatos ser\u00e3o notificados atrav\u00e9s de correio eletr\u00f3nico, podendo os mesmos usar o direito de audi\u00eancia de interessados, nos termos previstos no C\u00f3digo do Procedimento Administrativo.<\/p>\n<p>12. Documentos de Candidatura: <strong>4<\/strong><br \/>\n1. Comprovativo de matr\u00edcula numa Institui\u00e7\u00e3o de Ensino Superior em ciclo de estudos conferente de grau acad\u00e9mico para bolsas BI ou,<br \/>\n2. Comprovativo de inscri\u00e7\u00e3o em ciclo de estudos n\u00e3o conferente de grau acad\u00e9mico para bolsas de BI (pode em fase de candidatura ser substitu\u00eddo por declara\u00e7\u00e3o sob compromisso de honra (cf. modelo dispon\u00edvel));<br \/>\n3. Documentos comprovativos da titularidade de graus acad\u00e9micos e diplomas (podem em fase de candidatura ser substitu\u00eddos por declara\u00e7\u00e3o de compromisso de honra (cf. modelo dispon\u00edvel));<br \/>\n4. Curriculum Vitae detalhado; Caso o grau acad\u00e9mico tenha sido conferido por institui\u00e7\u00e3o de ensino superior estrangeira dever-se-\u00e1 obedecer ao constante no Decreto-Lei 66\/2018, de 16 de agosto e da Portaria n.\u00ba 33\/2019, de 25 de janeiro.<\/p>\n<p>13. Prazo e rece\u00e7\u00e3o de candidaturas<br \/>\nO concurso encontra-se aberto no per\u00edodo de 15 de dezembro at\u00e9 \u00e0s 24:00 do dia 28 de dezembro de 2022. As candidaturas dever\u00e3o ser dirigidas \u00e0 Doutora Anabela Maria Gradim Alves, Coordenadora da UI&amp;amp;D LabCom-Comunica\u00e7\u00e3o e Artes, para o e-mail: <a href=\"mailto:anabela.gradim@labcom.ubi.pt\">anabela.gradim@labcom.ubi.pt<\/a>, <a href=\"mailto:agradim@gmail.com\">agradim@gmail.com<\/a> e <a href=\"mailto:mercia@ubi.pt\">mercia@ubi.pt<\/a>.<\/p>","protected":false},"excerpt":{"rendered":"<p>Candidaturas abertas entre 15 de dezembro de 2022 e 28 de dezembro de 2022.<\/p>","protected":false},"author":2,"featured_media":32009,"comment_status":"open","ping_status":"open","sticky":false,"template":"","format":"standard","meta":{"_acf_changed":false,"footnotes":""},"categories":[44,21,51,58],"tags":[],"class_list":["post-32006","post","type-post","status-publish","format-standard","has-post-thumbnail","hentry","category-bolsas","category-evento","category-evento-2022","category-evento-sem-site"],"acf":[],"yoast_head":"<!-- This site is optimized with the Yoast SEO plugin v23.1 - https:\/\/yoast.com\/wordpress\/plugins\/seo\/ -->\n<title>ATRIBUI\u00c7\u00c3O de BOLSA de INVESTIGA\u00c7\u00c3O na \u00e1rea de Inform\u00e1tica - LabCom - Laborat\u00f3rio de Comunica\u00e7\u00e3o<\/title>\n<meta name=\"robots\" content=\"index, follow, max-snippet:-1, max-image-preview:large, max-video-preview:-1\" \/>\n<link rel=\"canonical\" href=\"https:\/\/labcom.ubi.pt\/en\/atribuicao-de-bolsa-de-investigacao-na-area-de-informatica\/\" \/>\n<meta property=\"og:locale\" content=\"en_US\" \/>\n<meta property=\"og:type\" content=\"article\" \/>\n<meta property=\"og:title\" content=\"ATRIBUI\u00c7\u00c3O de BOLSA de INVESTIGA\u00c7\u00c3O na \u00e1rea de Inform\u00e1tica - LabCom - Laborat\u00f3rio de Comunica\u00e7\u00e3o\" \/>\n<meta property=\"og:description\" content=\"Candidaturas abertas entre 15 de dezembro de 2022 e 28 de dezembro de 2022.\" \/>\n<meta property=\"og:url\" content=\"https:\/\/labcom.ubi.pt\/en\/atribuicao-de-bolsa-de-investigacao-na-area-de-informatica\/\" \/>\n<meta property=\"og:site_name\" content=\"LabCom - Laborat\u00f3rio de Comunica\u00e7\u00e3o\" \/>\n<meta property=\"article:publisher\" content=\"https:\/\/www.facebook.com\/labcom.ubi.pt\/\" \/>\n<meta property=\"article:published_time\" content=\"2022-12-28T14:07:14+00:00\" \/>\n<meta property=\"article:modified_time\" content=\"2022-12-13T14:16:51+00:00\" \/>\n<meta property=\"og:image\" content=\"https:\/\/labcom.ubi.pt\/wp-content\/uploads\/2022\/12\/INFO.png\" \/>\n\t<meta property=\"og:image:width\" content=\"842\" \/>\n\t<meta property=\"og:image:height\" content=\"1176\" \/>\n\t<meta property=\"og:image:type\" content=\"image\/png\" \/>\n<meta name=\"author\" content=\"Beatriz Botelho\" \/>\n<meta name=\"twitter:card\" content=\"summary_large_image\" \/>\n<meta name=\"twitter:label1\" content=\"Written by\" \/>\n\t<meta name=\"twitter:data1\" content=\"Beatriz Botelho\" \/>\n\t<meta name=\"twitter:label2\" content=\"Est. reading time\" \/>\n\t<meta name=\"twitter:data2\" content=\"6 minutes\" \/>\n<script type=\"application\/ld+json\" class=\"yoast-schema-graph\">{\"@context\":\"https:\/\/schema.org\",\"@graph\":[{\"@type\":\"Article\",\"@id\":\"https:\/\/labcom.ubi.pt\/atribuicao-de-bolsa-de-investigacao-na-area-de-informatica\/#article\",\"isPartOf\":{\"@id\":\"https:\/\/labcom.ubi.pt\/atribuicao-de-bolsa-de-investigacao-na-area-de-informatica\/\"},\"author\":{\"name\":\"Beatriz Botelho\",\"@id\":\"https:\/\/labcom.ubi.pt\/#\/schema\/person\/617550ce7f64e8a2ca3fdeb37ae2d25a\"},\"headline\":\"ATRIBUI\u00c7\u00c3O de BOLSA de INVESTIGA\u00c7\u00c3O na \u00e1rea de Inform\u00e1tica\",\"datePublished\":\"2022-12-28T14:07:14+00:00\",\"dateModified\":\"2022-12-13T14:16:51+00:00\",\"mainEntityOfPage\":{\"@id\":\"https:\/\/labcom.ubi.pt\/atribuicao-de-bolsa-de-investigacao-na-area-de-informatica\/\"},\"wordCount\":1164,\"commentCount\":0,\"publisher\":{\"@id\":\"https:\/\/labcom.ubi.pt\/#organization\"},\"image\":{\"@id\":\"https:\/\/labcom.ubi.pt\/atribuicao-de-bolsa-de-investigacao-na-area-de-informatica\/#primaryimage\"},\"thumbnailUrl\":\"https:\/\/labcom.ubi.pt\/wp-content\/uploads\/2022\/12\/INFO.png\",\"articleSection\":[\"Bolsas\",\"Evento\",\"Evento - 2022\",\"Evento sem Site\"],\"inLanguage\":\"en-US\",\"potentialAction\":[{\"@type\":\"CommentAction\",\"name\":\"Comment\",\"target\":[\"https:\/\/labcom.ubi.pt\/atribuicao-de-bolsa-de-investigacao-na-area-de-informatica\/#respond\"]}]},{\"@type\":\"WebPage\",\"@id\":\"https:\/\/labcom.ubi.pt\/atribuicao-de-bolsa-de-investigacao-na-area-de-informatica\/\",\"url\":\"https:\/\/labcom.ubi.pt\/atribuicao-de-bolsa-de-investigacao-na-area-de-informatica\/\",\"name\":\"ATRIBUI\u00c7\u00c3O de BOLSA de INVESTIGA\u00c7\u00c3O na \u00e1rea de Inform\u00e1tica - LabCom - Laborat\u00f3rio de Comunica\u00e7\u00e3o\",\"isPartOf\":{\"@id\":\"https:\/\/labcom.ubi.pt\/#website\"},\"primaryImageOfPage\":{\"@id\":\"https:\/\/labcom.ubi.pt\/atribuicao-de-bolsa-de-investigacao-na-area-de-informatica\/#primaryimage\"},\"image\":{\"@id\":\"https:\/\/labcom.ubi.pt\/atribuicao-de-bolsa-de-investigacao-na-area-de-informatica\/#primaryimage\"},\"thumbnailUrl\":\"https:\/\/labcom.ubi.pt\/wp-content\/uploads\/2022\/12\/INFO.png\",\"datePublished\":\"2022-12-28T14:07:14+00:00\",\"dateModified\":\"2022-12-13T14:16:51+00:00\",\"breadcrumb\":{\"@id\":\"https:\/\/labcom.ubi.pt\/atribuicao-de-bolsa-de-investigacao-na-area-de-informatica\/#breadcrumb\"},\"inLanguage\":\"en-US\",\"potentialAction\":[{\"@type\":\"ReadAction\",\"target\":[\"https:\/\/labcom.ubi.pt\/atribuicao-de-bolsa-de-investigacao-na-area-de-informatica\/\"]}]},{\"@type\":\"ImageObject\",\"inLanguage\":\"en-US\",\"@id\":\"https:\/\/labcom.ubi.pt\/atribuicao-de-bolsa-de-investigacao-na-area-de-informatica\/#primaryimage\",\"url\":\"https:\/\/labcom.ubi.pt\/wp-content\/uploads\/2022\/12\/INFO.png\",\"contentUrl\":\"https:\/\/labcom.ubi.pt\/wp-content\/uploads\/2022\/12\/INFO.png\",\"width\":842,\"height\":1176},{\"@type\":\"BreadcrumbList\",\"@id\":\"https:\/\/labcom.ubi.pt\/atribuicao-de-bolsa-de-investigacao-na-area-de-informatica\/#breadcrumb\",\"itemListElement\":[{\"@type\":\"ListItem\",\"position\":1,\"name\":\"In\u00edcio\",\"item\":\"https:\/\/labcom.ubi.pt\/\"},{\"@type\":\"ListItem\",\"position\":2,\"name\":\"ATRIBUI\u00c7\u00c3O de BOLSA de INVESTIGA\u00c7\u00c3O na \u00e1rea de Inform\u00e1tica\"}]},{\"@type\":\"WebSite\",\"@id\":\"https:\/\/labcom.ubi.pt\/#website\",\"url\":\"https:\/\/labcom.ubi.pt\/\",\"name\":\"LabCom - Laborat\u00f3rio de Comunica\u00e7\u00e3o\",\"description\":\"Unidade de Investiga\u00e7\u00e3o Cient\u00edfica da Faculdade de Artes e Letras da Universidade da Beira Interior\",\"publisher\":{\"@id\":\"https:\/\/labcom.ubi.pt\/#organization\"},\"potentialAction\":[{\"@type\":\"SearchAction\",\"target\":{\"@type\":\"EntryPoint\",\"urlTemplate\":\"https:\/\/labcom.ubi.pt\/?s={search_term_string}\"},\"query-input\":\"required name=search_term_string\"}],\"inLanguage\":\"en-US\"},{\"@type\":\"Organization\",\"@id\":\"https:\/\/labcom.ubi.pt\/#organization\",\"name\":\"LabCom - Comunica\u00e7\u00e3o e Artes\",\"url\":\"https:\/\/labcom.ubi.pt\/\",\"logo\":{\"@type\":\"ImageObject\",\"inLanguage\":\"en-US\",\"@id\":\"https:\/\/labcom.ubi.pt\/#\/schema\/logo\/image\/\",\"url\":\"https:\/\/labcom.ubi.pt\/wp-content\/uploads\/2021\/05\/LabCom_logo-1.png\",\"contentUrl\":\"https:\/\/labcom.ubi.pt\/wp-content\/uploads\/2021\/05\/LabCom_logo-1.png\",\"width\":1920,\"height\":573,\"caption\":\"LabCom - Comunica\u00e7\u00e3o e Artes\"},\"image\":{\"@id\":\"https:\/\/labcom.ubi.pt\/#\/schema\/logo\/image\/\"},\"sameAs\":[\"https:\/\/www.facebook.com\/labcom.ubi.pt\/\",\"https:\/\/www.instagram.com\/labcom_ubi\/\"]},{\"@type\":\"Person\",\"@id\":\"https:\/\/labcom.ubi.pt\/#\/schema\/person\/617550ce7f64e8a2ca3fdeb37ae2d25a\",\"name\":\"Beatriz Botelho\",\"image\":{\"@type\":\"ImageObject\",\"inLanguage\":\"en-US\",\"@id\":\"https:\/\/labcom.ubi.pt\/#\/schema\/person\/image\/\",\"url\":\"https:\/\/secure.gravatar.com\/avatar\/605b66aaba7800f944c8f15a1c6fa7dd?s=96&d=mm&r=g\",\"contentUrl\":\"https:\/\/secure.gravatar.com\/avatar\/605b66aaba7800f944c8f15a1c6fa7dd?s=96&d=mm&r=g\",\"caption\":\"Beatriz Botelho\"},\"url\":\"https:\/\/labcom.ubi.pt\/en\/author\/beatriz\/\"}]}<\/script>\n<!-- \/ Yoast SEO plugin. -->","yoast_head_json":{"title":"ATRIBUI\u00c7\u00c3O de BOLSA de INVESTIGA\u00c7\u00c3O na \u00e1rea de Inform\u00e1tica - LabCom - Laborat\u00f3rio de Comunica\u00e7\u00e3o","robots":{"index":"index","follow":"follow","max-snippet":"max-snippet:-1","max-image-preview":"max-image-preview:large","max-video-preview":"max-video-preview:-1"},"canonical":"https:\/\/labcom.ubi.pt\/en\/atribuicao-de-bolsa-de-investigacao-na-area-de-informatica\/","og_locale":"en_US","og_type":"article","og_title":"ATRIBUI\u00c7\u00c3O de BOLSA de INVESTIGA\u00c7\u00c3O na \u00e1rea de Inform\u00e1tica - LabCom - Laborat\u00f3rio de Comunica\u00e7\u00e3o","og_description":"Candidaturas abertas entre 15 de dezembro de 2022 e 28 de dezembro de 2022.","og_url":"https:\/\/labcom.ubi.pt\/en\/atribuicao-de-bolsa-de-investigacao-na-area-de-informatica\/","og_site_name":"LabCom - Laborat\u00f3rio de Comunica\u00e7\u00e3o","article_publisher":"https:\/\/www.facebook.com\/labcom.ubi.pt\/","article_published_time":"2022-12-28T14:07:14+00:00","article_modified_time":"2022-12-13T14:16:51+00:00","og_image":[{"width":842,"height":1176,"url":"https:\/\/labcom.ubi.pt\/wp-content\/uploads\/2022\/12\/INFO.png","type":"image\/png"}],"author":"Beatriz Botelho","twitter_card":"summary_large_image","twitter_misc":{"Written by":"Beatriz Botelho","Est. reading time":"6 minutes"},"schema":{"@context":"https:\/\/schema.org","@graph":[{"@type":"Article","@id":"https:\/\/labcom.ubi.pt\/atribuicao-de-bolsa-de-investigacao-na-area-de-informatica\/#article","isPartOf":{"@id":"https:\/\/labcom.ubi.pt\/atribuicao-de-bolsa-de-investigacao-na-area-de-informatica\/"},"author":{"name":"Beatriz Botelho","@id":"https:\/\/labcom.ubi.pt\/#\/schema\/person\/617550ce7f64e8a2ca3fdeb37ae2d25a"},"headline":"ATRIBUI\u00c7\u00c3O de BOLSA de INVESTIGA\u00c7\u00c3O na \u00e1rea de Inform\u00e1tica","datePublished":"2022-12-28T14:07:14+00:00","dateModified":"2022-12-13T14:16:51+00:00","mainEntityOfPage":{"@id":"https:\/\/labcom.ubi.pt\/atribuicao-de-bolsa-de-investigacao-na-area-de-informatica\/"},"wordCount":1164,"commentCount":0,"publisher":{"@id":"https:\/\/labcom.ubi.pt\/#organization"},"image":{"@id":"https:\/\/labcom.ubi.pt\/atribuicao-de-bolsa-de-investigacao-na-area-de-informatica\/#primaryimage"},"thumbnailUrl":"https:\/\/labcom.ubi.pt\/wp-content\/uploads\/2022\/12\/INFO.png","articleSection":["Bolsas","Evento","Evento - 2022","Evento sem Site"],"inLanguage":"en-US","potentialAction":[{"@type":"CommentAction","name":"Comment","target":["https:\/\/labcom.ubi.pt\/atribuicao-de-bolsa-de-investigacao-na-area-de-informatica\/#respond"]}]},{"@type":"WebPage","@id":"https:\/\/labcom.ubi.pt\/atribuicao-de-bolsa-de-investigacao-na-area-de-informatica\/","url":"https:\/\/labcom.ubi.pt\/atribuicao-de-bolsa-de-investigacao-na-area-de-informatica\/","name":"ATRIBUI\u00c7\u00c3O de BOLSA de INVESTIGA\u00c7\u00c3O na \u00e1rea de Inform\u00e1tica - LabCom - Laborat\u00f3rio de Comunica\u00e7\u00e3o","isPartOf":{"@id":"https:\/\/labcom.ubi.pt\/#website"},"primaryImageOfPage":{"@id":"https:\/\/labcom.ubi.pt\/atribuicao-de-bolsa-de-investigacao-na-area-de-informatica\/#primaryimage"},"image":{"@id":"https:\/\/labcom.ubi.pt\/atribuicao-de-bolsa-de-investigacao-na-area-de-informatica\/#primaryimage"},"thumbnailUrl":"https:\/\/labcom.ubi.pt\/wp-content\/uploads\/2022\/12\/INFO.png","datePublished":"2022-12-28T14:07:14+00:00","dateModified":"2022-12-13T14:16:51+00:00","breadcrumb":{"@id":"https:\/\/labcom.ubi.pt\/atribuicao-de-bolsa-de-investigacao-na-area-de-informatica\/#breadcrumb"},"inLanguage":"en-US","potentialAction":[{"@type":"ReadAction","target":["https:\/\/labcom.ubi.pt\/atribuicao-de-bolsa-de-investigacao-na-area-de-informatica\/"]}]},{"@type":"ImageObject","inLanguage":"en-US","@id":"https:\/\/labcom.ubi.pt\/atribuicao-de-bolsa-de-investigacao-na-area-de-informatica\/#primaryimage","url":"https:\/\/labcom.ubi.pt\/wp-content\/uploads\/2022\/12\/INFO.png","contentUrl":"https:\/\/labcom.ubi.pt\/wp-content\/uploads\/2022\/12\/INFO.png","width":842,"height":1176},{"@type":"BreadcrumbList","@id":"https:\/\/labcom.ubi.pt\/atribuicao-de-bolsa-de-investigacao-na-area-de-informatica\/#breadcrumb","itemListElement":[{"@type":"ListItem","position":1,"name":"In\u00edcio","item":"https:\/\/labcom.ubi.pt\/"},{"@type":"ListItem","position":2,"name":"ATRIBUI\u00c7\u00c3O de BOLSA de INVESTIGA\u00c7\u00c3O na \u00e1rea de Inform\u00e1tica"}]},{"@type":"WebSite","@id":"https:\/\/labcom.ubi.pt\/#website","url":"https:\/\/labcom.ubi.pt\/","name":"LabCom - Laborat\u00f3rio de Comunica\u00e7\u00e3o","description":"Unidade de Investiga\u00e7\u00e3o Cient\u00edfica da Faculdade de Artes e Letras da Universidade da Beira Interior","publisher":{"@id":"https:\/\/labcom.ubi.pt\/#organization"},"potentialAction":[{"@type":"SearchAction","target":{"@type":"EntryPoint","urlTemplate":"https:\/\/labcom.ubi.pt\/?s={search_term_string}"},"query-input":"required name=search_term_string"}],"inLanguage":"en-US"},{"@type":"Organization","@id":"https:\/\/labcom.ubi.pt\/#organization","name":"LabCom - Comunica\u00e7\u00e3o e Artes","url":"https:\/\/labcom.ubi.pt\/","logo":{"@type":"ImageObject","inLanguage":"en-US","@id":"https:\/\/labcom.ubi.pt\/#\/schema\/logo\/image\/","url":"https:\/\/labcom.ubi.pt\/wp-content\/uploads\/2021\/05\/LabCom_logo-1.png","contentUrl":"https:\/\/labcom.ubi.pt\/wp-content\/uploads\/2021\/05\/LabCom_logo-1.png","width":1920,"height":573,"caption":"LabCom - Comunica\u00e7\u00e3o e Artes"},"image":{"@id":"https:\/\/labcom.ubi.pt\/#\/schema\/logo\/image\/"},"sameAs":["https:\/\/www.facebook.com\/labcom.ubi.pt\/","https:\/\/www.instagram.com\/labcom_ubi\/"]},{"@type":"Person","@id":"https:\/\/labcom.ubi.pt\/#\/schema\/person\/617550ce7f64e8a2ca3fdeb37ae2d25a","name":"Beatriz Botelho","image":{"@type":"ImageObject","inLanguage":"en-US","@id":"https:\/\/labcom.ubi.pt\/#\/schema\/person\/image\/","url":"https:\/\/secure.gravatar.com\/avatar\/605b66aaba7800f944c8f15a1c6fa7dd?s=96&d=mm&r=g","contentUrl":"https:\/\/secure.gravatar.com\/avatar\/605b66aaba7800f944c8f15a1c6fa7dd?s=96&d=mm&r=g","caption":"Beatriz Botelho"},"url":"https:\/\/labcom.ubi.pt\/en\/author\/beatriz\/"}]}},"_links":{"self":[{"href":"https:\/\/labcom.ubi.pt\/en\/wp-json\/wp\/v2\/posts\/32006","targetHints":{"allow":["GET"]}}],"collection":[{"href":"https:\/\/labcom.ubi.pt\/en\/wp-json\/wp\/v2\/posts"}],"about":[{"href":"https:\/\/labcom.ubi.pt\/en\/wp-json\/wp\/v2\/types\/post"}],"author":[{"embeddable":true,"href":"https:\/\/labcom.ubi.pt\/en\/wp-json\/wp\/v2\/users\/2"}],"replies":[{"embeddable":true,"href":"https:\/\/labcom.ubi.pt\/en\/wp-json\/wp\/v2\/comments?post=32006"}],"version-history":[{"count":0,"href":"https:\/\/labcom.ubi.pt\/en\/wp-json\/wp\/v2\/posts\/32006\/revisions"}],"wp:featuredmedia":[{"embeddable":true,"href":"https:\/\/labcom.ubi.pt\/en\/wp-json\/wp\/v2\/media\/32009"}],"wp:attachment":[{"href":"https:\/\/labcom.ubi.pt\/en\/wp-json\/wp\/v2\/media?parent=32006"}],"wp:term":[{"taxonomy":"category","embeddable":true,"href":"https:\/\/labcom.ubi.pt\/en\/wp-json\/wp\/v2\/categories?post=32006"},{"taxonomy":"post_tag","embeddable":true,"href":"https:\/\/labcom.ubi.pt\/en\/wp-json\/wp\/v2\/tags?post=32006"}],"curies":[{"name":"wp","href":"https:\/\/api.w.org\/{rel}","templated":true}]}}