{"id":31624,"date":"2022-11-21T14:33:37","date_gmt":"2022-11-21T14:33:37","guid":{"rendered":"https:\/\/labcom.ubi.pt\/?p=31624"},"modified":"2023-01-19T14:34:38","modified_gmt":"2023-01-19T14:34:38","slug":"disinformation-studies-perspectives-from-an-emerging-field","status":"publish","type":"post","link":"https:\/\/labcom.ubi.pt\/en\/disinformation-studies-perspectives-from-an-emerging-field\/","title":{"rendered":"Disinformation Studies: Perspectives from An Emerging Field"},"content":{"rendered":"<p class=\"p1\">It all started at the ECREA 2021 Post Conference &#8220;Disinformation Studies: Perspectives to An Emerging Research Field&#8221;, which took place online, on September 10, 2021. The debate there quickly widened and was joined by other colleagues. The book that we bring you here is the result of part of that debate, which does not end with this publication. It will continue, whenever it finds someone interested in promoting it.<\/p>","protected":false},"excerpt":{"rendered":"<p>It all started at the ECREA 2021 Post Conference &#8220;Disinformation Studies: Perspectives to An Emerging Research Field&#8221;, which took place online, on September 10, 2021.&hellip;<\/p>","protected":false},"author":3,"featured_media":31680,"comment_status":"open","ping_status":"open","sticky":false,"template":"","format":"standard","meta":{"_acf_changed":false,"footnotes":""},"categories":[14,54,10],"tags":[],"class_list":["post-31624","post","type-post","status-publish","format-standard","has-post-thumbnail","hentry","category-livro-comunicacao","category-novas-publicacoes-site-novo","category-publicacao"],"acf":[],"yoast_head":"<!-- This site is optimized with the Yoast SEO plugin v23.1 - https:\/\/yoast.com\/wordpress\/plugins\/seo\/ -->\n<title>Disinformation Studies: Perspectives from An Emerging Field - LabCom - Laborat\u00f3rio de Comunica\u00e7\u00e3o<\/title>\n<meta name=\"robots\" content=\"index, follow, max-snippet:-1, max-image-preview:large, max-video-preview:-1\" \/>\n<link rel=\"canonical\" href=\"https:\/\/labcom.ubi.pt\/en\/disinformation-studies-perspectives-from-an-emerging-field\/\" \/>\n<meta property=\"og:locale\" content=\"en_US\" \/>\n<meta property=\"og:type\" content=\"article\" \/>\n<meta property=\"og:title\" content=\"Disinformation Studies: Perspectives from An Emerging Field - LabCom - Laborat\u00f3rio de Comunica\u00e7\u00e3o\" \/>\n<meta property=\"og:description\" content=\"It all started at the ECREA 2021 Post Conference &#8220;Disinformation Studies: Perspectives to An Emerging Research Field&#8221;, which took place online, on September 10, 2021.&hellip;\" \/>\n<meta property=\"og:url\" content=\"https:\/\/labcom.ubi.pt\/en\/disinformation-studies-perspectives-from-an-emerging-field\/\" \/>\n<meta property=\"og:site_name\" content=\"LabCom - Laborat\u00f3rio de Comunica\u00e7\u00e3o\" \/>\n<meta property=\"article:publisher\" content=\"https:\/\/www.facebook.com\/labcom.ubi.pt\/\" \/>\n<meta property=\"article:published_time\" content=\"2022-11-21T14:33:37+00:00\" \/>\n<meta property=\"article:modified_time\" content=\"2023-01-19T14:34:38+00:00\" \/>\n<meta property=\"og:image\" content=\"https:\/\/labcom.ubi.pt\/wp-content\/uploads\/2022\/11\/2022_DisinformationStudies_JCorreiaPJeronimoIAmaral.png\" \/>\n\t<meta property=\"og:image:width\" content=\"999\" \/>\n\t<meta property=\"og:image:height\" content=\"1424\" \/>\n\t<meta property=\"og:image:type\" content=\"image\/png\" \/>\n<meta name=\"author\" content=\"Cristina Lopes\" \/>\n<meta name=\"twitter:card\" content=\"summary_large_image\" \/>\n<meta name=\"twitter:label1\" content=\"Written by\" \/>\n\t<meta name=\"twitter:data1\" content=\"Cristina Lopes\" \/>\n<script type=\"application\/ld+json\" class=\"yoast-schema-graph\">{\"@context\":\"https:\/\/schema.org\",\"@graph\":[{\"@type\":\"Article\",\"@id\":\"https:\/\/labcom.ubi.pt\/disinformation-studies-perspectives-from-an-emerging-field\/#article\",\"isPartOf\":{\"@id\":\"https:\/\/labcom.ubi.pt\/disinformation-studies-perspectives-from-an-emerging-field\/\"},\"author\":{\"name\":\"Cristina Lopes\",\"@id\":\"https:\/\/labcom.ubi.pt\/#\/schema\/person\/dc1cd2f735b08caf9fa2cb5bcfc18622\"},\"headline\":\"Disinformation Studies: Perspectives from An Emerging Field\",\"datePublished\":\"2022-11-21T14:33:37+00:00\",\"dateModified\":\"2023-01-19T14:34:38+00:00\",\"mainEntityOfPage\":{\"@id\":\"https:\/\/labcom.ubi.pt\/disinformation-studies-perspectives-from-an-emerging-field\/\"},\"wordCount\":73,\"commentCount\":0,\"publisher\":{\"@id\":\"https:\/\/labcom.ubi.pt\/#organization\"},\"image\":{\"@id\":\"https:\/\/labcom.ubi.pt\/disinformation-studies-perspectives-from-an-emerging-field\/#primaryimage\"},\"thumbnailUrl\":\"https:\/\/labcom.ubi.pt\/wp-content\/uploads\/2022\/11\/2022_DisinformationStudies_JCorreiaPJeronimoIAmaral.png\",\"articleSection\":[\"Livro Comunica\u00e7\u00e3o\",\"Novas Publica\u00e7\u00f5es - Site Novo\",\"Publica\u00e7\u00e3o\"],\"inLanguage\":\"en-US\",\"potentialAction\":[{\"@type\":\"CommentAction\",\"name\":\"Comment\",\"target\":[\"https:\/\/labcom.ubi.pt\/disinformation-studies-perspectives-from-an-emerging-field\/#respond\"]}]},{\"@type\":\"WebPage\",\"@id\":\"https:\/\/labcom.ubi.pt\/disinformation-studies-perspectives-from-an-emerging-field\/\",\"url\":\"https:\/\/labcom.ubi.pt\/disinformation-studies-perspectives-from-an-emerging-field\/\",\"name\":\"Disinformation Studies: Perspectives from An Emerging Field - LabCom - Laborat\u00f3rio de Comunica\u00e7\u00e3o\",\"isPartOf\":{\"@id\":\"https:\/\/labcom.ubi.pt\/#website\"},\"primaryImageOfPage\":{\"@id\":\"https:\/\/labcom.ubi.pt\/disinformation-studies-perspectives-from-an-emerging-field\/#primaryimage\"},\"image\":{\"@id\":\"https:\/\/labcom.ubi.pt\/disinformation-studies-perspectives-from-an-emerging-field\/#primaryimage\"},\"thumbnailUrl\":\"https:\/\/labcom.ubi.pt\/wp-content\/uploads\/2022\/11\/2022_DisinformationStudies_JCorreiaPJeronimoIAmaral.png\",\"datePublished\":\"2022-11-21T14:33:37+00:00\",\"dateModified\":\"2023-01-19T14:34:38+00:00\",\"breadcrumb\":{\"@id\":\"https:\/\/labcom.ubi.pt\/disinformation-studies-perspectives-from-an-emerging-field\/#breadcrumb\"},\"inLanguage\":\"en-US\",\"potentialAction\":[{\"@type\":\"ReadAction\",\"target\":[\"https:\/\/labcom.ubi.pt\/disinformation-studies-perspectives-from-an-emerging-field\/\"]}]},{\"@type\":\"ImageObject\",\"inLanguage\":\"en-US\",\"@id\":\"https:\/\/labcom.ubi.pt\/disinformation-studies-perspectives-from-an-emerging-field\/#primaryimage\",\"url\":\"https:\/\/labcom.ubi.pt\/wp-content\/uploads\/2022\/11\/2022_DisinformationStudies_JCorreiaPJeronimoIAmaral.png\",\"contentUrl\":\"https:\/\/labcom.ubi.pt\/wp-content\/uploads\/2022\/11\/2022_DisinformationStudies_JCorreiaPJeronimoIAmaral.png\",\"width\":999,\"height\":1424},{\"@type\":\"BreadcrumbList\",\"@id\":\"https:\/\/labcom.ubi.pt\/disinformation-studies-perspectives-from-an-emerging-field\/#breadcrumb\",\"itemListElement\":[{\"@type\":\"ListItem\",\"position\":1,\"name\":\"In\u00edcio\",\"item\":\"https:\/\/labcom.ubi.pt\/\"},{\"@type\":\"ListItem\",\"position\":2,\"name\":\"Disinformation Studies: Perspectives from An Emerging Field\"}]},{\"@type\":\"WebSite\",\"@id\":\"https:\/\/labcom.ubi.pt\/#website\",\"url\":\"https:\/\/labcom.ubi.pt\/\",\"name\":\"LabCom - Laborat\u00f3rio de Comunica\u00e7\u00e3o\",\"description\":\"Unidade de Investiga\u00e7\u00e3o Cient\u00edfica da Faculdade de Artes e Letras da Universidade da Beira Interior\",\"publisher\":{\"@id\":\"https:\/\/labcom.ubi.pt\/#organization\"},\"potentialAction\":[{\"@type\":\"SearchAction\",\"target\":{\"@type\":\"EntryPoint\",\"urlTemplate\":\"https:\/\/labcom.ubi.pt\/?s={search_term_string}\"},\"query-input\":\"required name=search_term_string\"}],\"inLanguage\":\"en-US\"},{\"@type\":\"Organization\",\"@id\":\"https:\/\/labcom.ubi.pt\/#organization\",\"name\":\"LabCom - Comunica\u00e7\u00e3o e Artes\",\"url\":\"https:\/\/labcom.ubi.pt\/\",\"logo\":{\"@type\":\"ImageObject\",\"inLanguage\":\"en-US\",\"@id\":\"https:\/\/labcom.ubi.pt\/#\/schema\/logo\/image\/\",\"url\":\"https:\/\/labcom.ubi.pt\/wp-content\/uploads\/2021\/05\/LabCom_logo-1.png\",\"contentUrl\":\"https:\/\/labcom.ubi.pt\/wp-content\/uploads\/2021\/05\/LabCom_logo-1.png\",\"width\":1920,\"height\":573,\"caption\":\"LabCom - Comunica\u00e7\u00e3o e Artes\"},\"image\":{\"@id\":\"https:\/\/labcom.ubi.pt\/#\/schema\/logo\/image\/\"},\"sameAs\":[\"https:\/\/www.facebook.com\/labcom.ubi.pt\/\",\"https:\/\/www.instagram.com\/labcom_ubi\/\"]},{\"@type\":\"Person\",\"@id\":\"https:\/\/labcom.ubi.pt\/#\/schema\/person\/dc1cd2f735b08caf9fa2cb5bcfc18622\",\"name\":\"Cristina Lopes\",\"image\":{\"@type\":\"ImageObject\",\"inLanguage\":\"en-US\",\"@id\":\"https:\/\/labcom.ubi.pt\/#\/schema\/person\/image\/\",\"url\":\"https:\/\/secure.gravatar.com\/avatar\/10faa0dd9aaa78e385d2cce4a9955b1d?s=96&d=mm&r=g\",\"contentUrl\":\"https:\/\/secure.gravatar.com\/avatar\/10faa0dd9aaa78e385d2cce4a9955b1d?s=96&d=mm&r=g\",\"caption\":\"Cristina Lopes\"},\"url\":\"https:\/\/labcom.ubi.pt\/en\/author\/cristina_lopes\/\"}]}<\/script>\n<!-- \/ Yoast SEO plugin. -->","yoast_head_json":{"title":"Disinformation Studies: Perspectives from An Emerging Field - LabCom - Laborat\u00f3rio de Comunica\u00e7\u00e3o","robots":{"index":"index","follow":"follow","max-snippet":"max-snippet:-1","max-image-preview":"max-image-preview:large","max-video-preview":"max-video-preview:-1"},"canonical":"https:\/\/labcom.ubi.pt\/en\/disinformation-studies-perspectives-from-an-emerging-field\/","og_locale":"en_US","og_type":"article","og_title":"Disinformation Studies: Perspectives from An Emerging Field - LabCom - Laborat\u00f3rio de Comunica\u00e7\u00e3o","og_description":"It all started at the ECREA 2021 Post Conference &#8220;Disinformation Studies: Perspectives to An Emerging Research Field&#8221;, which took place online, on September 10, 2021.&hellip;","og_url":"https:\/\/labcom.ubi.pt\/en\/disinformation-studies-perspectives-from-an-emerging-field\/","og_site_name":"LabCom - Laborat\u00f3rio de Comunica\u00e7\u00e3o","article_publisher":"https:\/\/www.facebook.com\/labcom.ubi.pt\/","article_published_time":"2022-11-21T14:33:37+00:00","article_modified_time":"2023-01-19T14:34:38+00:00","og_image":[{"width":999,"height":1424,"url":"https:\/\/labcom.ubi.pt\/wp-content\/uploads\/2022\/11\/2022_DisinformationStudies_JCorreiaPJeronimoIAmaral.png","type":"image\/png"}],"author":"Cristina Lopes","twitter_card":"summary_large_image","twitter_misc":{"Written by":"Cristina Lopes"},"schema":{"@context":"https:\/\/schema.org","@graph":[{"@type":"Article","@id":"https:\/\/labcom.ubi.pt\/disinformation-studies-perspectives-from-an-emerging-field\/#article","isPartOf":{"@id":"https:\/\/labcom.ubi.pt\/disinformation-studies-perspectives-from-an-emerging-field\/"},"author":{"name":"Cristina Lopes","@id":"https:\/\/labcom.ubi.pt\/#\/schema\/person\/dc1cd2f735b08caf9fa2cb5bcfc18622"},"headline":"Disinformation Studies: Perspectives from An Emerging Field","datePublished":"2022-11-21T14:33:37+00:00","dateModified":"2023-01-19T14:34:38+00:00","mainEntityOfPage":{"@id":"https:\/\/labcom.ubi.pt\/disinformation-studies-perspectives-from-an-emerging-field\/"},"wordCount":73,"commentCount":0,"publisher":{"@id":"https:\/\/labcom.ubi.pt\/#organization"},"image":{"@id":"https:\/\/labcom.ubi.pt\/disinformation-studies-perspectives-from-an-emerging-field\/#primaryimage"},"thumbnailUrl":"https:\/\/labcom.ubi.pt\/wp-content\/uploads\/2022\/11\/2022_DisinformationStudies_JCorreiaPJeronimoIAmaral.png","articleSection":["Livro Comunica\u00e7\u00e3o","Novas Publica\u00e7\u00f5es - Site Novo","Publica\u00e7\u00e3o"],"inLanguage":"en-US","potentialAction":[{"@type":"CommentAction","name":"Comment","target":["https:\/\/labcom.ubi.pt\/disinformation-studies-perspectives-from-an-emerging-field\/#respond"]}]},{"@type":"WebPage","@id":"https:\/\/labcom.ubi.pt\/disinformation-studies-perspectives-from-an-emerging-field\/","url":"https:\/\/labcom.ubi.pt\/disinformation-studies-perspectives-from-an-emerging-field\/","name":"Disinformation Studies: Perspectives from An Emerging Field - LabCom - Laborat\u00f3rio de Comunica\u00e7\u00e3o","isPartOf":{"@id":"https:\/\/labcom.ubi.pt\/#website"},"primaryImageOfPage":{"@id":"https:\/\/labcom.ubi.pt\/disinformation-studies-perspectives-from-an-emerging-field\/#primaryimage"},"image":{"@id":"https:\/\/labcom.ubi.pt\/disinformation-studies-perspectives-from-an-emerging-field\/#primaryimage"},"thumbnailUrl":"https:\/\/labcom.ubi.pt\/wp-content\/uploads\/2022\/11\/2022_DisinformationStudies_JCorreiaPJeronimoIAmaral.png","datePublished":"2022-11-21T14:33:37+00:00","dateModified":"2023-01-19T14:34:38+00:00","breadcrumb":{"@id":"https:\/\/labcom.ubi.pt\/disinformation-studies-perspectives-from-an-emerging-field\/#breadcrumb"},"inLanguage":"en-US","potentialAction":[{"@type":"ReadAction","target":["https:\/\/labcom.ubi.pt\/disinformation-studies-perspectives-from-an-emerging-field\/"]}]},{"@type":"ImageObject","inLanguage":"en-US","@id":"https:\/\/labcom.ubi.pt\/disinformation-studies-perspectives-from-an-emerging-field\/#primaryimage","url":"https:\/\/labcom.ubi.pt\/wp-content\/uploads\/2022\/11\/2022_DisinformationStudies_JCorreiaPJeronimoIAmaral.png","contentUrl":"https:\/\/labcom.ubi.pt\/wp-content\/uploads\/2022\/11\/2022_DisinformationStudies_JCorreiaPJeronimoIAmaral.png","width":999,"height":1424},{"@type":"BreadcrumbList","@id":"https:\/\/labcom.ubi.pt\/disinformation-studies-perspectives-from-an-emerging-field\/#breadcrumb","itemListElement":[{"@type":"ListItem","position":1,"name":"In\u00edcio","item":"https:\/\/labcom.ubi.pt\/"},{"@type":"ListItem","position":2,"name":"Disinformation Studies: Perspectives from An Emerging Field"}]},{"@type":"WebSite","@id":"https:\/\/labcom.ubi.pt\/#website","url":"https:\/\/labcom.ubi.pt\/","name":"LabCom - Laborat\u00f3rio de Comunica\u00e7\u00e3o","description":"Unidade de Investiga\u00e7\u00e3o Cient\u00edfica da Faculdade de Artes e Letras da Universidade da Beira Interior","publisher":{"@id":"https:\/\/labcom.ubi.pt\/#organization"},"potentialAction":[{"@type":"SearchAction","target":{"@type":"EntryPoint","urlTemplate":"https:\/\/labcom.ubi.pt\/?s={search_term_string}"},"query-input":"required name=search_term_string"}],"inLanguage":"en-US"},{"@type":"Organization","@id":"https:\/\/labcom.ubi.pt\/#organization","name":"LabCom - Comunica\u00e7\u00e3o e Artes","url":"https:\/\/labcom.ubi.pt\/","logo":{"@type":"ImageObject","inLanguage":"en-US","@id":"https:\/\/labcom.ubi.pt\/#\/schema\/logo\/image\/","url":"https:\/\/labcom.ubi.pt\/wp-content\/uploads\/2021\/05\/LabCom_logo-1.png","contentUrl":"https:\/\/labcom.ubi.pt\/wp-content\/uploads\/2021\/05\/LabCom_logo-1.png","width":1920,"height":573,"caption":"LabCom - Comunica\u00e7\u00e3o e Artes"},"image":{"@id":"https:\/\/labcom.ubi.pt\/#\/schema\/logo\/image\/"},"sameAs":["https:\/\/www.facebook.com\/labcom.ubi.pt\/","https:\/\/www.instagram.com\/labcom_ubi\/"]},{"@type":"Person","@id":"https:\/\/labcom.ubi.pt\/#\/schema\/person\/dc1cd2f735b08caf9fa2cb5bcfc18622","name":"Cristina Lopes","image":{"@type":"ImageObject","inLanguage":"en-US","@id":"https:\/\/labcom.ubi.pt\/#\/schema\/person\/image\/","url":"https:\/\/secure.gravatar.com\/avatar\/10faa0dd9aaa78e385d2cce4a9955b1d?s=96&d=mm&r=g","contentUrl":"https:\/\/secure.gravatar.com\/avatar\/10faa0dd9aaa78e385d2cce4a9955b1d?s=96&d=mm&r=g","caption":"Cristina Lopes"},"url":"https:\/\/labcom.ubi.pt\/en\/author\/cristina_lopes\/"}]}},"_links":{"self":[{"href":"https:\/\/labcom.ubi.pt\/en\/wp-json\/wp\/v2\/posts\/31624","targetHints":{"allow":["GET"]}}],"collection":[{"href":"https:\/\/labcom.ubi.pt\/en\/wp-json\/wp\/v2\/posts"}],"about":[{"href":"https:\/\/labcom.ubi.pt\/en\/wp-json\/wp\/v2\/types\/post"}],"author":[{"embeddable":true,"href":"https:\/\/labcom.ubi.pt\/en\/wp-json\/wp\/v2\/users\/3"}],"replies":[{"embeddable":true,"href":"https:\/\/labcom.ubi.pt\/en\/wp-json\/wp\/v2\/comments?post=31624"}],"version-history":[{"count":0,"href":"https:\/\/labcom.ubi.pt\/en\/wp-json\/wp\/v2\/posts\/31624\/revisions"}],"wp:featuredmedia":[{"embeddable":true,"href":"https:\/\/labcom.ubi.pt\/en\/wp-json\/wp\/v2\/media\/31680"}],"wp:attachment":[{"href":"https:\/\/labcom.ubi.pt\/en\/wp-json\/wp\/v2\/media?parent=31624"}],"wp:term":[{"taxonomy":"category","embeddable":true,"href":"https:\/\/labcom.ubi.pt\/en\/wp-json\/wp\/v2\/categories?post=31624"},{"taxonomy":"post_tag","embeddable":true,"href":"https:\/\/labcom.ubi.pt\/en\/wp-json\/wp\/v2\/tags?post=31624"}],"curies":[{"name":"wp","href":"https:\/\/api.w.org\/{rel}","templated":true}]}}