{"id":19393,"date":"2021-10-13T14:51:52","date_gmt":"2021-10-13T14:51:52","guid":{"rendered":"https:\/\/labcom.ubi.pt\/?p=19393"},"modified":"2025-12-11T10:15:05","modified_gmt":"2025-12-11T10:15:05","slug":"comunicar-ciencia-num-mundo-em-mudanca","status":"publish","type":"post","link":"https:\/\/labcom.ubi.pt\/en\/comunicar-ciencia-num-mundo-em-mudanca\/","title":{"rendered":"COMMUNICATING SCIENCE IN A CHANGING WORLD"},"content":{"rendered":"<p><i>Communicating Science in a Changing World\u00a0<\/i>chose as its central theme the role of this activity in a highly volatile communicational horizon, where radical transformations alter the modes of communication, productive structures, and end up having heavy consequences on social and political organization. To encompass the complexity of these phenomena, we deal with them in three aspects, corresponding to the three parts in which this book is divided:\u00a0<i>A Ci\u00eancia nos Media Jornal\u00edsticos e Redes Sociais Digitais<\/i>,\u00a0<i>Mulheres\u00a0<\/i><i>na Ci\u00eancia<\/i>, e\u00a0<i>Media, Universidades e Assessorias de Comunica\u00e7\u00e3o na\u00a0<\/i><i>Divulga\u00e7\u00e3o Cient\u00edfica<\/i>.<\/p>","protected":false},"excerpt":{"rendered":"<p>Comunicar Ci\u00eancia num Mundo em Mudan\u00e7a\u00a0elegeu como tema central o papel desta actividade num horizonte comunicacional altamente vol\u00e1til, onde transforma\u00e7\u00f5es radicais alteram os modos da&hellip;<\/p>","protected":false},"author":2,"featured_media":19394,"comment_status":"open","ping_status":"open","sticky":false,"template":"","format":"standard","meta":{"_acf_changed":false,"footnotes":""},"categories":[14,10],"tags":[],"class_list":["post-19393","post","type-post","status-publish","format-standard","has-post-thumbnail","hentry","category-livro-comunicacao","category-publicacao"],"acf":[],"yoast_head":"<!-- This site is optimized with the Yoast SEO plugin v23.1 - https:\/\/yoast.com\/wordpress\/plugins\/seo\/ -->\n<title>COMUNICAR CI\u00caNCIA NUM MUNDO EM MUDAN\u00c7A - LabCom - Laborat\u00f3rio de Comunica\u00e7\u00e3o<\/title>\n<meta name=\"robots\" content=\"index, follow, max-snippet:-1, max-image-preview:large, max-video-preview:-1\" \/>\n<link rel=\"canonical\" href=\"https:\/\/labcom.ubi.pt\/en\/comunicar-ciencia-num-mundo-em-mudanca\/\" \/>\n<meta property=\"og:locale\" content=\"en_US\" \/>\n<meta property=\"og:type\" content=\"article\" \/>\n<meta property=\"og:title\" content=\"COMUNICAR CI\u00caNCIA NUM MUNDO EM MUDAN\u00c7A - LabCom - Laborat\u00f3rio de Comunica\u00e7\u00e3o\" \/>\n<meta property=\"og:description\" content=\"Comunicar Ci\u00eancia num Mundo em Mudan\u00e7a\u00a0elegeu como tema central o papel desta actividade num horizonte comunicacional altamente vol\u00e1til, onde transforma\u00e7\u00f5es radicais alteram os modos da&hellip;\" \/>\n<meta property=\"og:url\" content=\"https:\/\/labcom.ubi.pt\/en\/comunicar-ciencia-num-mundo-em-mudanca\/\" \/>\n<meta property=\"og:site_name\" content=\"LabCom - Laborat\u00f3rio de Comunica\u00e7\u00e3o\" \/>\n<meta property=\"article:publisher\" content=\"https:\/\/www.facebook.com\/labcom.ubi.pt\/\" \/>\n<meta property=\"article:published_time\" content=\"2021-10-13T14:51:52+00:00\" \/>\n<meta property=\"article:modified_time\" content=\"2025-12-11T10:15:05+00:00\" \/>\n<meta property=\"og:image\" content=\"https:\/\/labcom.ubi.pt\/wp-content\/uploads\/2021\/10\/202109151627-capa-1.png\" \/>\n\t<meta property=\"og:image:width\" content=\"2010\" \/>\n\t<meta property=\"og:image:height\" content=\"2894\" \/>\n\t<meta property=\"og:image:type\" content=\"image\/png\" \/>\n<meta name=\"author\" content=\"Beatriz Botelho\" \/>\n<meta name=\"twitter:card\" content=\"summary_large_image\" \/>\n<meta name=\"twitter:label1\" content=\"Written by\" \/>\n\t<meta name=\"twitter:data1\" content=\"Beatriz Botelho\" \/>\n\t<meta name=\"twitter:label2\" content=\"Est. reading time\" \/>\n\t<meta name=\"twitter:data2\" content=\"1 minute\" \/>\n<script type=\"application\/ld+json\" class=\"yoast-schema-graph\">{\"@context\":\"https:\/\/schema.org\",\"@graph\":[{\"@type\":\"Article\",\"@id\":\"https:\/\/labcom.ubi.pt\/comunicar-ciencia-num-mundo-em-mudanca\/#article\",\"isPartOf\":{\"@id\":\"https:\/\/labcom.ubi.pt\/comunicar-ciencia-num-mundo-em-mudanca\/\"},\"author\":{\"name\":\"Beatriz Botelho\",\"@id\":\"https:\/\/labcom.ubi.pt\/#\/schema\/person\/617550ce7f64e8a2ca3fdeb37ae2d25a\"},\"headline\":\"COMUNICAR CI\u00caNCIA NUM MUNDO EM MUDAN\u00c7A\",\"datePublished\":\"2021-10-13T14:51:52+00:00\",\"dateModified\":\"2025-12-11T10:15:05+00:00\",\"mainEntityOfPage\":{\"@id\":\"https:\/\/labcom.ubi.pt\/comunicar-ciencia-num-mundo-em-mudanca\/\"},\"wordCount\":109,\"commentCount\":0,\"publisher\":{\"@id\":\"https:\/\/labcom.ubi.pt\/#organization\"},\"image\":{\"@id\":\"https:\/\/labcom.ubi.pt\/comunicar-ciencia-num-mundo-em-mudanca\/#primaryimage\"},\"thumbnailUrl\":\"https:\/\/labcom.ubi.pt\/wp-content\/uploads\/2021\/10\/202109151627-capa-1.png\",\"articleSection\":[\"Livro Comunica\u00e7\u00e3o\",\"Publica\u00e7\u00e3o\"],\"inLanguage\":\"en-US\",\"potentialAction\":[{\"@type\":\"CommentAction\",\"name\":\"Comment\",\"target\":[\"https:\/\/labcom.ubi.pt\/comunicar-ciencia-num-mundo-em-mudanca\/#respond\"]}]},{\"@type\":\"WebPage\",\"@id\":\"https:\/\/labcom.ubi.pt\/comunicar-ciencia-num-mundo-em-mudanca\/\",\"url\":\"https:\/\/labcom.ubi.pt\/comunicar-ciencia-num-mundo-em-mudanca\/\",\"name\":\"COMUNICAR CI\u00caNCIA NUM MUNDO EM MUDAN\u00c7A - LabCom - Laborat\u00f3rio de Comunica\u00e7\u00e3o\",\"isPartOf\":{\"@id\":\"https:\/\/labcom.ubi.pt\/#website\"},\"primaryImageOfPage\":{\"@id\":\"https:\/\/labcom.ubi.pt\/comunicar-ciencia-num-mundo-em-mudanca\/#primaryimage\"},\"image\":{\"@id\":\"https:\/\/labcom.ubi.pt\/comunicar-ciencia-num-mundo-em-mudanca\/#primaryimage\"},\"thumbnailUrl\":\"https:\/\/labcom.ubi.pt\/wp-content\/uploads\/2021\/10\/202109151627-capa-1.png\",\"datePublished\":\"2021-10-13T14:51:52+00:00\",\"dateModified\":\"2025-12-11T10:15:05+00:00\",\"breadcrumb\":{\"@id\":\"https:\/\/labcom.ubi.pt\/comunicar-ciencia-num-mundo-em-mudanca\/#breadcrumb\"},\"inLanguage\":\"en-US\",\"potentialAction\":[{\"@type\":\"ReadAction\",\"target\":[\"https:\/\/labcom.ubi.pt\/comunicar-ciencia-num-mundo-em-mudanca\/\"]}]},{\"@type\":\"ImageObject\",\"inLanguage\":\"en-US\",\"@id\":\"https:\/\/labcom.ubi.pt\/comunicar-ciencia-num-mundo-em-mudanca\/#primaryimage\",\"url\":\"https:\/\/labcom.ubi.pt\/wp-content\/uploads\/2021\/10\/202109151627-capa-1.png\",\"contentUrl\":\"https:\/\/labcom.ubi.pt\/wp-content\/uploads\/2021\/10\/202109151627-capa-1.png\",\"width\":2010,\"height\":2894},{\"@type\":\"BreadcrumbList\",\"@id\":\"https:\/\/labcom.ubi.pt\/comunicar-ciencia-num-mundo-em-mudanca\/#breadcrumb\",\"itemListElement\":[{\"@type\":\"ListItem\",\"position\":1,\"name\":\"In\u00edcio\",\"item\":\"https:\/\/labcom.ubi.pt\/\"},{\"@type\":\"ListItem\",\"position\":2,\"name\":\"COMUNICAR CI\u00caNCIA NUM MUNDO EM MUDAN\u00c7A\"}]},{\"@type\":\"WebSite\",\"@id\":\"https:\/\/labcom.ubi.pt\/#website\",\"url\":\"https:\/\/labcom.ubi.pt\/\",\"name\":\"LabCom - Laborat\u00f3rio de Comunica\u00e7\u00e3o\",\"description\":\"Unidade de Investiga\u00e7\u00e3o Cient\u00edfica da Faculdade de Artes e Letras da Universidade da Beira Interior\",\"publisher\":{\"@id\":\"https:\/\/labcom.ubi.pt\/#organization\"},\"potentialAction\":[{\"@type\":\"SearchAction\",\"target\":{\"@type\":\"EntryPoint\",\"urlTemplate\":\"https:\/\/labcom.ubi.pt\/?s={search_term_string}\"},\"query-input\":\"required name=search_term_string\"}],\"inLanguage\":\"en-US\"},{\"@type\":\"Organization\",\"@id\":\"https:\/\/labcom.ubi.pt\/#organization\",\"name\":\"LabCom - Comunica\u00e7\u00e3o e Artes\",\"url\":\"https:\/\/labcom.ubi.pt\/\",\"logo\":{\"@type\":\"ImageObject\",\"inLanguage\":\"en-US\",\"@id\":\"https:\/\/labcom.ubi.pt\/#\/schema\/logo\/image\/\",\"url\":\"https:\/\/labcom.ubi.pt\/wp-content\/uploads\/2021\/05\/LabCom_logo-1.png\",\"contentUrl\":\"https:\/\/labcom.ubi.pt\/wp-content\/uploads\/2021\/05\/LabCom_logo-1.png\",\"width\":1920,\"height\":573,\"caption\":\"LabCom - Comunica\u00e7\u00e3o e Artes\"},\"image\":{\"@id\":\"https:\/\/labcom.ubi.pt\/#\/schema\/logo\/image\/\"},\"sameAs\":[\"https:\/\/www.facebook.com\/labcom.ubi.pt\/\",\"https:\/\/www.instagram.com\/labcom_ubi\/\"]},{\"@type\":\"Person\",\"@id\":\"https:\/\/labcom.ubi.pt\/#\/schema\/person\/617550ce7f64e8a2ca3fdeb37ae2d25a\",\"name\":\"Beatriz Botelho\",\"image\":{\"@type\":\"ImageObject\",\"inLanguage\":\"en-US\",\"@id\":\"https:\/\/labcom.ubi.pt\/#\/schema\/person\/image\/\",\"url\":\"https:\/\/secure.gravatar.com\/avatar\/605b66aaba7800f944c8f15a1c6fa7dd?s=96&d=mm&r=g\",\"contentUrl\":\"https:\/\/secure.gravatar.com\/avatar\/605b66aaba7800f944c8f15a1c6fa7dd?s=96&d=mm&r=g\",\"caption\":\"Beatriz Botelho\"},\"url\":\"https:\/\/labcom.ubi.pt\/en\/author\/beatriz\/\"}]}<\/script>\n<!-- \/ Yoast SEO plugin. -->","yoast_head_json":{"title":"COMUNICAR CI\u00caNCIA NUM MUNDO EM MUDAN\u00c7A - LabCom - Laborat\u00f3rio de Comunica\u00e7\u00e3o","robots":{"index":"index","follow":"follow","max-snippet":"max-snippet:-1","max-image-preview":"max-image-preview:large","max-video-preview":"max-video-preview:-1"},"canonical":"https:\/\/labcom.ubi.pt\/en\/comunicar-ciencia-num-mundo-em-mudanca\/","og_locale":"en_US","og_type":"article","og_title":"COMUNICAR CI\u00caNCIA NUM MUNDO EM MUDAN\u00c7A - LabCom - Laborat\u00f3rio de Comunica\u00e7\u00e3o","og_description":"Comunicar Ci\u00eancia num Mundo em Mudan\u00e7a\u00a0elegeu como tema central o papel desta actividade num horizonte comunicacional altamente vol\u00e1til, onde transforma\u00e7\u00f5es radicais alteram os modos da&hellip;","og_url":"https:\/\/labcom.ubi.pt\/en\/comunicar-ciencia-num-mundo-em-mudanca\/","og_site_name":"LabCom - Laborat\u00f3rio de Comunica\u00e7\u00e3o","article_publisher":"https:\/\/www.facebook.com\/labcom.ubi.pt\/","article_published_time":"2021-10-13T14:51:52+00:00","article_modified_time":"2025-12-11T10:15:05+00:00","og_image":[{"width":2010,"height":2894,"url":"https:\/\/labcom.ubi.pt\/wp-content\/uploads\/2021\/10\/202109151627-capa-1.png","type":"image\/png"}],"author":"Beatriz Botelho","twitter_card":"summary_large_image","twitter_misc":{"Written by":"Beatriz Botelho","Est. reading time":"1 minute"},"schema":{"@context":"https:\/\/schema.org","@graph":[{"@type":"Article","@id":"https:\/\/labcom.ubi.pt\/comunicar-ciencia-num-mundo-em-mudanca\/#article","isPartOf":{"@id":"https:\/\/labcom.ubi.pt\/comunicar-ciencia-num-mundo-em-mudanca\/"},"author":{"name":"Beatriz Botelho","@id":"https:\/\/labcom.ubi.pt\/#\/schema\/person\/617550ce7f64e8a2ca3fdeb37ae2d25a"},"headline":"COMUNICAR CI\u00caNCIA NUM MUNDO EM MUDAN\u00c7A","datePublished":"2021-10-13T14:51:52+00:00","dateModified":"2025-12-11T10:15:05+00:00","mainEntityOfPage":{"@id":"https:\/\/labcom.ubi.pt\/comunicar-ciencia-num-mundo-em-mudanca\/"},"wordCount":109,"commentCount":0,"publisher":{"@id":"https:\/\/labcom.ubi.pt\/#organization"},"image":{"@id":"https:\/\/labcom.ubi.pt\/comunicar-ciencia-num-mundo-em-mudanca\/#primaryimage"},"thumbnailUrl":"https:\/\/labcom.ubi.pt\/wp-content\/uploads\/2021\/10\/202109151627-capa-1.png","articleSection":["Livro Comunica\u00e7\u00e3o","Publica\u00e7\u00e3o"],"inLanguage":"en-US","potentialAction":[{"@type":"CommentAction","name":"Comment","target":["https:\/\/labcom.ubi.pt\/comunicar-ciencia-num-mundo-em-mudanca\/#respond"]}]},{"@type":"WebPage","@id":"https:\/\/labcom.ubi.pt\/comunicar-ciencia-num-mundo-em-mudanca\/","url":"https:\/\/labcom.ubi.pt\/comunicar-ciencia-num-mundo-em-mudanca\/","name":"COMUNICAR CI\u00caNCIA NUM MUNDO EM MUDAN\u00c7A - LabCom - Laborat\u00f3rio de Comunica\u00e7\u00e3o","isPartOf":{"@id":"https:\/\/labcom.ubi.pt\/#website"},"primaryImageOfPage":{"@id":"https:\/\/labcom.ubi.pt\/comunicar-ciencia-num-mundo-em-mudanca\/#primaryimage"},"image":{"@id":"https:\/\/labcom.ubi.pt\/comunicar-ciencia-num-mundo-em-mudanca\/#primaryimage"},"thumbnailUrl":"https:\/\/labcom.ubi.pt\/wp-content\/uploads\/2021\/10\/202109151627-capa-1.png","datePublished":"2021-10-13T14:51:52+00:00","dateModified":"2025-12-11T10:15:05+00:00","breadcrumb":{"@id":"https:\/\/labcom.ubi.pt\/comunicar-ciencia-num-mundo-em-mudanca\/#breadcrumb"},"inLanguage":"en-US","potentialAction":[{"@type":"ReadAction","target":["https:\/\/labcom.ubi.pt\/comunicar-ciencia-num-mundo-em-mudanca\/"]}]},{"@type":"ImageObject","inLanguage":"en-US","@id":"https:\/\/labcom.ubi.pt\/comunicar-ciencia-num-mundo-em-mudanca\/#primaryimage","url":"https:\/\/labcom.ubi.pt\/wp-content\/uploads\/2021\/10\/202109151627-capa-1.png","contentUrl":"https:\/\/labcom.ubi.pt\/wp-content\/uploads\/2021\/10\/202109151627-capa-1.png","width":2010,"height":2894},{"@type":"BreadcrumbList","@id":"https:\/\/labcom.ubi.pt\/comunicar-ciencia-num-mundo-em-mudanca\/#breadcrumb","itemListElement":[{"@type":"ListItem","position":1,"name":"In\u00edcio","item":"https:\/\/labcom.ubi.pt\/"},{"@type":"ListItem","position":2,"name":"COMUNICAR CI\u00caNCIA NUM MUNDO EM MUDAN\u00c7A"}]},{"@type":"WebSite","@id":"https:\/\/labcom.ubi.pt\/#website","url":"https:\/\/labcom.ubi.pt\/","name":"LabCom - Laborat\u00f3rio de Comunica\u00e7\u00e3o","description":"Unidade de Investiga\u00e7\u00e3o Cient\u00edfica da Faculdade de Artes e Letras da Universidade da Beira Interior","publisher":{"@id":"https:\/\/labcom.ubi.pt\/#organization"},"potentialAction":[{"@type":"SearchAction","target":{"@type":"EntryPoint","urlTemplate":"https:\/\/labcom.ubi.pt\/?s={search_term_string}"},"query-input":"required name=search_term_string"}],"inLanguage":"en-US"},{"@type":"Organization","@id":"https:\/\/labcom.ubi.pt\/#organization","name":"LabCom - Comunica\u00e7\u00e3o e Artes","url":"https:\/\/labcom.ubi.pt\/","logo":{"@type":"ImageObject","inLanguage":"en-US","@id":"https:\/\/labcom.ubi.pt\/#\/schema\/logo\/image\/","url":"https:\/\/labcom.ubi.pt\/wp-content\/uploads\/2021\/05\/LabCom_logo-1.png","contentUrl":"https:\/\/labcom.ubi.pt\/wp-content\/uploads\/2021\/05\/LabCom_logo-1.png","width":1920,"height":573,"caption":"LabCom - Comunica\u00e7\u00e3o e Artes"},"image":{"@id":"https:\/\/labcom.ubi.pt\/#\/schema\/logo\/image\/"},"sameAs":["https:\/\/www.facebook.com\/labcom.ubi.pt\/","https:\/\/www.instagram.com\/labcom_ubi\/"]},{"@type":"Person","@id":"https:\/\/labcom.ubi.pt\/#\/schema\/person\/617550ce7f64e8a2ca3fdeb37ae2d25a","name":"Beatriz Botelho","image":{"@type":"ImageObject","inLanguage":"en-US","@id":"https:\/\/labcom.ubi.pt\/#\/schema\/person\/image\/","url":"https:\/\/secure.gravatar.com\/avatar\/605b66aaba7800f944c8f15a1c6fa7dd?s=96&d=mm&r=g","contentUrl":"https:\/\/secure.gravatar.com\/avatar\/605b66aaba7800f944c8f15a1c6fa7dd?s=96&d=mm&r=g","caption":"Beatriz Botelho"},"url":"https:\/\/labcom.ubi.pt\/en\/author\/beatriz\/"}]}},"_links":{"self":[{"href":"https:\/\/labcom.ubi.pt\/en\/wp-json\/wp\/v2\/posts\/19393","targetHints":{"allow":["GET"]}}],"collection":[{"href":"https:\/\/labcom.ubi.pt\/en\/wp-json\/wp\/v2\/posts"}],"about":[{"href":"https:\/\/labcom.ubi.pt\/en\/wp-json\/wp\/v2\/types\/post"}],"author":[{"embeddable":true,"href":"https:\/\/labcom.ubi.pt\/en\/wp-json\/wp\/v2\/users\/2"}],"replies":[{"embeddable":true,"href":"https:\/\/labcom.ubi.pt\/en\/wp-json\/wp\/v2\/comments?post=19393"}],"version-history":[{"count":2,"href":"https:\/\/labcom.ubi.pt\/en\/wp-json\/wp\/v2\/posts\/19393\/revisions"}],"predecessor-version":[{"id":37185,"href":"https:\/\/labcom.ubi.pt\/en\/wp-json\/wp\/v2\/posts\/19393\/revisions\/37185"}],"wp:featuredmedia":[{"embeddable":true,"href":"https:\/\/labcom.ubi.pt\/en\/wp-json\/wp\/v2\/media\/19394"}],"wp:attachment":[{"href":"https:\/\/labcom.ubi.pt\/en\/wp-json\/wp\/v2\/media?parent=19393"}],"wp:term":[{"taxonomy":"category","embeddable":true,"href":"https:\/\/labcom.ubi.pt\/en\/wp-json\/wp\/v2\/categories?post=19393"},{"taxonomy":"post_tag","embeddable":true,"href":"https:\/\/labcom.ubi.pt\/en\/wp-json\/wp\/v2\/tags?post=19393"}],"curies":[{"name":"wp","href":"https:\/\/api.w.org\/{rel}","templated":true}]}}