{"id":10630,"date":"2014-07-02T13:01:00","date_gmt":"2014-07-02T13:01:00","guid":{"rendered":"https:\/\/labcom.ubi.pt\/?p=10630"},"modified":"2022-10-07T14:46:50","modified_gmt":"2022-10-07T14:46:50","slug":"agenda-dos-cidadaos-jornalismo-e-participacao-civica-nos-media-portugueses-memoria-de-um-projecto-2","status":"publish","type":"post","link":"https:\/\/labcom.ubi.pt\/en\/agenda-dos-cidadaos-jornalismo-e-participacao-civica-nos-media-portugueses-memoria-de-um-projecto-2\/","title":{"rendered":"AGENDA DOS CIDAD\u00c3OS: JORNALISMO E PARTICIPA\u00c7\u00c3O C\u00cdVICA NOS MEDIA PORTUGUESES MEM\u00d3RIA DE UM PROJECTO"},"content":{"rendered":"<div class=\"itemCorpoLivro\"><\/div>\n<p class=\"p1\">O campo do jornalismo tem vindo a ser atravessado, nas \u00faltimas d\u00e9cadas, por reflex\u00f5es te\u00f3ricas e experi\u00eancias que visam melhorar o relacionamento entre os p\u00fablicos e a vida comunit\u00e1ria, tentando incentivar esses mesmos p\u00fablicos a participar no debate das quest\u00f5es de interesse colectivo.<\/p>\n<p class=\"p1\">Sob a influ\u00eancia de elementos te\u00f3ricos projectados pela teoria da democracia deliberativa, pela reflex\u00e3o comunitarista e pela obra de John Dewey e tamb\u00e9m das transforma\u00e7\u00f5es tecnol\u00f3gicas que incentivam a interactividade, o jornalismo implica hoje uma refer\u00eancia ao refor\u00e7o da participa\u00e7\u00e3o dos p\u00fablicos na cidadania e ao papel que o jornalismo pode desenvolver no refor\u00e7o dessa participa\u00e7\u00e3o (Dewey, 2004; Mesquita, 2003; Dahlgren &amp; Sparks, 1991).<\/p>\n<p class=\"p1\">Simultaneamente, o jornalismo p\u00fablico tem-se afirmado como um movimento que visa ultrapassar alguns contextos de crise que dificultaram o relacionamento entre o jornalismo e a vida c\u00edvica, nomeadamente a orienta\u00e7\u00e3o exclusivamente dirigida para o mercado, o refor\u00e7o da tend\u00eancia conhecida pela fus\u00e3o do entretenimento com a informa\u00e7\u00e3o (infotainment), o incremento das soft news, e a excessiva depend\u00eancia de fontes oficiais e de rotina.<\/p>\n<p class=\"p1\">Neste contexto, o projecto \u201cAgenda dos Cidad\u00e3os: jornalismo e participa\u00e7\u00e3o c\u00edvica nos media portugueses\u201d1 surgiu com o objectivo fundamental de identificar, fomentar e experimentar pr\u00e1ticas jornal\u00edsticas que contribuam para refor\u00e7ar o compromisso dos cidad\u00e3os com a comunidade e a delibera\u00e7\u00e3o democr\u00e1tica na esfera p\u00fablica, numa perspectiva de fortalecimento da cidadania, seguindo o exemplo do chamado jornalismo p\u00fablico e, eventualmente, outras formas de jornalismo comunit\u00e1rio (Glasser, 1999; 2002).<\/p>\n<p class=\"p1\">A ideia orientadora fundamental do projecto foi a an\u00e1lise da possibilidade de substituir uma agenda determinada, maioritariamente, por definidores prim\u00e1rios, por uma agenda em que tamb\u00e9m se desse visibilidade \u00e0s quest\u00f5es de interesse p\u00fablico identificadas pelos p\u00fablicos dos media (Charity, 1995).<\/p>","protected":false},"excerpt":{"rendered":"<p>O campo do jornalismo tem vindo a ser atravessado, nas \u00faltimas d\u00e9cadas, por reflex\u00f5es te\u00f3ricas e experi\u00eancias que visam melhorar o relacionamento entre os p\u00fablicos&hellip;<\/p>","protected":false},"author":2,"featured_media":10631,"comment_status":"open","ping_status":"open","sticky":false,"template":"","format":"standard","meta":{"_acf_changed":false,"footnotes":""},"categories":[14,10],"tags":[],"class_list":["post-10630","post","type-post","status-publish","format-standard","has-post-thumbnail","hentry","category-livro-comunicacao","category-publicacao"],"acf":[],"yoast_head":"<!-- This site is optimized with the Yoast SEO plugin v23.1 - https:\/\/yoast.com\/wordpress\/plugins\/seo\/ -->\n<title>AGENDA DOS CIDAD\u00c3OS: JORNALISMO E PARTICIPA\u00c7\u00c3O C\u00cdVICA NOS MEDIA PORTUGUESES MEM\u00d3RIA DE UM PROJECTO - LabCom - Laborat\u00f3rio de Comunica\u00e7\u00e3o<\/title>\n<meta name=\"robots\" content=\"index, follow, max-snippet:-1, max-image-preview:large, max-video-preview:-1\" \/>\n<link rel=\"canonical\" href=\"https:\/\/labcom.ubi.pt\/en\/agenda-dos-cidadaos-jornalismo-e-participacao-civica-nos-media-portugueses-memoria-de-um-projecto-2\/\" \/>\n<meta property=\"og:locale\" content=\"en_US\" \/>\n<meta property=\"og:type\" content=\"article\" \/>\n<meta property=\"og:title\" content=\"AGENDA DOS CIDAD\u00c3OS: JORNALISMO E PARTICIPA\u00c7\u00c3O C\u00cdVICA NOS MEDIA PORTUGUESES MEM\u00d3RIA DE UM PROJECTO - LabCom - Laborat\u00f3rio de Comunica\u00e7\u00e3o\" \/>\n<meta property=\"og:description\" content=\"O campo do jornalismo tem vindo a ser atravessado, nas \u00faltimas d\u00e9cadas, por reflex\u00f5es te\u00f3ricas e experi\u00eancias que visam melhorar o relacionamento entre os p\u00fablicos&hellip;\" \/>\n<meta property=\"og:url\" content=\"https:\/\/labcom.ubi.pt\/en\/agenda-dos-cidadaos-jornalismo-e-participacao-civica-nos-media-portugueses-memoria-de-um-projecto-2\/\" \/>\n<meta property=\"og:site_name\" content=\"LabCom - Laborat\u00f3rio de Comunica\u00e7\u00e3o\" \/>\n<meta property=\"article:publisher\" content=\"https:\/\/www.facebook.com\/labcom.ubi.pt\/\" \/>\n<meta property=\"article:published_time\" content=\"2014-07-02T13:01:00+00:00\" \/>\n<meta property=\"article:modified_time\" content=\"2022-10-07T14:46:50+00:00\" \/>\n<meta property=\"og:image\" content=\"https:\/\/labcom.ubi.pt\/wp-content\/uploads\/2021\/07\/20150115-capa_small.jpeg\" \/>\n\t<meta property=\"og:image:width\" content=\"300\" \/>\n\t<meta property=\"og:image:height\" content=\"432\" \/>\n\t<meta property=\"og:image:type\" content=\"image\/jpeg\" \/>\n<meta name=\"author\" content=\"Beatriz Botelho\" \/>\n<meta name=\"twitter:card\" content=\"summary_large_image\" \/>\n<meta name=\"twitter:label1\" content=\"Written by\" \/>\n\t<meta name=\"twitter:data1\" content=\"Beatriz Botelho\" \/>\n\t<meta name=\"twitter:label2\" content=\"Est. reading time\" \/>\n\t<meta name=\"twitter:data2\" content=\"2 minutes\" \/>\n<script type=\"application\/ld+json\" class=\"yoast-schema-graph\">{\"@context\":\"https:\/\/schema.org\",\"@graph\":[{\"@type\":\"Article\",\"@id\":\"https:\/\/labcom.ubi.pt\/agenda-dos-cidadaos-jornalismo-e-participacao-civica-nos-media-portugueses-memoria-de-um-projecto-2\/#article\",\"isPartOf\":{\"@id\":\"https:\/\/labcom.ubi.pt\/agenda-dos-cidadaos-jornalismo-e-participacao-civica-nos-media-portugueses-memoria-de-um-projecto-2\/\"},\"author\":{\"name\":\"Beatriz Botelho\",\"@id\":\"https:\/\/labcom.ubi.pt\/#\/schema\/person\/617550ce7f64e8a2ca3fdeb37ae2d25a\"},\"headline\":\"AGENDA DOS CIDAD\u00c3OS: JORNALISMO E PARTICIPA\u00c7\u00c3O C\u00cdVICA NOS MEDIA PORTUGUESES MEM\u00d3RIA DE UM PROJECTO\",\"datePublished\":\"2014-07-02T13:01:00+00:00\",\"dateModified\":\"2022-10-07T14:46:50+00:00\",\"mainEntityOfPage\":{\"@id\":\"https:\/\/labcom.ubi.pt\/agenda-dos-cidadaos-jornalismo-e-participacao-civica-nos-media-portugueses-memoria-de-um-projecto-2\/\"},\"wordCount\":336,\"commentCount\":0,\"publisher\":{\"@id\":\"https:\/\/labcom.ubi.pt\/#organization\"},\"image\":{\"@id\":\"https:\/\/labcom.ubi.pt\/agenda-dos-cidadaos-jornalismo-e-participacao-civica-nos-media-portugueses-memoria-de-um-projecto-2\/#primaryimage\"},\"thumbnailUrl\":\"https:\/\/labcom.ubi.pt\/wp-content\/uploads\/2021\/07\/20150115-capa_small.jpeg\",\"articleSection\":[\"Livro Comunica\u00e7\u00e3o\",\"Publica\u00e7\u00e3o\"],\"inLanguage\":\"en-US\",\"potentialAction\":[{\"@type\":\"CommentAction\",\"name\":\"Comment\",\"target\":[\"https:\/\/labcom.ubi.pt\/agenda-dos-cidadaos-jornalismo-e-participacao-civica-nos-media-portugueses-memoria-de-um-projecto-2\/#respond\"]}]},{\"@type\":\"WebPage\",\"@id\":\"https:\/\/labcom.ubi.pt\/agenda-dos-cidadaos-jornalismo-e-participacao-civica-nos-media-portugueses-memoria-de-um-projecto-2\/\",\"url\":\"https:\/\/labcom.ubi.pt\/agenda-dos-cidadaos-jornalismo-e-participacao-civica-nos-media-portugueses-memoria-de-um-projecto-2\/\",\"name\":\"AGENDA DOS CIDAD\u00c3OS: JORNALISMO E PARTICIPA\u00c7\u00c3O C\u00cdVICA NOS MEDIA PORTUGUESES MEM\u00d3RIA DE UM PROJECTO - LabCom - Laborat\u00f3rio de Comunica\u00e7\u00e3o\",\"isPartOf\":{\"@id\":\"https:\/\/labcom.ubi.pt\/#website\"},\"primaryImageOfPage\":{\"@id\":\"https:\/\/labcom.ubi.pt\/agenda-dos-cidadaos-jornalismo-e-participacao-civica-nos-media-portugueses-memoria-de-um-projecto-2\/#primaryimage\"},\"image\":{\"@id\":\"https:\/\/labcom.ubi.pt\/agenda-dos-cidadaos-jornalismo-e-participacao-civica-nos-media-portugueses-memoria-de-um-projecto-2\/#primaryimage\"},\"thumbnailUrl\":\"https:\/\/labcom.ubi.pt\/wp-content\/uploads\/2021\/07\/20150115-capa_small.jpeg\",\"datePublished\":\"2014-07-02T13:01:00+00:00\",\"dateModified\":\"2022-10-07T14:46:50+00:00\",\"breadcrumb\":{\"@id\":\"https:\/\/labcom.ubi.pt\/agenda-dos-cidadaos-jornalismo-e-participacao-civica-nos-media-portugueses-memoria-de-um-projecto-2\/#breadcrumb\"},\"inLanguage\":\"en-US\",\"potentialAction\":[{\"@type\":\"ReadAction\",\"target\":[\"https:\/\/labcom.ubi.pt\/agenda-dos-cidadaos-jornalismo-e-participacao-civica-nos-media-portugueses-memoria-de-um-projecto-2\/\"]}]},{\"@type\":\"ImageObject\",\"inLanguage\":\"en-US\",\"@id\":\"https:\/\/labcom.ubi.pt\/agenda-dos-cidadaos-jornalismo-e-participacao-civica-nos-media-portugueses-memoria-de-um-projecto-2\/#primaryimage\",\"url\":\"https:\/\/labcom.ubi.pt\/wp-content\/uploads\/2021\/07\/20150115-capa_small.jpeg\",\"contentUrl\":\"https:\/\/labcom.ubi.pt\/wp-content\/uploads\/2021\/07\/20150115-capa_small.jpeg\",\"width\":300,\"height\":432},{\"@type\":\"BreadcrumbList\",\"@id\":\"https:\/\/labcom.ubi.pt\/agenda-dos-cidadaos-jornalismo-e-participacao-civica-nos-media-portugueses-memoria-de-um-projecto-2\/#breadcrumb\",\"itemListElement\":[{\"@type\":\"ListItem\",\"position\":1,\"name\":\"In\u00edcio\",\"item\":\"https:\/\/labcom.ubi.pt\/\"},{\"@type\":\"ListItem\",\"position\":2,\"name\":\"AGENDA DOS CIDAD\u00c3OS: JORNALISMO E PARTICIPA\u00c7\u00c3O C\u00cdVICA NOS MEDIA PORTUGUESES MEM\u00d3RIA DE UM PROJECTO\"}]},{\"@type\":\"WebSite\",\"@id\":\"https:\/\/labcom.ubi.pt\/#website\",\"url\":\"https:\/\/labcom.ubi.pt\/\",\"name\":\"LabCom - Laborat\u00f3rio de Comunica\u00e7\u00e3o\",\"description\":\"Unidade de Investiga\u00e7\u00e3o Cient\u00edfica da Faculdade de Artes e Letras da Universidade da Beira Interior\",\"publisher\":{\"@id\":\"https:\/\/labcom.ubi.pt\/#organization\"},\"potentialAction\":[{\"@type\":\"SearchAction\",\"target\":{\"@type\":\"EntryPoint\",\"urlTemplate\":\"https:\/\/labcom.ubi.pt\/?s={search_term_string}\"},\"query-input\":\"required name=search_term_string\"}],\"inLanguage\":\"en-US\"},{\"@type\":\"Organization\",\"@id\":\"https:\/\/labcom.ubi.pt\/#organization\",\"name\":\"LabCom - Comunica\u00e7\u00e3o e Artes\",\"url\":\"https:\/\/labcom.ubi.pt\/\",\"logo\":{\"@type\":\"ImageObject\",\"inLanguage\":\"en-US\",\"@id\":\"https:\/\/labcom.ubi.pt\/#\/schema\/logo\/image\/\",\"url\":\"https:\/\/labcom.ubi.pt\/wp-content\/uploads\/2021\/05\/LabCom_logo-1.png\",\"contentUrl\":\"https:\/\/labcom.ubi.pt\/wp-content\/uploads\/2021\/05\/LabCom_logo-1.png\",\"width\":1920,\"height\":573,\"caption\":\"LabCom - Comunica\u00e7\u00e3o e Artes\"},\"image\":{\"@id\":\"https:\/\/labcom.ubi.pt\/#\/schema\/logo\/image\/\"},\"sameAs\":[\"https:\/\/www.facebook.com\/labcom.ubi.pt\/\",\"https:\/\/www.instagram.com\/labcom_ubi\/\"]},{\"@type\":\"Person\",\"@id\":\"https:\/\/labcom.ubi.pt\/#\/schema\/person\/617550ce7f64e8a2ca3fdeb37ae2d25a\",\"name\":\"Beatriz Botelho\",\"image\":{\"@type\":\"ImageObject\",\"inLanguage\":\"en-US\",\"@id\":\"https:\/\/labcom.ubi.pt\/#\/schema\/person\/image\/\",\"url\":\"https:\/\/secure.gravatar.com\/avatar\/605b66aaba7800f944c8f15a1c6fa7dd?s=96&d=mm&r=g\",\"contentUrl\":\"https:\/\/secure.gravatar.com\/avatar\/605b66aaba7800f944c8f15a1c6fa7dd?s=96&d=mm&r=g\",\"caption\":\"Beatriz Botelho\"},\"url\":\"https:\/\/labcom.ubi.pt\/en\/author\/beatriz\/\"}]}<\/script>\n<!-- \/ Yoast SEO plugin. -->","yoast_head_json":{"title":"AGENDA DOS CIDAD\u00c3OS: JORNALISMO E PARTICIPA\u00c7\u00c3O C\u00cdVICA NOS MEDIA PORTUGUESES MEM\u00d3RIA DE UM PROJECTO - LabCom - Laborat\u00f3rio de Comunica\u00e7\u00e3o","robots":{"index":"index","follow":"follow","max-snippet":"max-snippet:-1","max-image-preview":"max-image-preview:large","max-video-preview":"max-video-preview:-1"},"canonical":"https:\/\/labcom.ubi.pt\/en\/agenda-dos-cidadaos-jornalismo-e-participacao-civica-nos-media-portugueses-memoria-de-um-projecto-2\/","og_locale":"en_US","og_type":"article","og_title":"AGENDA DOS CIDAD\u00c3OS: JORNALISMO E PARTICIPA\u00c7\u00c3O C\u00cdVICA NOS MEDIA PORTUGUESES MEM\u00d3RIA DE UM PROJECTO - LabCom - Laborat\u00f3rio de Comunica\u00e7\u00e3o","og_description":"O campo do jornalismo tem vindo a ser atravessado, nas \u00faltimas d\u00e9cadas, por reflex\u00f5es te\u00f3ricas e experi\u00eancias que visam melhorar o relacionamento entre os p\u00fablicos&hellip;","og_url":"https:\/\/labcom.ubi.pt\/en\/agenda-dos-cidadaos-jornalismo-e-participacao-civica-nos-media-portugueses-memoria-de-um-projecto-2\/","og_site_name":"LabCom - Laborat\u00f3rio de Comunica\u00e7\u00e3o","article_publisher":"https:\/\/www.facebook.com\/labcom.ubi.pt\/","article_published_time":"2014-07-02T13:01:00+00:00","article_modified_time":"2022-10-07T14:46:50+00:00","og_image":[{"width":300,"height":432,"url":"https:\/\/labcom.ubi.pt\/wp-content\/uploads\/2021\/07\/20150115-capa_small.jpeg","type":"image\/jpeg"}],"author":"Beatriz Botelho","twitter_card":"summary_large_image","twitter_misc":{"Written by":"Beatriz Botelho","Est. reading time":"2 minutes"},"schema":{"@context":"https:\/\/schema.org","@graph":[{"@type":"Article","@id":"https:\/\/labcom.ubi.pt\/agenda-dos-cidadaos-jornalismo-e-participacao-civica-nos-media-portugueses-memoria-de-um-projecto-2\/#article","isPartOf":{"@id":"https:\/\/labcom.ubi.pt\/agenda-dos-cidadaos-jornalismo-e-participacao-civica-nos-media-portugueses-memoria-de-um-projecto-2\/"},"author":{"name":"Beatriz Botelho","@id":"https:\/\/labcom.ubi.pt\/#\/schema\/person\/617550ce7f64e8a2ca3fdeb37ae2d25a"},"headline":"AGENDA DOS CIDAD\u00c3OS: JORNALISMO E PARTICIPA\u00c7\u00c3O C\u00cdVICA NOS MEDIA PORTUGUESES MEM\u00d3RIA DE UM PROJECTO","datePublished":"2014-07-02T13:01:00+00:00","dateModified":"2022-10-07T14:46:50+00:00","mainEntityOfPage":{"@id":"https:\/\/labcom.ubi.pt\/agenda-dos-cidadaos-jornalismo-e-participacao-civica-nos-media-portugueses-memoria-de-um-projecto-2\/"},"wordCount":336,"commentCount":0,"publisher":{"@id":"https:\/\/labcom.ubi.pt\/#organization"},"image":{"@id":"https:\/\/labcom.ubi.pt\/agenda-dos-cidadaos-jornalismo-e-participacao-civica-nos-media-portugueses-memoria-de-um-projecto-2\/#primaryimage"},"thumbnailUrl":"https:\/\/labcom.ubi.pt\/wp-content\/uploads\/2021\/07\/20150115-capa_small.jpeg","articleSection":["Livro Comunica\u00e7\u00e3o","Publica\u00e7\u00e3o"],"inLanguage":"en-US","potentialAction":[{"@type":"CommentAction","name":"Comment","target":["https:\/\/labcom.ubi.pt\/agenda-dos-cidadaos-jornalismo-e-participacao-civica-nos-media-portugueses-memoria-de-um-projecto-2\/#respond"]}]},{"@type":"WebPage","@id":"https:\/\/labcom.ubi.pt\/agenda-dos-cidadaos-jornalismo-e-participacao-civica-nos-media-portugueses-memoria-de-um-projecto-2\/","url":"https:\/\/labcom.ubi.pt\/agenda-dos-cidadaos-jornalismo-e-participacao-civica-nos-media-portugueses-memoria-de-um-projecto-2\/","name":"AGENDA DOS CIDAD\u00c3OS: JORNALISMO E PARTICIPA\u00c7\u00c3O C\u00cdVICA NOS MEDIA PORTUGUESES MEM\u00d3RIA DE UM PROJECTO - LabCom - Laborat\u00f3rio de Comunica\u00e7\u00e3o","isPartOf":{"@id":"https:\/\/labcom.ubi.pt\/#website"},"primaryImageOfPage":{"@id":"https:\/\/labcom.ubi.pt\/agenda-dos-cidadaos-jornalismo-e-participacao-civica-nos-media-portugueses-memoria-de-um-projecto-2\/#primaryimage"},"image":{"@id":"https:\/\/labcom.ubi.pt\/agenda-dos-cidadaos-jornalismo-e-participacao-civica-nos-media-portugueses-memoria-de-um-projecto-2\/#primaryimage"},"thumbnailUrl":"https:\/\/labcom.ubi.pt\/wp-content\/uploads\/2021\/07\/20150115-capa_small.jpeg","datePublished":"2014-07-02T13:01:00+00:00","dateModified":"2022-10-07T14:46:50+00:00","breadcrumb":{"@id":"https:\/\/labcom.ubi.pt\/agenda-dos-cidadaos-jornalismo-e-participacao-civica-nos-media-portugueses-memoria-de-um-projecto-2\/#breadcrumb"},"inLanguage":"en-US","potentialAction":[{"@type":"ReadAction","target":["https:\/\/labcom.ubi.pt\/agenda-dos-cidadaos-jornalismo-e-participacao-civica-nos-media-portugueses-memoria-de-um-projecto-2\/"]}]},{"@type":"ImageObject","inLanguage":"en-US","@id":"https:\/\/labcom.ubi.pt\/agenda-dos-cidadaos-jornalismo-e-participacao-civica-nos-media-portugueses-memoria-de-um-projecto-2\/#primaryimage","url":"https:\/\/labcom.ubi.pt\/wp-content\/uploads\/2021\/07\/20150115-capa_small.jpeg","contentUrl":"https:\/\/labcom.ubi.pt\/wp-content\/uploads\/2021\/07\/20150115-capa_small.jpeg","width":300,"height":432},{"@type":"BreadcrumbList","@id":"https:\/\/labcom.ubi.pt\/agenda-dos-cidadaos-jornalismo-e-participacao-civica-nos-media-portugueses-memoria-de-um-projecto-2\/#breadcrumb","itemListElement":[{"@type":"ListItem","position":1,"name":"In\u00edcio","item":"https:\/\/labcom.ubi.pt\/"},{"@type":"ListItem","position":2,"name":"AGENDA DOS CIDAD\u00c3OS: JORNALISMO E PARTICIPA\u00c7\u00c3O C\u00cdVICA NOS MEDIA PORTUGUESES MEM\u00d3RIA DE UM PROJECTO"}]},{"@type":"WebSite","@id":"https:\/\/labcom.ubi.pt\/#website","url":"https:\/\/labcom.ubi.pt\/","name":"LabCom - Laborat\u00f3rio de Comunica\u00e7\u00e3o","description":"Unidade de Investiga\u00e7\u00e3o Cient\u00edfica da Faculdade de Artes e Letras da Universidade da Beira Interior","publisher":{"@id":"https:\/\/labcom.ubi.pt\/#organization"},"potentialAction":[{"@type":"SearchAction","target":{"@type":"EntryPoint","urlTemplate":"https:\/\/labcom.ubi.pt\/?s={search_term_string}"},"query-input":"required name=search_term_string"}],"inLanguage":"en-US"},{"@type":"Organization","@id":"https:\/\/labcom.ubi.pt\/#organization","name":"LabCom - Comunica\u00e7\u00e3o e Artes","url":"https:\/\/labcom.ubi.pt\/","logo":{"@type":"ImageObject","inLanguage":"en-US","@id":"https:\/\/labcom.ubi.pt\/#\/schema\/logo\/image\/","url":"https:\/\/labcom.ubi.pt\/wp-content\/uploads\/2021\/05\/LabCom_logo-1.png","contentUrl":"https:\/\/labcom.ubi.pt\/wp-content\/uploads\/2021\/05\/LabCom_logo-1.png","width":1920,"height":573,"caption":"LabCom - Comunica\u00e7\u00e3o e Artes"},"image":{"@id":"https:\/\/labcom.ubi.pt\/#\/schema\/logo\/image\/"},"sameAs":["https:\/\/www.facebook.com\/labcom.ubi.pt\/","https:\/\/www.instagram.com\/labcom_ubi\/"]},{"@type":"Person","@id":"https:\/\/labcom.ubi.pt\/#\/schema\/person\/617550ce7f64e8a2ca3fdeb37ae2d25a","name":"Beatriz Botelho","image":{"@type":"ImageObject","inLanguage":"en-US","@id":"https:\/\/labcom.ubi.pt\/#\/schema\/person\/image\/","url":"https:\/\/secure.gravatar.com\/avatar\/605b66aaba7800f944c8f15a1c6fa7dd?s=96&d=mm&r=g","contentUrl":"https:\/\/secure.gravatar.com\/avatar\/605b66aaba7800f944c8f15a1c6fa7dd?s=96&d=mm&r=g","caption":"Beatriz Botelho"},"url":"https:\/\/labcom.ubi.pt\/en\/author\/beatriz\/"}]}},"_links":{"self":[{"href":"https:\/\/labcom.ubi.pt\/en\/wp-json\/wp\/v2\/posts\/10630","targetHints":{"allow":["GET"]}}],"collection":[{"href":"https:\/\/labcom.ubi.pt\/en\/wp-json\/wp\/v2\/posts"}],"about":[{"href":"https:\/\/labcom.ubi.pt\/en\/wp-json\/wp\/v2\/types\/post"}],"author":[{"embeddable":true,"href":"https:\/\/labcom.ubi.pt\/en\/wp-json\/wp\/v2\/users\/2"}],"replies":[{"embeddable":true,"href":"https:\/\/labcom.ubi.pt\/en\/wp-json\/wp\/v2\/comments?post=10630"}],"version-history":[{"count":0,"href":"https:\/\/labcom.ubi.pt\/en\/wp-json\/wp\/v2\/posts\/10630\/revisions"}],"wp:featuredmedia":[{"embeddable":true,"href":"https:\/\/labcom.ubi.pt\/en\/wp-json\/wp\/v2\/media\/10631"}],"wp:attachment":[{"href":"https:\/\/labcom.ubi.pt\/en\/wp-json\/wp\/v2\/media?parent=10630"}],"wp:term":[{"taxonomy":"category","embeddable":true,"href":"https:\/\/labcom.ubi.pt\/en\/wp-json\/wp\/v2\/categories?post=10630"},{"taxonomy":"post_tag","embeddable":true,"href":"https:\/\/labcom.ubi.pt\/en\/wp-json\/wp\/v2\/tags?post=10630"}],"curies":[{"name":"wp","href":"https:\/\/api.w.org\/{rel}","templated":true}]}}